{"id":3663,"date":"2015-09-30T18:48:26","date_gmt":"2015-09-30T16:48:26","guid":{"rendered":"http:\/\/adopcionpuntodeencuentro.com\/web\/?p=3663"},"modified":"2015-10-11T18:59:47","modified_gmt":"2015-10-11T16:59:47","slug":"adopcion-acogimiento-y-familias","status":"publish","type":"post","link":"https:\/\/adopcionpuntodeencuentro.com\/web\/adopcion-acogimiento-y-familias\/","title":{"rendered":"Adopci\u00f3n acogimiento y familias."},"content":{"rendered":"<h3><a href=\"http:\/\/adopcionpuntodeencuentro.com\/web\/wp-content\/uploads\/deseo-y.png\"><img loading=\"lazy\" decoding=\"async\" class=\"aligncenter size-full wp-image-3664\" src=\"http:\/\/adopcionpuntodeencuentro.com\/web\/wp-content\/uploads\/deseo-y.png\" alt=\"deseo y\" width=\"666\" height=\"304\" srcset=\"https:\/\/adopcionpuntodeencuentro.com\/web\/wp-content\/uploads\/deseo-y.png 666w, https:\/\/adopcionpuntodeencuentro.com\/web\/wp-content\/uploads\/deseo-y-150x68.png 150w, https:\/\/adopcionpuntodeencuentro.com\/web\/wp-content\/uploads\/deseo-y-300x137.png 300w, https:\/\/adopcionpuntodeencuentro.com\/web\/wp-content\/uploads\/deseo-y-600x274.png 600w\" sizes=\"(max-width: 666px) 100vw, 666px\" \/><\/a><\/h3>\n<h3><span style=\"color: #f50f44;\"><strong><a href=\"http:\/\/deseoyrazon.blogspot.com.es\/\">Deseo y Raz\u00f3n. por Juan Alonso Casalilla Gal\u00e1n<\/a><\/strong><\/span><\/h3>\n<h3 class=\"title\">Adopci\u00f3n y Acogimiento<\/h3>\n<div class=\"widget-content\">Un lugar de encuentro para profesionales y padres interesados en indagar sobre esta forma de convertirse en padres.<\/div>\n<div class=\"widget-content\">\n<p>&nbsp;<\/p>\n<p><strong>AUTOR:Juan Alonso Casalilla Gal\u00e1n<\/strong>\u00a0es Psic\u00f3logo.Especialista en Adopci\u00f3n.<\/p>\n<p>Autor del \u201c<strong>Manual para la valoraci\u00f3n de la idoneidad en adopci\u00f3n\u201d<\/strong>de la Comunidad de Madrid, de\u00a0<strong>\u201cEl reto de ser padres: gu\u00eda pr\u00e1ctica de postadopci\u00f3n\u201d<\/strong>, as\u00ed como de diversos art\u00edculos cient\u00edficos relacionados con la Adopci\u00f3n.<br \/>\nExperto en Protecci\u00f3n de Menores, es colaborador permanente en diferentes administraciones p\u00fablicas (auton\u00f3micas y centrales) para la Formaci\u00f3n de Profesionales que trabajan en Adopci\u00f3n y Acogimiento Familiar.<br \/>\nDesde 1987 ha realizado su actividad profesional en el \u00e1mbito de los menores protegidos. En la actualidad y desde hace veinte a\u00f1os desempe\u00f1a su labor profesional como psic\u00f3logo en distintas \u00e1reas del Instituto Madrile\u00f1o de la Familia y el Menor.<\/p>\n<\/div>\n<div class=\"widget-content\"><\/div>\n","protected":false},"excerpt":{"rendered":"<p>Un lugar de encuentro para profesionales y padres interesados en indagar sobre esta forma de convertirse en padres.<\/p>\n","protected":false},"author":1,"featured_media":0,"comment_status":"open","ping_status":"open","sticky":false,"template":"","format":"standard","meta":{"footnotes":""},"categories":[134],"tags":[],"_links":{"self":[{"href":"https:\/\/adopcionpuntodeencuentro.com\/web\/wp-json\/wp\/v2\/posts\/3663"}],"collection":[{"href":"https:\/\/adopcionpuntodeencuentro.com\/web\/wp-json\/wp\/v2\/posts"}],"about":[{"href":"https:\/\/adopcionpuntodeencuentro.com\/web\/wp-json\/wp\/v2\/types\/post"}],"author":[{"embeddable":true,"href":"https:\/\/adopcionpuntodeencuentro.com\/web\/wp-json\/wp\/v2\/users\/1"}],"replies":[{"embeddable":true,"href":"https:\/\/adopcionpuntodeencuentro.com\/web\/wp-json\/wp\/v2\/comments?post=3663"}],"version-history":[{"count":3,"href":"https:\/\/adopcionpuntodeencuentro.com\/web\/wp-json\/wp\/v2\/posts\/3663\/revisions"}],"predecessor-version":[{"id":3667,"href":"https:\/\/adopcionpuntodeencuentro.com\/web\/wp-json\/wp\/v2\/posts\/3663\/revisions\/3667"}],"wp:attachment":[{"href":"https:\/\/adopcionpuntodeencuentro.com\/web\/wp-json\/wp\/v2\/media?parent=3663"}],"wp:term":[{"taxonomy":"category","embeddable":true,"href":"https:\/\/adopcionpuntodeencuentro.com\/web\/wp-json\/wp\/v2\/categories?post=3663"},{"taxonomy":"post_tag","embeddable":true,"href":"https:\/\/adopcionpuntodeencuentro.com\/web\/wp-json\/wp\/v2\/tags?post=3663"}],"curies":[{"name":"wp","href":"https:\/\/api.w.org\/{rel}","templated":true}]}}