{"id":3753,"date":"2015-10-01T07:00:51","date_gmt":"2015-10-01T05:00:51","guid":{"rendered":"http:\/\/adopcionpuntodeencuentro.com\/web\/?p=3753"},"modified":"2016-03-18T19:44:55","modified_gmt":"2016-03-18T18:44:55","slug":"llar-asociacion-andaluza-de-ayuda-a-la-adopcion-y-a-la-infancia","status":"publish","type":"post","link":"https:\/\/adopcionpuntodeencuentro.com\/web\/llar-asociacion-andaluza-de-ayuda-a-la-adopcion-y-a-la-infancia\/","title":{"rendered":"LLAR, Asociaci\u00f3n Andaluza de Ayuda a la Adopci\u00f3n y a la Infancia."},"content":{"rendered":"<p><a href=\"http:\/\/adopcionpuntodeencuentro.com\/web\/wp-content\/uploads\/llar.png\"><img loading=\"lazy\" decoding=\"async\" class=\"aligncenter size-full wp-image-3758\" src=\"http:\/\/adopcionpuntodeencuentro.com\/web\/wp-content\/uploads\/llar.png\" alt=\"llar\" width=\"884\" height=\"277\" srcset=\"https:\/\/adopcionpuntodeencuentro.com\/web\/wp-content\/uploads\/llar.png 884w, https:\/\/adopcionpuntodeencuentro.com\/web\/wp-content\/uploads\/llar-150x47.png 150w, https:\/\/adopcionpuntodeencuentro.com\/web\/wp-content\/uploads\/llar-300x94.png 300w, https:\/\/adopcionpuntodeencuentro.com\/web\/wp-content\/uploads\/llar-600x188.png 600w\" sizes=\"(max-width: 884px) 100vw, 884px\" \/><\/a><\/p>\n<p><a href=\"http:\/\/www.asociacionllar.org\" target=\"_blank\">La Asociaci\u00f3n And<\/a><a href=\"http:\/\/www.asociacionllar.org\" target=\"_blank\">aluza de Ayuda a la Adopci\u00f3n y a la Infancia (LLAR) <\/a>se constituy\u00f3 en 1996 como asociaci\u00f3n sin \u00e1nimo de lucro para la protecci\u00f3n e integraci\u00f3n de los menores en nuestra sociedad. Est\u00e1 formada por personas sensibilizadas por la situaci\u00f3n de los menores susceptibles de adopci\u00f3n o acogimiento o ya adoptados o acogidos, as\u00ed como por la infancia en general.<\/p>\n<p>Su labor en estos a\u00f1os se ha dirigido principalmente al asesoramiento sobre los procesos legales de adopci\u00f3n y acogimiento, as\u00ed como a la informaci\u00f3n y formaci\u00f3n de los solicitantes de adopci\u00f3n nacional e internacional.<\/p>\n<p>Por su amplia experiencia, conocen de primera mano las necesidades \u00a0de los padres y las madres en cuanto a apoyo y acompa\u00f1amiento.\u00a0 La implicaciones de la adopci\u00f3n son muchas\u00a0 y es necesario formarse e informarse continuamente para atender adecuadamente a los ni\u00f1os y a las ni\u00f1as adoptados\/as.<\/p>\n<p>La preparaci\u00f3n continua de las familias es esencial. Los ni\u00f1os y ni\u00f1as necesitan personas que les transmitan seguridad y confianza, para ello las familias deben saber qu\u00e9 implican las historias de sus hijos\/as, c\u00f3mo establecer las vinculaciones afectivas, c\u00f3mo son las familias biol\u00f3gicas, c\u00f3mo integrar a los ni\u00f1os\/as en el \u00e1mbito social y escolar, c\u00f3mo interpretar sus conductas, qu\u00e9 problemas podemos encontrar, etc\u2026<\/p>\n<p>En la actualidad, organizan\u00a0<strong>sesiones grupales e individuales de orientaci\u00f3n y apoyo <u>para familias adoptivas<\/u><\/strong> y <strong><u>para familias en espera<\/u> de adopci\u00f3n<\/strong> (nacional e internacional).<\/p>\n<p>Tambi\u00e9n, realizan\u00a0<strong>actividades de informaci\u00f3n y sensibilizaci\u00f3n <u>para la comunidad educativa<\/u> <\/strong>(adopci\u00f3n y escuela), charlas, talleres y atenci\u00f3n individualizada dirigida al profesorado y a los equipos t\u00e9cnicos.<\/p>\n<p>Cualquier persona interesada en sus actividades y en la Asociaci\u00f3n puede ponerse en contacto a trav\u00e9s de los siguientes medios:<\/p>\n<p><strong>Telf.: 635511129<\/strong><\/p>\n<p>e-mail: <a href=\"mailto:info@asociacionllar.org\">info@asociacionllar.org<\/a>.<\/p>\n<p>En su p\u00e1gina web (<a href=\"http:\/\/www.asociacionllar.org\">www.asociacionllar.org<\/a>)\u00a0 puede consultarse informaci\u00f3n sobre \u00e9stas y otras actividades. Tambi\u00e9n est\u00e1n en Facebook: <a href=\"http:\/\/www.facebook.com\/asociacionLlar\">http:\/\/www.facebook.com\/asociacionLlar<\/a><\/p>\n","protected":false},"excerpt":{"rendered":"<p>Por su amplia experiencia, conocen de primera mano las necesidades  de los padres y las madres en cuanto a apoyo y acompa\u00f1amiento.  La implicaciones de la adopci\u00f3n son muchas  y es necesario formarse e informarse continuamente para atender adecuadamente a los ni\u00f1os y a las ni\u00f1as adoptados\/as.<\/p>\n","protected":false},"author":1,"featured_media":0,"comment_status":"open","ping_status":"open","sticky":false,"template":"","format":"standard","meta":{"footnotes":""},"categories":[188,98,134],"tags":[],"_links":{"self":[{"href":"https:\/\/adopcionpuntodeencuentro.com\/web\/wp-json\/wp\/v2\/posts\/3753"}],"collection":[{"href":"https:\/\/adopcionpuntodeencuentro.com\/web\/wp-json\/wp\/v2\/posts"}],"about":[{"href":"https:\/\/adopcionpuntodeencuentro.com\/web\/wp-json\/wp\/v2\/types\/post"}],"author":[{"embeddable":true,"href":"https:\/\/adopcionpuntodeencuentro.com\/web\/wp-json\/wp\/v2\/users\/1"}],"replies":[{"embeddable":true,"href":"https:\/\/adopcionpuntodeencuentro.com\/web\/wp-json\/wp\/v2\/comments?post=3753"}],"version-history":[{"count":3,"href":"https:\/\/adopcionpuntodeencuentro.com\/web\/wp-json\/wp\/v2\/posts\/3753\/revisions"}],"predecessor-version":[{"id":3760,"href":"https:\/\/adopcionpuntodeencuentro.com\/web\/wp-json\/wp\/v2\/posts\/3753\/revisions\/3760"}],"wp:attachment":[{"href":"https:\/\/adopcionpuntodeencuentro.com\/web\/wp-json\/wp\/v2\/media?parent=3753"}],"wp:term":[{"taxonomy":"category","embeddable":true,"href":"https:\/\/adopcionpuntodeencuentro.com\/web\/wp-json\/wp\/v2\/categories?post=3753"},{"taxonomy":"post_tag","embeddable":true,"href":"https:\/\/adopcionpuntodeencuentro.com\/web\/wp-json\/wp\/v2\/tags?post=3753"}],"curies":[{"name":"wp","href":"https:\/\/api.w.org\/{rel}","templated":true}]}}