{"id":3852,"date":"2015-11-09T12:07:44","date_gmt":"2015-11-09T11:07:44","guid":{"rendered":"http:\/\/adopcionpuntodeencuentro.com\/web\/?p=3852"},"modified":"2015-11-09T14:11:23","modified_gmt":"2015-11-09T13:11:23","slug":"afadena","status":"publish","type":"post","link":"https:\/\/adopcionpuntodeencuentro.com\/web\/afadena\/","title":{"rendered":"AFADENA"},"content":{"rendered":"<h1 class=\"cs-small-title cs-element cs-animate\"><span style=\"color: #eb0e49;\"><strong>ASOCIACI\u00d3N DE FAMILIAS ADOPTIVAS DE NAVARRA\u00a0<\/strong><\/span><\/h1>\n<p><a href=\"http:\/\/adopcionpuntodeencuentro.com\/web\/wp-content\/uploads\/afadena-portada.png\"><img loading=\"lazy\" decoding=\"async\" class=\"aligncenter wp-image-3854\" src=\"http:\/\/adopcionpuntodeencuentro.com\/web\/wp-content\/uploads\/afadena-portada-600x279.png\" alt=\"afadena portada\" width=\"750\" height=\"349\" srcset=\"https:\/\/adopcionpuntodeencuentro.com\/web\/wp-content\/uploads\/afadena-portada-600x279.png 600w, https:\/\/adopcionpuntodeencuentro.com\/web\/wp-content\/uploads\/afadena-portada-150x70.png 150w, https:\/\/adopcionpuntodeencuentro.com\/web\/wp-content\/uploads\/afadena-portada-300x140.png 300w, https:\/\/adopcionpuntodeencuentro.com\/web\/wp-content\/uploads\/afadena-portada.png 1322w\" sizes=\"(max-width: 750px) 100vw, 750px\" \/><\/a><\/p>\n<h2 class=\"cs-title cs-element cs-animate\"><a href=\"http:\/\/adopcionpuntodeencuentro.com\/web\/wp-content\/uploads\/Sin-t\u00edtulo1.png\"><img loading=\"lazy\" decoding=\"async\" class=\" wp-image-3853 size-full alignleft\" src=\"http:\/\/adopcionpuntodeencuentro.com\/web\/wp-content\/uploads\/Sin-t\u00edtulo1.png\" alt=\"Sin t\u00edtulo\" width=\"364\" height=\"207\" srcset=\"https:\/\/adopcionpuntodeencuentro.com\/web\/wp-content\/uploads\/Sin-t\u00edtulo1.png 364w, https:\/\/adopcionpuntodeencuentro.com\/web\/wp-content\/uploads\/Sin-t\u00edtulo1-150x85.png 150w, https:\/\/adopcionpuntodeencuentro.com\/web\/wp-content\/uploads\/Sin-t\u00edtulo1-300x171.png 300w\" sizes=\"(max-width: 364px) 100vw, 364px\" \/><\/a><a href=\"http:\/\/www.afadena.es\/\" target=\"_blank\">Afadena<\/a> es una asociaci\u00f3n independiente, que trabaja para velar por los derechos y libertades de las familias adoptivas y sus hijos<\/h2>\n<p>Desde Afadena trabajan para dar a conocer al conjunto de la sociedad qu\u00e9 significa y qu\u00e9 implicaciones tienen los procesos adoptivos, en todas su etapas, antes, durante la adopci\u00f3n y , fundamentalmente, en el periodo postadoptivo.<\/p>\n<p>Les interesa difundir la visi\u00f3n correcta del mundo adoptivo y eliminar los estigmas o concepciones err\u00f3neas que puedan existir entorno a todo el proceso adoptivo.<\/p>\n<p>Para ello organizan diferentes tipos de actividades y\/o eventos, siempre con car\u00e1cter p\u00fablico y de acceso gratuito.<\/p>\n<ul>\n<li>Charlas<\/li>\n<li>Jornadas<\/li>\n<li>Congresos<\/li>\n<li>Presentaci\u00f3n de libros o pel\u00edculas sobre adopci\u00f3n<\/li>\n<\/ul>\n<p>En todos los eventos participan profesionales del mundo de la adopci\u00f3n, con una experiencia dilatada en el acompa\u00f1amiento profesional a las familias.<\/p>\n<p>Los medios de comunicaci\u00f3n locales \u00a0ayudan en esta labor de difusi\u00f3n, publicando y dado visibilidad a los mensajes m\u00e1s importantes que intentan trasladar en cada evento.<br \/>\n<strong>Email: <span style=\"color: #eb0e49;\">afadena@afadena.es<\/span><\/strong><\/p>\n","protected":false},"excerpt":{"rendered":"<p>Estrena nueva imagen.<br \/>\nAFADENA es una asociaci\u00f3n independiente, que trabaja para velar por los derechos y libertades de las familias adoptivas y sus hijos<\/p>\n","protected":false},"author":1,"featured_media":3853,"comment_status":"open","ping_status":"open","sticky":false,"template":"","format":"standard","meta":{"footnotes":""},"categories":[134],"tags":[],"_links":{"self":[{"href":"https:\/\/adopcionpuntodeencuentro.com\/web\/wp-json\/wp\/v2\/posts\/3852"}],"collection":[{"href":"https:\/\/adopcionpuntodeencuentro.com\/web\/wp-json\/wp\/v2\/posts"}],"about":[{"href":"https:\/\/adopcionpuntodeencuentro.com\/web\/wp-json\/wp\/v2\/types\/post"}],"author":[{"embeddable":true,"href":"https:\/\/adopcionpuntodeencuentro.com\/web\/wp-json\/wp\/v2\/users\/1"}],"replies":[{"embeddable":true,"href":"https:\/\/adopcionpuntodeencuentro.com\/web\/wp-json\/wp\/v2\/comments?post=3852"}],"version-history":[{"count":5,"href":"https:\/\/adopcionpuntodeencuentro.com\/web\/wp-json\/wp\/v2\/posts\/3852\/revisions"}],"predecessor-version":[{"id":3877,"href":"https:\/\/adopcionpuntodeencuentro.com\/web\/wp-json\/wp\/v2\/posts\/3852\/revisions\/3877"}],"wp:featuredmedia":[{"embeddable":true,"href":"https:\/\/adopcionpuntodeencuentro.com\/web\/wp-json\/wp\/v2\/media\/3853"}],"wp:attachment":[{"href":"https:\/\/adopcionpuntodeencuentro.com\/web\/wp-json\/wp\/v2\/media?parent=3852"}],"wp:term":[{"taxonomy":"category","embeddable":true,"href":"https:\/\/adopcionpuntodeencuentro.com\/web\/wp-json\/wp\/v2\/categories?post=3852"},{"taxonomy":"post_tag","embeddable":true,"href":"https:\/\/adopcionpuntodeencuentro.com\/web\/wp-json\/wp\/v2\/tags?post=3852"}],"curies":[{"name":"wp","href":"https:\/\/api.w.org\/{rel}","templated":true}]}}