{"id":3858,"date":"2015-11-09T14:00:09","date_gmt":"2015-11-09T13:00:09","guid":{"rendered":"http:\/\/adopcionpuntodeencuentro.com\/web\/?p=3858"},"modified":"2015-12-07T10:20:22","modified_gmt":"2015-12-07T09:20:22","slug":"el-universo-adoptivo-no-estamos-solos","status":"publish","type":"post","link":"https:\/\/adopcionpuntodeencuentro.com\/web\/el-universo-adoptivo-no-estamos-solos\/","title":{"rendered":"El universo adoptivo. No estamos solos."},"content":{"rendered":"<p><a href=\"http:\/\/adopcionpuntodeencuentro.com\/web\/wp-content\/uploads\/portada-peri\u00f3dicoshadow.jpg\"><img loading=\"lazy\" decoding=\"async\" class=\"alignleft wp-image-3866\" src=\"http:\/\/adopcionpuntodeencuentro.com\/web\/wp-content\/uploads\/portada-peri\u00f3dicoshadow.jpg\" alt=\"portada peri\u00f3dicoshadow\" width=\"350\" height=\"432\" srcset=\"https:\/\/adopcionpuntodeencuentro.com\/web\/wp-content\/uploads\/portada-peri\u00f3dicoshadow.jpg 740w, https:\/\/adopcionpuntodeencuentro.com\/web\/wp-content\/uploads\/portada-peri\u00f3dicoshadow-122x150.jpg 122w, https:\/\/adopcionpuntodeencuentro.com\/web\/wp-content\/uploads\/portada-peri\u00f3dicoshadow-243x300.jpg 243w, https:\/\/adopcionpuntodeencuentro.com\/web\/wp-content\/uploads\/portada-peri\u00f3dicoshadow-486x600.jpg 486w\" sizes=\"(max-width: 350px) 100vw, 350px\" \/><\/a>Desde que sali\u00f3 editado el libro Mariposas en el coraz\u00f3n, no se ha parado de hablar de \u00e9l. Tras la publicaci\u00f3n este domingo, tanto en digital como en papel del art\u00edculo titulado \u201cUn embarazo que se gesta en el coraz\u00f3n\u201d, del peri\u00f3dico <strong><a href=\"http:\/\/www.granadahoy.com\/article\/granada\/2150111\/embarazo\/se\/gesta\/corazon.html\" target=\"_blank\">Granada Hoy<\/a><\/strong>. Tambi\u00e9n aparece en las <strong>alertas de Google sobre adopci\u00f3n internacional. <\/strong>Esta\u00a0es una buena noticia para el mundo de la adopci\u00f3n, porque eso significa que ser\u00e1n muchas las personas que lo lean, que al menos sepan de ello y empiecen a escuchar cosas distintas sobre el universo adoptivo al que hasta ahora s\u00f3lo parec\u00edamos pertenecer las familias con hijos adoptados y algunos de los profesionales que han apostado fuerte y han invertido su tiempo y sus investigaciones a entender y a ayudar a esta galaxia que parec\u00eda ser un rec\u00f3ndito lugar rodeados de una nube de part\u00edculas oscuras a donde pocos se asomaban.<\/p>\n<p>Los padres y madres adoptivos no somos extraterrestres, pero tenemos muchas veces que ayudar a nuestros hijos a sanar heridas, a restablecer recuerdos dolorosos y a reconstruir biograf\u00edas que pueden asemejarse a agujeros negros a los que tenemos que otorgar brillo y luz porque todos necesitamos un pasado que no sea sombr\u00edo. Poco a poco cada estrella, cada meteorito y cada chatarra espacial ir\u00e1n perdiendo ese halo difuminado que nos toca abrillantar para nuestros peque\u00f1os, e ir\u00e1n tomando su propia dimensi\u00f3n y su realidad a medida que nuestros hijos \u00a0vayan creciendo, vayan siendo capaces de asumir su historia.<\/p>\n<p><a href=\"http:\/\/adopcionpuntodeencuentro.com\/web\/wp-content\/uploads\/peri\u00f3dicopagina-centralsyhadow.jpg\"><img loading=\"lazy\" decoding=\"async\" class=\"aligncenter wp-image-3868\" src=\"http:\/\/adopcionpuntodeencuentro.com\/web\/wp-content\/uploads\/peri\u00f3dicopagina-centralsyhadow-600x395.jpg\" alt=\"peri\u00f3dicopagina centralsyhadow\" width=\"700\" height=\"461\" srcset=\"https:\/\/adopcionpuntodeencuentro.com\/web\/wp-content\/uploads\/peri\u00f3dicopagina-centralsyhadow-600x395.jpg 600w, https:\/\/adopcionpuntodeencuentro.com\/web\/wp-content\/uploads\/peri\u00f3dicopagina-centralsyhadow-150x99.jpg 150w, https:\/\/adopcionpuntodeencuentro.com\/web\/wp-content\/uploads\/peri\u00f3dicopagina-centralsyhadow-300x198.jpg 300w, https:\/\/adopcionpuntodeencuentro.com\/web\/wp-content\/uploads\/peri\u00f3dicopagina-centralsyhadow.jpg 1670w\" sizes=\"(max-width: 700px) 100vw, 700px\" \/><\/a><\/p>\n<p>Con el tiempo y mucho tacto cada elemento compone su espacio y el puzzle, con suerte acaba por completarse, y todo eso se viene haciendo con m\u00e1s o menos preparaci\u00f3n, con m\u00e1s o menos acierto desde que la adopci\u00f3n se normaliza en nuestro pa\u00eds. Pero nada est\u00e1 acabado ni conseguido. Todos somos parte de ese universo, las familias, los familiares y amigos de esas familias, los educadores, las escuelas e institutos, los profesionales, los que curan el cuerpo y tambi\u00e9n los que se encargan del esp\u00edritu y la psique.<\/p>\n<p>Por eso\u00a0es importante que no se deje de hablar de este libro, debemos alegrarnos todos que salga una nota de prensa, un art\u00edculo, una rese\u00f1a&#8230; porque sea noticia. Felicitarnos de encontrar su portada en\u00a0las redes y los espacios digitales, porque as\u00ed sabremos que se est\u00e1 trasmitiendo informaci\u00f3n que puede servir de llave para abrir ese tan herm\u00e9tico mundo de la adopci\u00f3n y entre todos seamos capaces de\u00a0construir uno m\u00e1s abierto y mejor. Por nuestros hijos y tambi\u00e9n por las madres y padres.<br \/>\nEn este universo <strong>\u201cNo estamos solos\u201d.<\/strong><\/p>\n<p><span style=\"color: #f20a29;\"><strong><a style=\"color: #f20a29;\" href=\"http:\/\/Granada%20Hoy.\" target=\"_blank\">\u00abUn embarazo que se gesta en el coraz\u00f3n\u00bbGranada Hoy<\/a><\/strong><\/span>.<\/p>\n","protected":false},"excerpt":{"rendered":"<p>Desde que sali\u00f3 editado el libro \u00abMariposas en el coraz\u00f3n\u00bb, es noticia y eso es importante, que no se deje de hablar de este libro. Debemos alegrarnos todos de que salga una nota de prensa, un art\u00edculo, una rese\u00f1a&#8230;  Felicitarnos de encontrar su portada en las redes y los espacios digitales, porque as\u00ed sabremos que se est\u00e1 trasmitiendo informaci\u00f3n que puede servir de llave para abrir ese tan herm\u00e9tico mundo de la adopci\u00f3n y entre todos podamos construir uno m\u00e1s abierto y mejor.<\/p>\n","protected":false},"author":1,"featured_media":3871,"comment_status":"open","ping_status":"open","sticky":false,"template":"","format":"standard","meta":{"footnotes":""},"categories":[102,228,33,4,1],"tags":[27,45,49,55,32,223,15],"_links":{"self":[{"href":"https:\/\/adopcionpuntodeencuentro.com\/web\/wp-json\/wp\/v2\/posts\/3858"}],"collection":[{"href":"https:\/\/adopcionpuntodeencuentro.com\/web\/wp-json\/wp\/v2\/posts"}],"about":[{"href":"https:\/\/adopcionpuntodeencuentro.com\/web\/wp-json\/wp\/v2\/types\/post"}],"author":[{"embeddable":true,"href":"https:\/\/adopcionpuntodeencuentro.com\/web\/wp-json\/wp\/v2\/users\/1"}],"replies":[{"embeddable":true,"href":"https:\/\/adopcionpuntodeencuentro.com\/web\/wp-json\/wp\/v2\/comments?post=3858"}],"version-history":[{"count":11,"href":"https:\/\/adopcionpuntodeencuentro.com\/web\/wp-json\/wp\/v2\/posts\/3858\/revisions"}],"predecessor-version":[{"id":3875,"href":"https:\/\/adopcionpuntodeencuentro.com\/web\/wp-json\/wp\/v2\/posts\/3858\/revisions\/3875"}],"wp:featuredmedia":[{"embeddable":true,"href":"https:\/\/adopcionpuntodeencuentro.com\/web\/wp-json\/wp\/v2\/media\/3871"}],"wp:attachment":[{"href":"https:\/\/adopcionpuntodeencuentro.com\/web\/wp-json\/wp\/v2\/media?parent=3858"}],"wp:term":[{"taxonomy":"category","embeddable":true,"href":"https:\/\/adopcionpuntodeencuentro.com\/web\/wp-json\/wp\/v2\/categories?post=3858"},{"taxonomy":"post_tag","embeddable":true,"href":"https:\/\/adopcionpuntodeencuentro.com\/web\/wp-json\/wp\/v2\/tags?post=3858"}],"curies":[{"name":"wp","href":"https:\/\/api.w.org\/{rel}","templated":true}]}}