{"id":4011,"date":"2016-10-25T09:30:15","date_gmt":"2016-10-25T07:30:15","guid":{"rendered":"http:\/\/adopcionpuntodeencuentro.com\/web\/?p=4011"},"modified":"2018-02-22T11:17:19","modified_gmt":"2018-02-22T10:17:19","slug":"el-nino-apoyado-en-la-puerta-pilar-gonzalez","status":"publish","type":"post","link":"https:\/\/adopcionpuntodeencuentro.com\/web\/el-nino-apoyado-en-la-puerta-pilar-gonzalez\/","title":{"rendered":"EL NI\u00d1O APOYADO EN LA PUERTA. PILAR GONZ\u00c1LEZ"},"content":{"rendered":"<p><a href=\"http:\/\/adopcionpuntodeencuentro.com\/web\/wp-content\/uploads\/mariposas-en-blanco-y-negrorojo.jpg\"><img loading=\"lazy\" decoding=\"async\" class=\"alignleft wp-image-4020\" src=\"http:\/\/adopcionpuntodeencuentro.com\/web\/wp-content\/uploads\/mariposas-en-blanco-y-negrorojo.jpg\" alt=\"mariposas en blanco y negrorojo\" width=\"359\" height=\"433\" srcset=\"https:\/\/adopcionpuntodeencuentro.com\/web\/wp-content\/uploads\/mariposas-en-blanco-y-negrorojo.jpg 882w, https:\/\/adopcionpuntodeencuentro.com\/web\/wp-content\/uploads\/mariposas-en-blanco-y-negrorojo-124x150.jpg 124w, https:\/\/adopcionpuntodeencuentro.com\/web\/wp-content\/uploads\/mariposas-en-blanco-y-negrorojo-248x300.jpg 248w, https:\/\/adopcionpuntodeencuentro.com\/web\/wp-content\/uploads\/mariposas-en-blanco-y-negrorojo-496x600.jpg 496w\" sizes=\"(max-width: 359px) 100vw, 359px\" \/><\/a>Reflexionando sobre el tema de la edad, decid\u00ed buscar informaci\u00f3n sobre la adopci\u00f3n de ni\u00f1os mayores. Aqu\u00ed se abre otro mundo que a m\u00ed me atrap\u00f3 por completo. Y es que en los orfanatos de todos los pa\u00edses, los ni\u00f1os y ni\u00f1as mayores observan c\u00f3mo se van llevando a todos los peque\u00f1os, mientras ellos ven pasar su vida dentro de la instituci\u00f3n.<\/p>\n<p>Inmediatamente empatic\u00e9 con todos estos menores. Me part\u00eda el alma imaginar sus sentimientos. Y r\u00e1pidamente me ven\u00eda ese impulso de \u201clos quiero todos para m\u00ed\u201d.<\/p>\n<p>Era el mismo impulso que sent\u00eda cuando era peque\u00f1a: quer\u00eda proteger a otros ni\u00f1os. Pero ahora ya no era una ni\u00f1a, era una adulta, con el mismo sentimiento de protecci\u00f3n. Sin embargo, ayudar y proteger a la infancia no es tan f\u00e1cil como parece.<\/p>\n<p>&nbsp;<\/p>\n<p><a href=\"http:\/\/adopcionpuntodeencuentro.com\/web\/wp-content\/uploads\/f4rase-pilar2.jpg\"><img loading=\"lazy\" decoding=\"async\" class=\"alignleft wp-image-4027\" src=\"http:\/\/adopcionpuntodeencuentro.com\/web\/wp-content\/uploads\/f4rase-pilar2.jpg\" alt=\"f4rase pilar2\" width=\"350\" height=\"452\" srcset=\"https:\/\/adopcionpuntodeencuentro.com\/web\/wp-content\/uploads\/f4rase-pilar2.jpg 573w, https:\/\/adopcionpuntodeencuentro.com\/web\/wp-content\/uploads\/f4rase-pilar2-116x150.jpg 116w, https:\/\/adopcionpuntodeencuentro.com\/web\/wp-content\/uploads\/f4rase-pilar2-232x300.jpg 232w, https:\/\/adopcionpuntodeencuentro.com\/web\/wp-content\/uploads\/f4rase-pilar2-465x600.jpg 465w\" sizes=\"(max-width: 350px) 100vw, 350px\" \/><\/a>Todos estos pensamientos me provocaban una angustia vital, por lo que lo rechazaba pensando que ya tendr\u00eda tiempo de preocuparme de la edad del menor y me asignaran llegado el momento. Aunque esto no era tan simple.<\/p>\n<p>En casa de unos amigos pude ver el v\u00eddeo de cuando recogieron al primero de sus hijos en el orfanato. Una imagen qued\u00f3 grabada en mi mente: un ni\u00f1o de unos seis a\u00f1os, apoyando el hombro en el marco de una puerta, mientras miraba a las familias que recog\u00edan a sus hijos, bastante m\u00e1s peque\u00f1os que \u00e9l. Su gesto expresaba tanta tristeza que aun hoy puedo verlo con claridad. Una imagen que nunca deber\u00eda producirse. Ning\u00fan ni\u00f1o en el mundo deber\u00eda estar sin una familia mientras haya alguien que pueda ocuparse de ellos. Pero todos sabemos que el mundo no es precisamente justo.<\/p>\n<p>&nbsp;<\/p>\n<p><img loading=\"lazy\" decoding=\"async\" class=\"alignleft wp-image-1677\" src=\"http:\/\/adopcionpuntodeencuentro.com\/web\/wp-content\/uploads\/gracias.jpg\" alt=\"gracias\" width=\"111\" height=\"151\" srcset=\"https:\/\/adopcionpuntodeencuentro.com\/web\/wp-content\/uploads\/gracias.jpg 307w, https:\/\/adopcionpuntodeencuentro.com\/web\/wp-content\/uploads\/gracias-110x150.jpg 110w, https:\/\/adopcionpuntodeencuentro.com\/web\/wp-content\/uploads\/gracias-221x300.jpg 221w\" sizes=\"(max-width: 111px) 100vw, 111px\" \/><\/p>\n<p>Del libro<a href=\"https:\/\/mariposasenelcorazonlibro.com\/\" target=\"_blank\" rel=\"noopener\"><strong> Mariposas en el coraz\u00f3n. La adopci\u00f3n desde dentro<\/strong><\/a>\u00a0(<a href=\"http:\/\/elhiloediciones.com\/\" target=\"_blank\" rel=\"noopener\"> El Hilo Ediciones<\/a>) extracto del cap\u00edtulo <strong>\u00abTu y yo: tan diferentes, tan iguales&#8230;\u00bb<\/strong> escrito por\u00a0<strong>Pilar Gonz\u00e1lez Moreno,<\/strong><\/p>\n<p>Pilar es,\u00a0 la orgullosa madre de una ni\u00f1a de 10 a\u00f1os y \u00a0de origen chino que ha puesto su vida patas arriba llen\u00e1ndola de amor y sonrisas.<\/p>\n<p><a href=\"http:\/\/adopcionpuntodeencuentro.com\/web\/wp-content\/uploads\/IMG_4334resize.jpg\"><img loading=\"lazy\" decoding=\"async\" class=\"alignleft wp-image-4014\" src=\"http:\/\/adopcionpuntodeencuentro.com\/web\/wp-content\/uploads\/IMG_4334resize-300x265.jpg\" alt=\"IMG_4334resize\" width=\"200\" height=\"177\" srcset=\"https:\/\/adopcionpuntodeencuentro.com\/web\/wp-content\/uploads\/IMG_4334resize-300x265.jpg 300w, https:\/\/adopcionpuntodeencuentro.com\/web\/wp-content\/uploads\/IMG_4334resize-150x132.jpg 150w, https:\/\/adopcionpuntodeencuentro.com\/web\/wp-content\/uploads\/IMG_4334resize-600x530.jpg 600w, https:\/\/adopcionpuntodeencuentro.com\/web\/wp-content\/uploads\/IMG_4334resize.jpg 1750w\" sizes=\"(max-width: 200px) 100vw, 200px\" \/><\/a><strong>Pilar Gonz\u00e1lez Moreno<\/strong>\u00a0ha dedicado su vida desde los 19 a\u00f1os a la Educaci\u00f3n Infantil. La educaci\u00f3n de los m\u00e1s peque\u00f1os ha sido siempre su gran pasi\u00f3n. Se diplom\u00f3 en Magisterio y posteriormente le licenci\u00f3 en Psicopedagog\u00eda con el \u00fanico prop\u00f3sito de ser mejor maestra.<\/p>\n<p>Comenz\u00f3 su carrera profesional en el barrio de la Chana de Granada y actualmente acaba de cumplir 23 a\u00f1os como maestra en la zona norte de esta\u00a0capital, en un centro de Educaci\u00f3n Infantil y Primaria que atiende a las familias m\u00e1s desfavorecidas del barrio de Almanjayar. Participa en diversos grupos de innovaci\u00f3n pedag\u00f3gica, defendiendo el principio de equidad y la cooperaci\u00f3n como medios fundamentales en la pr\u00e1ctica docente\u00a0 para superar las desigualdades y atender a la diversidad.<\/p>\n<div class='divider' > <\/div>\n<h2><a href=\"https:\/\/mariposasenelcorazonlibro.com\/contacto\/\"><img loading=\"lazy\" decoding=\"async\" class=\"alignleft wp-image-8856\" src=\"http:\/\/adopcionpuntodeencuentro.com\/web\/wp-content\/uploads\/boton-compra-relieve.jpg\" alt=\"\" width=\"145\" height=\"269\" srcset=\"https:\/\/adopcionpuntodeencuentro.com\/web\/wp-content\/uploads\/boton-compra-relieve.jpg 333w, https:\/\/adopcionpuntodeencuentro.com\/web\/wp-content\/uploads\/boton-compra-relieve-81x150.jpg 81w, https:\/\/adopcionpuntodeencuentro.com\/web\/wp-content\/uploads\/boton-compra-relieve-242x450.jpg 242w\" sizes=\"(max-width: 145px) 100vw, 145px\" \/><\/a><\/h2>\n","protected":false},"excerpt":{"rendered":"<p>\u00abReflexionando sobre el tema de la edad, decid\u00ed buscar informaci\u00f3n sobre la adopci\u00f3n de ni\u00f1os mayores. Aqu\u00ed se abre otro mundo que a m\u00ed me atrap\u00f3 por completo. Y es que en los orfanatos de todos los pa\u00edses, los ni\u00f1os y ni\u00f1as mayores observan c\u00f3mo se van llevando a todos los peque\u00f1os, mientras ellos ven pasar su vida dentro de la instituci\u00f3n.\u00bb<\/p>\n","protected":false},"author":1,"featured_media":8857,"comment_status":"open","ping_status":"open","sticky":false,"template":"","format":"standard","meta":{"footnotes":""},"categories":[269,228,135],"tags":[64,27,45,49,230,72,63,32],"_links":{"self":[{"href":"https:\/\/adopcionpuntodeencuentro.com\/web\/wp-json\/wp\/v2\/posts\/4011"}],"collection":[{"href":"https:\/\/adopcionpuntodeencuentro.com\/web\/wp-json\/wp\/v2\/posts"}],"about":[{"href":"https:\/\/adopcionpuntodeencuentro.com\/web\/wp-json\/wp\/v2\/types\/post"}],"author":[{"embeddable":true,"href":"https:\/\/adopcionpuntodeencuentro.com\/web\/wp-json\/wp\/v2\/users\/1"}],"replies":[{"embeddable":true,"href":"https:\/\/adopcionpuntodeencuentro.com\/web\/wp-json\/wp\/v2\/comments?post=4011"}],"version-history":[{"count":26,"href":"https:\/\/adopcionpuntodeencuentro.com\/web\/wp-json\/wp\/v2\/posts\/4011\/revisions"}],"predecessor-version":[{"id":8858,"href":"https:\/\/adopcionpuntodeencuentro.com\/web\/wp-json\/wp\/v2\/posts\/4011\/revisions\/8858"}],"wp:featuredmedia":[{"embeddable":true,"href":"https:\/\/adopcionpuntodeencuentro.com\/web\/wp-json\/wp\/v2\/media\/8857"}],"wp:attachment":[{"href":"https:\/\/adopcionpuntodeencuentro.com\/web\/wp-json\/wp\/v2\/media?parent=4011"}],"wp:term":[{"taxonomy":"category","embeddable":true,"href":"https:\/\/adopcionpuntodeencuentro.com\/web\/wp-json\/wp\/v2\/categories?post=4011"},{"taxonomy":"post_tag","embeddable":true,"href":"https:\/\/adopcionpuntodeencuentro.com\/web\/wp-json\/wp\/v2\/tags?post=4011"}],"curies":[{"name":"wp","href":"https:\/\/api.w.org\/{rel}","templated":true}]}}