{"id":4062,"date":"2015-11-23T09:50:11","date_gmt":"2015-11-23T08:50:11","guid":{"rendered":"http:\/\/adopcionpuntodeencuentro.com\/web\/?p=4062"},"modified":"2015-11-23T11:56:26","modified_gmt":"2015-11-23T10:56:26","slug":"coincidiendo-en-el-tiempo-y-en-el-espacio","status":"publish","type":"post","link":"https:\/\/adopcionpuntodeencuentro.com\/web\/coincidiendo-en-el-tiempo-y-en-el-espacio\/","title":{"rendered":"Coincidiendo en el tiempo y en el espacio."},"content":{"rendered":"<p><a href=\"http:\/\/adopcionpuntodeencuentro.com\/web\/wp-content\/uploads\/estreno-o1.jpg\"><img loading=\"lazy\" decoding=\"async\" class=\"alignleft wp-image-4064\" src=\"http:\/\/adopcionpuntodeencuentro.com\/web\/wp-content\/uploads\/estreno-o1.jpg\" alt=\"estreno o1\" width=\"380\" height=\"253\" srcset=\"https:\/\/adopcionpuntodeencuentro.com\/web\/wp-content\/uploads\/estreno-o1.jpg 2544w, https:\/\/adopcionpuntodeencuentro.com\/web\/wp-content\/uploads\/estreno-o1-150x100.jpg 150w, https:\/\/adopcionpuntodeencuentro.com\/web\/wp-content\/uploads\/estreno-o1-300x200.jpg 300w, https:\/\/adopcionpuntodeencuentro.com\/web\/wp-content\/uploads\/estreno-o1-600x400.jpg 600w\" sizes=\"(max-width: 380px) 100vw, 380px\" \/><\/a>Pudimos al fin asistir al estreno en Granada de \u201cLa Adopci\u00f3n\u201d y no s\u00e9 que me ilusionaba m\u00e1s si verla con mis compa\u00f1eras de \u201cMariposas en el coraz\u00f3n\u201d (pese a que faltaba nuestra luchadora Inma\u00a0 Morales, en tratamiento de quimioterapia) si conocer a Daniela Fejerman, de la que ten\u00eda noticias que tambi\u00e9n ten\u00eda ganas de conocernos a nosotras, o del encuentro que tendr\u00edamos despu\u00e9s del pase con las personas que asistir\u00edan.<\/p>\n<p>Conocer a Daniela Fejerman y como saludo fundirnos en un abrazo fue un momento tan espont\u00e1neo e intenso\u00a0 como todo lo que suceder\u00eda despu\u00e9s.<\/p>\n<p>La \u00a0pel\u00edcula es emocionante, pero para nada pla\u00f1idera. Aunque las l\u00e1grimas corr\u00edan sin remedio por cada una de las cuatro \u201cmariposas\u201d (como me gusta llamarnos) que nos sentamos juntas para ver la pel\u00edcula. Es desde \u00a0principio a fin una historia de suspense, de intriga, de superaci\u00f3n. Una historia que relata fielmente como una pareja ha de superar los obst\u00e1culos que quienes hemos pasado por procesos de adopci\u00f3n tuvimos que enfrentar a 7000 kil\u00f3metros de casa habiendo dejado en suspenso nuestra vida, trabajo, familia, para conseguir el sue\u00f1o largamente perseguido de convertirnos en padres. Daniela Fejerman dirige admirablemente una historia que conoce bien \u00a0y que sabe plasmar en un trabajo impecable y envolvente pese al fr\u00edo de los escenarios y de las situaciones, tras su c\u00e1mara cuenta\u00a0una\u00a0historia desde el profundo conocimiento, ya que adopt\u00f3 en Ucrania. La pel\u00edcula fue rodada en Lituania, ambos pa\u00edses encierran en sus entra\u00f1as una jungla de hielo, con alima\u00f1as que tratan de devorar los ahorros, la estabilidad personal y conyugal, y hasta las ilusiones de quien persigue el sue\u00f1o de tener un hijo que proceda de esas latitudes. \u00a0Porque hasta que no abandonas el pa\u00eds no sabes c\u00f3mo acabar\u00e1 tu aventura, c\u00f3mo tampoco sabes c\u00f3mo finalizar\u00e1 la de los protagonistas, como la de cualquier adopci\u00f3n\u00a0 cuyo proceso es incierto hasta el final..<\/p>\n<p><a href=\"http:\/\/adopcionpuntodeencuentro.com\/web\/wp-content\/uploads\/estreno-4.jpg\"><img loading=\"lazy\" decoding=\"async\" class=\"alignleft wp-image-4066\" src=\"http:\/\/adopcionpuntodeencuentro.com\/web\/wp-content\/uploads\/estreno-4.jpg\" alt=\"estreno 4\" width=\"380\" height=\"253\" srcset=\"https:\/\/adopcionpuntodeencuentro.com\/web\/wp-content\/uploads\/estreno-4.jpg 2544w, https:\/\/adopcionpuntodeencuentro.com\/web\/wp-content\/uploads\/estreno-4-150x100.jpg 150w, https:\/\/adopcionpuntodeencuentro.com\/web\/wp-content\/uploads\/estreno-4-300x200.jpg 300w, https:\/\/adopcionpuntodeencuentro.com\/web\/wp-content\/uploads\/estreno-4-600x400.jpg 600w\" sizes=\"(max-width: 380px) 100vw, 380px\" \/><\/a>Ech\u00e9 de menos tener en la butaca de al lado a mi compa\u00f1ero de viaje en nuestra aventura de ser padres que se hab\u00eda sentado con otros padres unas butacas m\u00e1s all\u00e1, \u00a0aunque no pod\u00eda estar mejor escoltada. Ten\u00eda a mi vera de la izquierda a Mar\u00eda (Mart\u00edn Titos) \u00a0que de vez en cuando nos mir\u00e1bamos con l\u00e1grimas en los ojos y sacud\u00edamos la cabeza. Nada pod\u00edamos decirnos pues las dos est\u00e1bamos\u00a0reviviendo cosas\u2013c\u00f3mo cuando nos toc\u00f3 revivirlas para relatarlas en el libro-, y todas nuestras entra\u00f1as se estaban removiendo.Y a\u00a0la derecha ten\u00eda a Pilar (Gonz\u00e1lez) cuyo proceso fue largo y tortuoso en Espa\u00f1a y su adopci\u00f3n se realiz\u00f3 en China,\u00a0pero ella, cuyo proceso no tuvo nada que ver con el que nos contaban desde la pantalla,\u00a0estaba sufriendo tambi\u00e9n por la historia plasmada con tal realidad \u2013aunque Daniela Fejerman \u00a0en su presentaci\u00f3n\u00a0 dijo que se trataba de una\u00a0 ficci\u00f3n-, una historia representada por Nora Navas y Francesc Garrido con tal realismo y exenta de teatralidad que en un momento de la pel\u00edcula me dijo con angustia <em>\u201csi despu\u00e9s de todo lo pasado en mi espera yo me encuentro con algo as\u00ed en mi proceso&#8230; \u00a1yo all\u00ed sucumbo!\u201d.<\/em><\/p>\n<p><a href=\"http:\/\/adopcionpuntodeencuentro.com\/web\/wp-content\/uploads\/mar\u00eda-mnano1.jpg\"><img loading=\"lazy\" decoding=\"async\" class=\"alignleft wp-image-4070\" src=\"http:\/\/adopcionpuntodeencuentro.com\/web\/wp-content\/uploads\/mar\u00eda-mnano1.jpg\" alt=\"mar\u00eda mnano1\" width=\"380\" height=\"535\" srcset=\"https:\/\/adopcionpuntodeencuentro.com\/web\/wp-content\/uploads\/mar\u00eda-mnano1.jpg 1162w, https:\/\/adopcionpuntodeencuentro.com\/web\/wp-content\/uploads\/mar\u00eda-mnano1-106x150.jpg 106w, https:\/\/adopcionpuntodeencuentro.com\/web\/wp-content\/uploads\/mar\u00eda-mnano1-213x300.jpg 213w, https:\/\/adopcionpuntodeencuentro.com\/web\/wp-content\/uploads\/mar\u00eda-mnano1-426x600.jpg 426w\" sizes=\"(max-width: 380px) 100vw, 380px\" \/><\/a>Al t\u00e9rmino de la pel\u00edcula bajamos las autoras de \u00abMariposas en el coraz\u00f3n.La adopci\u00f3n desde dentro\u00bb a \u00a0reunirnos con\u00a0 la directora. Al encontrarme con ella me sent\u00eda\u00a0muy afectada por su impresionante relato y su manera de contarlo y no pude por menos que decirle \u00ab\u00a1no te has dejado nada\u2026!\u201c<\/p>\n<p>Cuando nos reunimos en el hall de la sala para el coloquio, todas-incluso Daniela- pa\u00f1uelo en mano, tuve la necesidad de contar que tras todo lo narrado \u00a0a\u00fan nosotros tuvimos que vivir la angustia a la que nos someti\u00f3 el jefe de negociado de nuestra propia embajada en Astan\u00e1, al negarse a sellar nuestros visados, pues se empe\u00f1o en que nosotros nos \u201dllev\u00e1bamos\u201d dos ni\u00f1os cuando nuestro proceso lo hab\u00edamos iniciado para un ni\u00f1o s\u00f3lo, deduciendo que \u00abnos llev\u00e1bamos un 2 x 1\u00bb cuando todos nuestros papeles estaban en regla y nuestro Certificado de Idoneidad sellado y apostillado por el Ministerio de Justicia espa\u00f1ol en Madrid nos declaraba, tras una revisi\u00f3n y actualizaci\u00f3n del C.I., como padres id\u00f3neos de dos hermanos de los que un juez nos hab\u00eda declarado padres, aunque aquel personaje lleg\u00f3 a amenazar con impugnar el juicio. Pese a aquel individuo y sus intenciones de amargarnos aquellas navidades a 32 grados bajo cero, desde Madrid le debieron poner firmes y tras recibir una llamada nos dej\u00f3 marchar con nuestros hijos a nosotros y a dos familias m\u00e1s que estaban retenidas tambi\u00e9n por \u00e9l por diversas circunstancias.<\/p>\n<p><a href=\"http:\/\/adopcionpuntodeencuentro.com\/web\/wp-content\/uploads\/pa\u00f1uelo1.jpg\"><img loading=\"lazy\" decoding=\"async\" class=\"alignleft wp-image-4069\" src=\"http:\/\/adopcionpuntodeencuentro.com\/web\/wp-content\/uploads\/pa\u00f1uelo1.jpg\" alt=\"pa\u00f1uelo\" width=\"380\" height=\"570\" srcset=\"https:\/\/adopcionpuntodeencuentro.com\/web\/wp-content\/uploads\/pa\u00f1uelo1.jpg 1696w, https:\/\/adopcionpuntodeencuentro.com\/web\/wp-content\/uploads\/pa\u00f1uelo1-100x150.jpg 100w, https:\/\/adopcionpuntodeencuentro.com\/web\/wp-content\/uploads\/pa\u00f1uelo1-200x300.jpg 200w, https:\/\/adopcionpuntodeencuentro.com\/web\/wp-content\/uploads\/pa\u00f1uelo1-400x600.jpg 400w\" sizes=\"(max-width: 380px) 100vw, 380px\" \/><\/a>Aunque nuestro pa\u00eds de adopci\u00f3n no fue el de la pel\u00edcula, y aunque en algunos casos no fueran id\u00e9nticos los procesos (por ejemplo, nosotros no tuvimos que escoger ni\u00f1o, porque cont\u00e1bamos con una preasignaci\u00f3n) muchas de las situaciones vividas se correspond\u00edan\u00a0 fielmente con lo que la pel\u00edcula narra, pues era id\u00e9ntico el sentimiento de estar a expuestos a un sistema viciado, de tener nuestra vida y nuestras ilusiones pendientes de un hilo manejado por personas a las que lo que menos les importaba era nuestra felicidad futura y la de nuestros hijos, el sentirnos como un cajero autom\u00e1tico sin fondo. El sentirnos mezquinos por desear que nuestros hijos fueran dos ni\u00f1os sanos.<\/p>\n<p>Cada una expusimos nuestras propias experiencias y algunas personas de la sala tambi\u00e9n se animaron a comentar y coincidieron en se\u00f1alar lo maravillosamente bien\u00a0 que la pel\u00edcula describ\u00eda esa sensaci\u00f3n de soledad que vivimos las parejas en el proceso de adopci\u00f3n. \u00a0Daniela, que tambi\u00e9n estaba emocionada, contagiada por el sentimiento com\u00fan de la sala, nos explic\u00f3 sus propias vivencias, aquellas que le motivaron a contar su historia, coincidiendo todos en que es esta una historia que no puede pasar desapercibida ya que no es s\u00f3lo para quienes hayan adoptado o est\u00e9n en proceso de adopci\u00f3n, sino que es una historia interesante m\u00e1s all\u00e1 del mundo adoptivo porque re\u00fane todos los ingredientes de una buena historia y una buena pel\u00edcula. Tengo ganas de volverla a \u00a0ver para poder disfrutar de todo lo que de buen cine ofrece esta pel\u00edcula m\u00e1s all\u00e1 de la historia que tanto me atrap\u00f3: Los di\u00e1logos, los actores, la ambientaci\u00f3n, la luz, que es casi otro actor m\u00e1s&#8230;<br \/>\nLa recomiendo -y mucho- m\u00e1s all\u00e1 de las fronteras de la adopci\u00f3n.<\/p>\n<p><iframe loading=\"lazy\" src=\"https:\/\/www.youtube.com\/embed\/alFVKjGhEx4\" width=\"560\" height=\"315\" frameborder=\"0\" allowfullscreen=\"allowfullscreen\"><\/iframe><\/p>\n","protected":false},"excerpt":{"rendered":"<p>La pel\u00edcula de principio a fin es emocionante, una historia de suspense de intriga, de superaci\u00f3n. Una historia que relata fielmente como una pareja ha de superar los obst\u00e1culos que quienes hemos pasado por procesos de adopci\u00f3n tuvimos que enfrentar a 7000 kil\u00f3metros de casa habiendo dejado en suspenso nuestra vida, trabajo, familia, para conseguir el sue\u00f1o largamente perseguido de convertirnos en padres.<\/p>\n","protected":false},"author":1,"featured_media":4073,"comment_status":"open","ping_status":"open","sticky":false,"template":"","format":"standard","meta":{"footnotes":""},"categories":[86,40,1],"tags":[27,45,55],"_links":{"self":[{"href":"https:\/\/adopcionpuntodeencuentro.com\/web\/wp-json\/wp\/v2\/posts\/4062"}],"collection":[{"href":"https:\/\/adopcionpuntodeencuentro.com\/web\/wp-json\/wp\/v2\/posts"}],"about":[{"href":"https:\/\/adopcionpuntodeencuentro.com\/web\/wp-json\/wp\/v2\/types\/post"}],"author":[{"embeddable":true,"href":"https:\/\/adopcionpuntodeencuentro.com\/web\/wp-json\/wp\/v2\/users\/1"}],"replies":[{"embeddable":true,"href":"https:\/\/adopcionpuntodeencuentro.com\/web\/wp-json\/wp\/v2\/comments?post=4062"}],"version-history":[{"count":19,"href":"https:\/\/adopcionpuntodeencuentro.com\/web\/wp-json\/wp\/v2\/posts\/4062\/revisions"}],"predecessor-version":[{"id":4089,"href":"https:\/\/adopcionpuntodeencuentro.com\/web\/wp-json\/wp\/v2\/posts\/4062\/revisions\/4089"}],"wp:featuredmedia":[{"embeddable":true,"href":"https:\/\/adopcionpuntodeencuentro.com\/web\/wp-json\/wp\/v2\/media\/4073"}],"wp:attachment":[{"href":"https:\/\/adopcionpuntodeencuentro.com\/web\/wp-json\/wp\/v2\/media?parent=4062"}],"wp:term":[{"taxonomy":"category","embeddable":true,"href":"https:\/\/adopcionpuntodeencuentro.com\/web\/wp-json\/wp\/v2\/categories?post=4062"},{"taxonomy":"post_tag","embeddable":true,"href":"https:\/\/adopcionpuntodeencuentro.com\/web\/wp-json\/wp\/v2\/tags?post=4062"}],"curies":[{"name":"wp","href":"https:\/\/api.w.org\/{rel}","templated":true}]}}