{"id":4444,"date":"2016-01-23T09:00:03","date_gmt":"2016-01-23T08:00:03","guid":{"rendered":"http:\/\/adopcionpuntodeencuentro.com\/web\/?p=4444"},"modified":"2016-01-28T22:16:22","modified_gmt":"2016-01-28T21:16:22","slug":"la-mochila-de-los-padres-el-apego-adulto","status":"publish","type":"post","link":"https:\/\/adopcionpuntodeencuentro.com\/web\/la-mochila-de-los-padres-el-apego-adulto\/","title":{"rendered":"La mochila de los padres. El apego adulto."},"content":{"rendered":"<p><a href=\"http:\/\/adopcionpuntodeencuentro.com\/web\/wp-content\/uploads\/MMTMAP-y-GM.jpg\" rel=\"attachment wp-att-4448\"><img loading=\"lazy\" decoding=\"async\" class=\"alignleft wp-image-4448\" src=\"http:\/\/adopcionpuntodeencuentro.com\/web\/wp-content\/uploads\/MMTMAP-y-GM.jpg\" alt=\"MMT,MAP y GM\" width=\"299\" height=\"294\" srcset=\"https:\/\/adopcionpuntodeencuentro.com\/web\/wp-content\/uploads\/MMTMAP-y-GM.jpg 569w, https:\/\/adopcionpuntodeencuentro.com\/web\/wp-content\/uploads\/MMTMAP-y-GM-150x147.jpg 150w, https:\/\/adopcionpuntodeencuentro.com\/web\/wp-content\/uploads\/MMTMAP-y-GM-300x294.jpg 300w, https:\/\/adopcionpuntodeencuentro.com\/web\/wp-content\/uploads\/MMTMAP-y-GM-80x80.jpg 80w, https:\/\/adopcionpuntodeencuentro.com\/web\/wp-content\/uploads\/MMTMAP-y-GM-52x50.jpg 52w, https:\/\/adopcionpuntodeencuentro.com\/web\/wp-content\/uploads\/MMTMAP-y-GM-67x67.jpg 67w\" sizes=\"(max-width: 299px) 100vw, 299px\" \/><\/a>El pasado viernes tuve la ocasi\u00f3n de conocer en persona a <a href=\"https:\/\/www.joseluisgonzalo.com\/\" target=\"_blank\">Jos\u00e9 Luis Gonzalo Marrod\u00e1n<\/a>. Al que como profesional sigo desde hace tiempo en su indispensable blog sobre<a href=\"http:\/\/www.buenostratos.com\/\" target=\"_blank\">\u00a0Apego, trauma, desarrollo, resiliencia\u00a0<strong>\u00abB<\/strong><strong>uenostratos\u00bb<\/strong><\/a>\u00a0 y leyendo sus libros :\u00bb<strong>\u00bfTodo ni\u00f1o viene con un pan bajo el brazo?<\/strong>\u00ab,\u00bb <strong>Construyendo Puentes. La T\u00e9cnica De La Caja De Arena<\/strong>\u00bb y el \u00faltimo,\u00bb\u00a0<strong>Vinculate. Relaciones Reparadoras Del Vinculo En Los Ni\u00f1os Adoptados Y Acogidos<\/strong> \u00ab.<\/p>\n<p>Por la ma\u00f1ana, la <a href=\"http:\/\/www.escueladefamiliasadoptivas.es\/\" target=\"_blank\">Escuela De Familias Adoptivas <\/a>,\u00a0de la que es directora M\u00aa \u00c1ngeles Prieto, brind\u00f3 una charla coloquio presencial y online con \u00a0<a href=\"https:\/\/www.joseluisgonzalo.com\/\" target=\"_blank\">Jos\u00e9 Luis Gonzalo Marrod\u00e1n<\/a> y Mar\u00eda Mart\u00edn Titos<strong>\u00a0c<\/strong>oordinadora y coautora del libro<strong><a href=\"http:\/\/mariposasenelcorazon.com\/\" target=\"_blank\"> Mariposas en el coraz\u00f3n<\/a>\u00a0,\u00a0<\/strong>donde se habl\u00f3 sobre vinculaci\u00f3n y apego: relaciones reparadoras en ni\u00f1os y ni\u00f1as adoptados o acogidos.<\/p>\n<p><span style=\"color: #f50a41;\">Pod\u00e9is ver la charla<\/span>\u00a0<strong><a href=\"http:\/\/livestream.com\/easptv\/VinculacionyApego\/videos\/108709594\" target=\"_blank\">PINCHANDO AQU\u00cd<\/a><\/strong><br \/>\n<a href=\"http:\/\/adopcionpuntodeencuentro.com\/web\/wp-content\/uploads\/4-mariposas-y-Gonzalo-.jpg\" rel=\"attachment wp-att-4447\"><img loading=\"lazy\" decoding=\"async\" class=\"alignleft wp-image-4447\" src=\"http:\/\/adopcionpuntodeencuentro.com\/web\/wp-content\/uploads\/4-mariposas-y-Gonzalo-.jpg\" alt=\"4 mariposas y Gonzalo\" width=\"318\" height=\"311\" srcset=\"https:\/\/adopcionpuntodeencuentro.com\/web\/wp-content\/uploads\/4-mariposas-y-Gonzalo-.jpg 1341w, https:\/\/adopcionpuntodeencuentro.com\/web\/wp-content\/uploads\/4-mariposas-y-Gonzalo--150x147.jpg 150w, https:\/\/adopcionpuntodeencuentro.com\/web\/wp-content\/uploads\/4-mariposas-y-Gonzalo--300x294.jpg 300w, https:\/\/adopcionpuntodeencuentro.com\/web\/wp-content\/uploads\/4-mariposas-y-Gonzalo--768x752.jpg 768w, https:\/\/adopcionpuntodeencuentro.com\/web\/wp-content\/uploads\/4-mariposas-y-Gonzalo--600x587.jpg 600w, https:\/\/adopcionpuntodeencuentro.com\/web\/wp-content\/uploads\/4-mariposas-y-Gonzalo--52x50.jpg 52w, https:\/\/adopcionpuntodeencuentro.com\/web\/wp-content\/uploads\/4-mariposas-y-Gonzalo--67x67.jpg 67w\" sizes=\"(max-width: 318px) 100vw, 318px\" \/><\/a><\/p>\n<p>Ya \u00a0por la tarde <a href=\"http:\/\/afamgranada.org\/web\/\" target=\"_blank\">AFAM<\/a> (Asociaci\u00f3n de Familias Multi\u00e9tnicas de Granada) organiz\u00f3 un encuentro con J.L. Gonzalo Marrod\u00e1n en el que las familias que asistimos pudimos intercambiar experiencias y preguntarle sobre nuestras dudas, preocupaciones o vivencias.Tambi\u00e9n hablamos de su \u00a0libro \u201c<a href=\"http:\/\/adopcionpuntodeencuentro.com\/web\/vinculate-relaciones-reparadoras-del-vinculo-en-los-ninos-adoptados-y-acogidos\/\" target=\"_blank\"><strong>Vinc\u00falate. Relaciones reparadoras del v\u00ednculo en los ni\u00f1os adoptados y acogidos<\/strong>\u201d.<\/a><\/p>\n<p>Libro editado por Descl\u00e9e de Brouwer, publicado en septiembre de 2015.\u00a0Del que quiero destacar \u00a0un cap\u00edtulo que me ha llamado poderosamente la atenci\u00f3n :<\/p>\n<h2><\/h2>\n<h2><span style=\"color: #f50a41;\">\u201c<strong>El apego adulto: es seg\u00fan nuestra historia recordada<\/strong>\u201d<\/span><\/h2>\n<p>En el que nos ofrece un ejercicio de reflexi\u00f3n y nos invita a hacernos una serie de preguntas para poder tener \u201c<em>un estado mental con respecto\u00a0 al apego\u201d <\/em>que es<strong><em> \u201cc\u00f3mo una persona adulta evoca, en un momento dado, los recuerdos que de sus experiencias con sus figuras de apego tiene almacenadas en su memoria y c\u00f3mo reflexiona sobre los mismos\u201d.<\/em><\/strong><\/p>\n<p>Este cap\u00edtulo posee \u00a0un apartado titulado:<\/p>\n<p><span style=\"color: #f50a41;\">\u00a0\u201c<strong>Representaciones de apego en los padres adoptivos o acogedores de los ni\u00f1os y adolescentes: pueden saltar chispas\u201d.\u00a0<\/strong><\/span><\/p>\n<p>La representaci\u00f3n mental que tengamos -el tipo de relaci\u00f3n que tuvi\u00e9ramos con nuestros padres y el patr\u00f3n mental que esta relaci\u00f3n haya creado en nosotros-, es del todo trascendente a la hora de vincularnos con nuestros hijos, de criarlos y de educarlos.<\/p>\n<p><a href=\"http:\/\/adopcionpuntodeencuentro.com\/web\/wp-content\/uploads\/mochila-padresrr-frase.jpg\" rel=\"attachment wp-att-4454\"><img loading=\"lazy\" decoding=\"async\" class=\"alignleft wp-image-4454\" src=\"http:\/\/adopcionpuntodeencuentro.com\/web\/wp-content\/uploads\/mochila-padresrr-frase.jpg\" alt=\"mochila padresrr frase\" width=\"400\" height=\"405\" srcset=\"https:\/\/adopcionpuntodeencuentro.com\/web\/wp-content\/uploads\/mochila-padresrr-frase.jpg 2127w, https:\/\/adopcionpuntodeencuentro.com\/web\/wp-content\/uploads\/mochila-padresrr-frase-148x150.jpg 148w, https:\/\/adopcionpuntodeencuentro.com\/web\/wp-content\/uploads\/mochila-padresrr-frase-297x300.jpg 297w, https:\/\/adopcionpuntodeencuentro.com\/web\/wp-content\/uploads\/mochila-padresrr-frase-768x777.jpg 768w, https:\/\/adopcionpuntodeencuentro.com\/web\/wp-content\/uploads\/mochila-padresrr-frase-593x600.jpg 593w, https:\/\/adopcionpuntodeencuentro.com\/web\/wp-content\/uploads\/mochila-padresrr-frase-80x80.jpg 80w, https:\/\/adopcionpuntodeencuentro.com\/web\/wp-content\/uploads\/mochila-padresrr-frase-67x67.jpg 67w\" sizes=\"(max-width: 400px) 100vw, 400px\" \/><\/a>A grandes rasgos el cap\u00edtulo habla de los patrones de apego con rasgos distintivos m\u00e1s marcados y nos invita a trabajar el autoconocimiento personal mediante la reflexi\u00f3n, a interpretar nuestra historia personal y reconstruirla (recomienda hacerlo con \u00a0ayuda de un profesional) para poder ayudar a que el ni\u00f1o desarrolle un apego seguro y como padres podamos \u00a0criar y educar a nuestros \u00a0hijos \u00a0y<em>a que \u201cel choque de las representaciones de apego (del adulto y del ni\u00f1o) puede resultar nefasto para este \u00faltimo (adoptado o acogido y que proviene de una experiencia de apego inseguro) que necesita por lo menos un adulto que sea capaz de ser fuente reparadora de seguridad para el ni\u00f1o.\u201d<\/em><\/p>\n<p>Por ejemplo aquellos padres y cuidadores con un estado de mente con respecto <strong>al apego predominantemente seguro <\/strong>y que poseen adem\u00e1s capacidad para la empat\u00eda favorecer\u00e1 la reparaci\u00f3n de apegos inseguros en los ni\u00f1os. Estos padres ser\u00e1n m\u00e1s flexibles, mostrar\u00e1n m\u00e1s sensibilidad y empat\u00eda y una mayor disponibilidad emocional hacia un ni\u00f1o ansiosamente inseguro.<\/p>\n<p><strong>Los padres adoptivos o acogedores con patr\u00f3n de apego evitativo \u00a0<\/strong><em>pueden maximizar la independencia del ni\u00f1o, ser demasiado distantes, obsesionarse con los logros y someter a este a niveles de funcionamiento cotidiano(h\u00e1bitos, reglas\u2026) rayanos en la rigidez. Pueden cargar las tintas con las normas mostrando d\u00e9ficit en afectividad y una habilidad emp\u00e1tica deficiente. Adem\u00e1s pueden minimizar la historia de vida y el da\u00f1o padecido por el menos de edad. Al no reconocer el dolor y el sufrimiento del ni\u00f1o o joven y verlo todo en t\u00e9rminos de normas y conductas a obedecer, las posibilidades de reforzar su apego inseguro son altas.<\/em><\/p>\n[\u2026]\n<p><strong>Padres adoptivos o acogedores con patr\u00f3n de apego preocupado<\/strong><em> pueden abrumar al ni\u00f1o debido a sus propios miedos e inseguridades no resueltos, provocan a menudo respuesta de lucha o huida en los ni\u00f1os o j\u00f3venes con apego ansioso-ambivalente desorganizado. Estos padres pueden mostrarse ansiosos o invasivos con el ni\u00f1o, y con esto subrayando m\u00e1s sus l\u00edmites que sus fortalezas.<\/em> [\u2026]Estos padres pueden cargar las tintas en exceso en relaci\u00f3n a la historia del ni\u00f1o o joven y no fomentar su autonom\u00eda, no dando oportunidades para potenciar su seguridad\u2026<\/p>\n<p>Tambi\u00e9n hay una categor\u00eda que se denomina <strong>apego ganado a la seguridad. <\/strong>Hay personas que pese\u00a0 a tener una historia de apego temprano inseguro gracias a su fuerte capacidad reflexiva ha transformado su apego inseguro en uno ganado a la seguridad consiguiendo hacer una transformaci\u00f3n resiliente. <strong>De ah\u00ed la importancia de reflexionar sobre uno mismo, a interpretar nuestra historia, reconstruirla y asimilarla.<\/strong><\/p>\n<p><strong>Como padres somos un elemento crucial para que nuestros hijos desarrollen un apego seguro tenemos que formarnos e informarnos para criar y educar a nuestros hijos \u201c<em>con capacidad \u00a0para contener sus emociones e impulsos y con un total respeto a la autonom\u00eda, sin invadirles ni intoxicarles con emociones negativas propias, d\u00e1ndoles seguridad\u201d.<\/em><\/strong><\/p>\n<p>Creo que leer este libro y aceder a los m\u00faltiples recursos que Jos\u00e9 Luis Gonzalo Marrod\u00e1n ofrece, tal como gran cantidad de direcciones de youtube con videos amenos y did\u00e1cticos, nos ayudar\u00e1 a entender y a entendernos. Ya que en el proceso del v\u00ednculo como padres somos actores y no meros directores.<\/p>\n<p><span style=\"color: #f50a41;\">Pod\u00e9is ver la presentaci\u00f3n del libro en\u00a0 la Escuela De Familias Adoptivas<\/span><a href=\"http:\/\/livestream.com\/easptv\/VinculacionyApego\/videos\/108712613\" target=\"_blank\"><strong> PINCHANDO\u00a0AQU\u00cd<\/strong><\/a><\/p>\n<div class='divider' > <\/div>\n<p><iframe loading=\"lazy\" style=\"width: 120px; height: 240px;\" src=\"http:\/\/rcm-eu.amazon-adsystem.com\/e\/cm?t=adopcionpunto-21&amp;o=30&amp;p=8&amp;l=as1&amp;asins=B0178BT2SE&amp;ref=qf_sp_asin_til&amp;fc1=000000&amp;IS2=1&amp;lt1=_blank&amp;m=amazon&amp;lc1=FF0030&amp;bc1=000000&amp;bg1=FFFFFF&amp;f=ifr\" width=\"300\" height=\"150\" frameborder=\"0\" marginwidth=\"0\" marginheight=\"0\" scrolling=\"no\"><\/iframe><\/p>\n","protected":false},"excerpt":{"rendered":"<p>La representaci\u00f3n mental que tengamos -el tipo de relaci\u00f3n que tuvi\u00e9ramos con nuestros padres y el patr\u00f3n mental que esta relaci\u00f3n haya creado en nosotros-, es del todo trascendente a la hora de vincularnos con nuestros hijos, de criarlos y de educarlos.<\/p>\n","protected":false},"author":1,"featured_media":4458,"comment_status":"open","ping_status":"open","sticky":false,"template":"","format":"standard","meta":{"footnotes":""},"categories":[188,148,30,74,147,31,11,12],"tags":[47,27,69,49,41,230,55,20,32,70],"_links":{"self":[{"href":"https:\/\/adopcionpuntodeencuentro.com\/web\/wp-json\/wp\/v2\/posts\/4444"}],"collection":[{"href":"https:\/\/adopcionpuntodeencuentro.com\/web\/wp-json\/wp\/v2\/posts"}],"about":[{"href":"https:\/\/adopcionpuntodeencuentro.com\/web\/wp-json\/wp\/v2\/types\/post"}],"author":[{"embeddable":true,"href":"https:\/\/adopcionpuntodeencuentro.com\/web\/wp-json\/wp\/v2\/users\/1"}],"replies":[{"embeddable":true,"href":"https:\/\/adopcionpuntodeencuentro.com\/web\/wp-json\/wp\/v2\/comments?post=4444"}],"version-history":[{"count":21,"href":"https:\/\/adopcionpuntodeencuentro.com\/web\/wp-json\/wp\/v2\/posts\/4444\/revisions"}],"predecessor-version":[{"id":4463,"href":"https:\/\/adopcionpuntodeencuentro.com\/web\/wp-json\/wp\/v2\/posts\/4444\/revisions\/4463"}],"wp:featuredmedia":[{"embeddable":true,"href":"https:\/\/adopcionpuntodeencuentro.com\/web\/wp-json\/wp\/v2\/media\/4458"}],"wp:attachment":[{"href":"https:\/\/adopcionpuntodeencuentro.com\/web\/wp-json\/wp\/v2\/media?parent=4444"}],"wp:term":[{"taxonomy":"category","embeddable":true,"href":"https:\/\/adopcionpuntodeencuentro.com\/web\/wp-json\/wp\/v2\/categories?post=4444"},{"taxonomy":"post_tag","embeddable":true,"href":"https:\/\/adopcionpuntodeencuentro.com\/web\/wp-json\/wp\/v2\/tags?post=4444"}],"curies":[{"name":"wp","href":"https:\/\/api.w.org\/{rel}","templated":true}]}}