{"id":4585,"date":"2016-02-01T09:30:29","date_gmt":"2016-02-01T08:30:29","guid":{"rendered":"http:\/\/adopcionpuntodeencuentro.com\/web\/?p=4585"},"modified":"2016-03-18T19:38:10","modified_gmt":"2016-03-18T18:38:10","slug":"preguntas-fundamentales-para-los-sistemas-de-proteccion-juan-alonso-casalilla-galan","status":"publish","type":"post","link":"https:\/\/adopcionpuntodeencuentro.com\/web\/preguntas-fundamentales-para-los-sistemas-de-proteccion-juan-alonso-casalilla-galan\/","title":{"rendered":"Preguntas fundamentales para los sistemas de protecci\u00f3n. Juan Alonso Casalilla Gal\u00e1n."},"content":{"rendered":"<p>Recibimos muchas preguntas\u00a0a trav\u00e9s de mensajes privados de nuestras cuentas de <a href=\"https:\/\/www.facebook.com\/adopcionpuntodeencuentro\/?ref=hl\" target=\"_blank\">facebook<\/a> y <a href=\"https:\/\/twitter.com\/adopcionpuntode\" target=\"_blank\">twitter<\/a>\u00a0tambi\u00e9n en nuestro correo <strong>info@adopcionpuntodeencuentro.com<\/strong><br \/>\nPreguntas que nosotros tambi\u00e9n nos hacemos y que tienen una dif\u00edcil respuesta a veces tambi\u00e9n para los profesionales t\u00e9cnicos en adopci\u00f3n y acogimiento. En A<strong>dopci\u00f3n punto de encuentro<\/strong> contamos con la colaboraci\u00f3n y la predisposici\u00f3n a ayudar de los mejores especialistas que adem\u00e1s siempre son los m\u00e1s accesibles y dispuestos a ayudar.<\/p>\n<p><a href=\"http:\/\/adopcionpuntodeencuentro.com\/web\/wp-content\/uploads\/Clipboard05-1.jpg\" rel=\"attachment wp-att-4588\"><img loading=\"lazy\" decoding=\"async\" class=\" wp-image-4588 alignleft\" src=\"http:\/\/adopcionpuntodeencuentro.com\/web\/wp-content\/uploads\/Clipboard05-1.jpg\" alt=\"Clipboard05\" width=\"300\" height=\"260\" srcset=\"https:\/\/adopcionpuntodeencuentro.com\/web\/wp-content\/uploads\/Clipboard05-1.jpg 638w, https:\/\/adopcionpuntodeencuentro.com\/web\/wp-content\/uploads\/Clipboard05-1-150x130.jpg 150w, https:\/\/adopcionpuntodeencuentro.com\/web\/wp-content\/uploads\/Clipboard05-1-300x260.jpg 300w, https:\/\/adopcionpuntodeencuentro.com\/web\/wp-content\/uploads\/Clipboard05-1-600x520.jpg 600w\" sizes=\"(max-width: 300px) 100vw, 300px\" \/><\/a><\/p>\n<p>As\u00ed es<strong> Juan Alonso Casalilla Gal\u00e1n<\/strong>. Psic\u00f3logo. Especialista en Adopci\u00f3n. Experto en Protecci\u00f3n de Menores y colaborador permanente en diferentes administraciones p\u00fablicas (auton\u00f3micas y centrales) para la Formaci\u00f3n de Profesionales que trabajan en Adopci\u00f3n y Acogimiento Familiar, a quien hemos remitido todas esas preguntas que con insistencia se formulan muchas familias, familias en espera para su primera adopci\u00f3n, otras que esperan su segundo hijo y muchas con sus hijos aqu\u00ed a las que a\u00fan \u00abescuece\u00bb el proceso por el que tuvieron que pasar y la larga espera que soportaron para conseguir ser padres por adopci\u00f3n.<\/p>\n<p><strong>Juan Alonso Casalilla Gal\u00e1n nos aclara que<\/strong> <em>\u00abhace una aproximaci\u00f3n de respuesta ya que se trata de preguntas fundamentales para los sistemas de protecci\u00f3n y de cuya respuesta dependen en buena medida la gesti\u00f3n de las problem\u00e1ticas complejas de las que nos ocupamos.<\/em><br \/>\n<em>La respuesta a las preguntas que\u00a0plante\u00e1is\u00a0dependen en gran medida del sistema de protecci\u00f3n al que nos estemos refiriendo (nacional\u00a0vs extranjero). Incluso dentro de nuestro pa\u00eds cada comunidad tiene normativas y formas de funcionar distintas que hacen imposible una respuesta general. Por eso el acercamiento que hago es gen\u00e9rico pero abierto al di\u00e1logo para aclarar extremos que no queden claros.\u00bb<\/em><\/p>\n<h3><span style=\"color: #f2133c;\"><strong>\u00bfCrees que primar m\u00e1s el acogimiento frente a la adopci\u00f3n puede suponer una mejora para solucionar el problema de los ni\u00f1os que crecen sin una familia?<\/strong><\/span><\/h3>\n<p><em> <a href=\"http:\/\/adopcionpuntodeencuentro.com\/web\/wp-content\/uploads\/interrogantes-protecci\u00f3n3.jpg\" rel=\"attachment wp-att-4605\"><img loading=\"lazy\" decoding=\"async\" class=\" wp-image-4605 alignleft\" src=\"http:\/\/adopcionpuntodeencuentro.com\/web\/wp-content\/uploads\/interrogantes-protecci\u00f3n3.jpg\" alt=\"interrogantes protecci\u00f3n3\" width=\"400\" height=\"273\" srcset=\"https:\/\/adopcionpuntodeencuentro.com\/web\/wp-content\/uploads\/interrogantes-protecci\u00f3n3.jpg 557w, https:\/\/adopcionpuntodeencuentro.com\/web\/wp-content\/uploads\/interrogantes-protecci\u00f3n3-150x102.jpg 150w, https:\/\/adopcionpuntodeencuentro.com\/web\/wp-content\/uploads\/interrogantes-protecci\u00f3n3-300x205.jpg 300w\" sizes=\"(max-width: 400px) 100vw, 400px\" \/><\/a>Cuando un ni\u00f1o se encuentra en una situaci\u00f3n de dificultad por el inadecuado ejercicio de los deberes de protecci\u00f3n que tienen los padres para con \u00e9l, las administraciones de cualquier pa\u00eds encargadas del mismo, deben articular medidas encaminadas a paliar dicha situaci\u00f3n.<\/em><\/p>\n<p><em>Estas medidas deben, en primer lugar, procurar solucionar su problema sin sacar al ni\u00f1o de su entorno familiar. Cuando esto no es posible y la separaci\u00f3n de su familia es ineludible, se han de procurar medidas que posibiliten el retorno a su familia en el menor tiempo posible. Es aqu\u00ed donde se encuadran todas las modalidades del Acogimiento Familiar. Es tambi\u00e9n en este punto donde debe primar el Acogimiento en Familia frente a la permanencia del ni\u00f1o en cualquier instituci\u00f3n.<\/em><\/p>\n<p><em>Cuando el retorno a la familia no se contempla es cuando se opta por la adopci\u00f3n dentro del propio pa\u00eds como medida de protecci\u00f3n, y solo cuando no existen familias dentro de su pa\u00eds de origen se piensa en la adopci\u00f3n por parte de personas extranjeras como medida de protecci\u00f3n adecuada para ese menor. Por lo tanto, la adopci\u00f3n es una medida de car\u00e1cter subsidiario, siendo la \u00faltima medida en la que piensan los organismos encargados de la protecci\u00f3n de menores como indicada para solucionar las situaciones de dificultad que sufre la infancia.<\/em><\/p>\n<p><em>Por lo tanto cualquier sistema de protecci\u00f3n piensa en la Adopci\u00f3n o en el Acogimiento como tratamientos distintos para problem\u00e1ticas distintas. Su aplicaci\u00f3n deber\u00e1 ser determinada por la pertinencia t\u00e9cnica en cada caso. Una no debe primar frente a la otra a priori. Lo que si debe primar es el Acogimiento Familiar frente al Acogimiento Residencial.<\/em><\/p>\n<h3><span style=\"color: #f2133c;\"><strong>C\u00f3mo y qu\u00e9 criterios se siguen a la hora de elegir familias para adoptar, si es una selecci\u00f3n basada en criterios concretos o si, dados los recursos existentes y las familias apuntadas, escog\u00e9is a quien le toque o el perfil que m\u00e1s se ajuste y si hay familias verdaderamente preparadas para algunos casos m\u00e1s dif\u00edciles.<\/strong><\/span><\/h3>\n<p><a href=\"http:\/\/adopcionpuntodeencuentro.com\/web\/wp-content\/uploads\/lupa1.png\" rel=\"attachment wp-att-4591\"><img loading=\"lazy\" decoding=\"async\" class=\"size-full wp-image-4591 alignleft\" src=\"http:\/\/adopcionpuntodeencuentro.com\/web\/wp-content\/uploads\/lupa1.png\" alt=\"lupa1\" width=\"302\" height=\"168\" srcset=\"https:\/\/adopcionpuntodeencuentro.com\/web\/wp-content\/uploads\/lupa1.png 302w, https:\/\/adopcionpuntodeencuentro.com\/web\/wp-content\/uploads\/lupa1-150x83.png 150w, https:\/\/adopcionpuntodeencuentro.com\/web\/wp-content\/uploads\/lupa1-300x167.png 300w\" sizes=\"(max-width: 302px) 100vw, 302px\" \/><\/a>Los criterios para la idoneidad est\u00e1n recogidos en la legislaci\u00f3n y aunque son gen\u00e9ricos responden a\u00a0 est\u00e1ndares bien conocidos por los profesionales.<\/p>\n<p>Muy sint\u00e9ticamente podr\u00edamos decir que sobre una base de estabilidad social y psicol\u00f3gica se eval\u00faa el proyecto de adopci\u00f3n o acogimiento de los solicitantes. Se valora si el leg\u00edtimo deseo de la pareja o solicitante individual, \u00a0el cual se cristaliza en un ofrecimiento, \u00a0tiene detr\u00e1s unas expectativas y unas capacidades acordes al mismo. Recordemos que la parentalidad adoptiva conlleva retos espec\u00edficos que los solicitantes deben de ser capaces de abordar a lo largo de todo el ciclo vital del menor.<\/p>\n<p>A este respecto \u00a0recomiendo echar un vistazo las siguientes entradas de mi Blog y al \u201c<strong><a href=\"http:\/\/www.madrid.org\/bvirtual\/BVCM007195.pdf\" target=\"_blank\">Manual de idoneidad para la adopci\u00f3n<\/a>\u201d:<\/strong><\/p>\n<p><strong><a href=\"http:\/\/deseoyrazon.blogspot.com.es\/2015\/03\/la-evaluacion-de-la-idoneidad-la.html\">La evaluaci\u00f3n de la idoneidad: la dificultad para superar el modelo basado en caracter\u00edsticas o el apego a la comodidad del prejuicio social.<\/a><\/strong><\/p>\n<p style=\"margin: 0cm; margin-bottom: .0001pt; line-height: 19.2pt; background: white;\"><strong><span style=\"font-family: 'Georgia','serif'; color: #333333; background: white;\"><a href=\"http:\/\/deseoyrazon.blogspot.com.es\/search?q=La+valoraci%C3%B3n+de+solicitantes+en+adopci%C3%B3n:+una+nueva+tarea+para+una+nueva+realidad.\" target=\"_blank\">La valoraci\u00f3n de solicitantes en adopci\u00f3n: una nueva tarea para una nueva realidad.<\/a><\/span><\/strong><\/p>\n<p>Otro aspecto a desarrollar es que la idoneidad para adoptar depende del ofrecimiento que haga la familia, ofrecimiento que determinar\u00e1 las capacidades y recursos que evaluamos. No es lo mismo adoptar a un beb\u00e9 sano que a un grupo de hermanos para adopci\u00f3n abierta.<\/p>\n<p>Aqu\u00ed es donde aparece una de los talones de Aquiles de los sistemas de protecci\u00f3n: <em>la inmensa mayor\u00eda de los ofrecimientos, sobre todo en adopci\u00f3n, son para menores de hasta 3 a\u00f1os de edad y sin ninguna dificultad ps\u00edquica ni f\u00edsica, la consecuencia l\u00f3gica es la dificultad para encontrar n\u00famero suficiente de familias id\u00f3neas para ni\u00f1os mayores o con alg\u00fan tipo de dificultad. <\/em><\/p>\n<p>M\u00e1s all\u00e1 de esta dificultad, una vez tenemos delante el \u201clistado\u201d de la familias consideradas id\u00f3neas se busca el ajuste al perfil.<\/p>\n<h3><span style=\"color: #f2133c;\">\u00a0<strong>\u00bfQu\u00e9 crees que ser\u00eda necesario cambiar para solucionar el problema de los ni\u00f1os que no son ni acogidos ni adoptados, que crecen sin una familia?<\/strong><\/span><\/h3>\n<p><a href=\"http:\/\/adopcionpuntodeencuentro.com\/web\/wp-content\/uploads\/auroraportillo1-1.jpg\" rel=\"attachment wp-att-4592\"><img loading=\"lazy\" decoding=\"async\" class=\" wp-image-4592 alignleft\" src=\"http:\/\/adopcionpuntodeencuentro.com\/web\/wp-content\/uploads\/auroraportillo1-1.jpg\" alt=\"auroraportillo1\" width=\"304\" height=\"353\" srcset=\"https:\/\/adopcionpuntodeencuentro.com\/web\/wp-content\/uploads\/auroraportillo1-1.jpg 881w, https:\/\/adopcionpuntodeencuentro.com\/web\/wp-content\/uploads\/auroraportillo1-1-129x150.jpg 129w, https:\/\/adopcionpuntodeencuentro.com\/web\/wp-content\/uploads\/auroraportillo1-1-258x300.jpg 258w, https:\/\/adopcionpuntodeencuentro.com\/web\/wp-content\/uploads\/auroraportillo1-1-768x893.jpg 768w, https:\/\/adopcionpuntodeencuentro.com\/web\/wp-content\/uploads\/auroraportillo1-1-516x600.jpg 516w\" sizes=\"(max-width: 304px) 100vw, 304px\" \/><\/a>Existen muchos ni\u00f1os que no son adoptados y acogidos. En s\u00ed no ser adoptado ni acogido no es un problema \u201ca priori\u201d. Existen situaciones de desprotecci\u00f3n para las cuales no est\u00e1 indicada ni la adopci\u00f3n ni el acogimiento.<\/p>\n<p>El foco hay que centrarlo en cu\u00e1l es la medida de protecci\u00f3n adecuada para cada circunstancia particular, para cada ni\u00f1o en concreto tal\u00a0 y como mencionaba m\u00e1s arriba. Una medida nunca tiene que primar en detrimento de otra salvo lo dicho en el anterior p\u00e1rrafo.<\/p>\n<p>Como ya coment\u00e9 m\u00e1s arriba cada situaci\u00f3n tiene su medida m\u00e1s indicada.<\/p>\n<p><em>El problema se plantea realmente cuando est\u00e1 indicada la adopci\u00f3n o el acogimiento y no existen familias que est\u00e1n dispuestas y a la vez sean capaces de asumir determinadas problem\u00e1ticas<\/em><strong>. En este sentido los ni\u00f1os mayores, los ni\u00f1os con problemas de conducta y los ni\u00f1os con enfermedades o incapacidad son los que muchas veces, a pasar de poder beneficiarse de una adopci\u00f3n o un acogimiento no disponemos de familias<\/strong>.\u00a0 Tambi\u00e9n existen dificultades para encontrar familias de acogida cuando la relaci\u00f3n con la familia biol\u00f3gica es muy frecuente y cercana.<\/p>\n<p>Como soluci\u00f3n es necesario <strong><em>informar m\u00e1s y mejor a la sociedad de lo que son las necesidades reales de los ni\u00f1os\/as que deben ser protegidos.<\/em><\/strong> Muchas veces circula una versi\u00f3n excesivamente simplista de este fen\u00f3meno tan complejo. Las campa\u00f1as de sensibilizaci\u00f3n y la promoci\u00f3n son a este respecto el \u00fanico camino.<\/p>\n<h3><span style=\"color: #f2074e;\"><strong>\u00bfCrees que ser\u00eda bueno que hubiera convenios entre comunidades para que las adopciones no tuvieran que ce\u00f1irse s\u00f3lo a cada\u00a0 comunidad aut\u00f3noma? \u00bfAbogar\u00edas por esto?<\/strong><\/span><\/h3>\n<p>Si, aunque ya de hecho se hace puntualmente en adopciones especiales. Este es un cap\u00edtulo que ha tenido intentos fallidos dado lo diverso y disperso de las normativas y legislaciones auton\u00f3micas.<\/p>\n<h3><span style=\"color: #f2074e;\"><strong>\u00bfQu\u00e9 se podr\u00eda hacer para que las adopciones no se eternizaran?<\/strong><\/span><\/h3>\n<p><a href=\"http:\/\/adopcionpuntodeencuentro.com\/web\/wp-content\/uploads\/ofrecimiento.jpg\" rel=\"attachment wp-att-4594\"><img loading=\"lazy\" decoding=\"async\" class=\" wp-image-4594 alignleft\" src=\"http:\/\/adopcionpuntodeencuentro.com\/web\/wp-content\/uploads\/ofrecimiento.jpg\" alt=\"ofrecimiento\" width=\"360\" height=\"238\" srcset=\"https:\/\/adopcionpuntodeencuentro.com\/web\/wp-content\/uploads\/ofrecimiento.jpg 740w, https:\/\/adopcionpuntodeencuentro.com\/web\/wp-content\/uploads\/ofrecimiento-150x99.jpg 150w, https:\/\/adopcionpuntodeencuentro.com\/web\/wp-content\/uploads\/ofrecimiento-300x198.jpg 300w, https:\/\/adopcionpuntodeencuentro.com\/web\/wp-content\/uploads\/ofrecimiento-600x396.jpg 600w\" sizes=\"(max-width: 360px) 100vw, 360px\" \/><\/a>Esta pregunta no puede ser contestada gen\u00e9ricamente. Los retrasos son causados por m\u00faltiples motivos. Aqu\u00ed habr\u00eda que ver de qu\u00e9 pa\u00eds hablamos, cu\u00e1l es el ofrecimiento que se espera\u2026etc.<\/p>\n<p>Una de las causas menos mencionadas de los retrasos es la de que existen muchos ofrecimientos para determinados ni\u00f1os y muy pocos para menores de mayor edad y con necesidades especiales. Aspecto \u00e9ste mencionado m\u00e1s arriba.<\/p>\n<p>&nbsp;<\/p>\n<p><strong>\u00a0<a href=\"http:\/\/adopcionpuntodeencuentro.com\/web\/wp-content\/uploads\/gracias.jpg\" rel=\"attachment wp-att-1677\"><img loading=\"lazy\" decoding=\"async\" class=\" wp-image-1677 alignleft\" src=\"http:\/\/adopcionpuntodeencuentro.com\/web\/wp-content\/uploads\/gracias.jpg\" alt=\"gracias\" width=\"135\" height=\"183\" srcset=\"https:\/\/adopcionpuntodeencuentro.com\/web\/wp-content\/uploads\/gracias.jpg 307w, https:\/\/adopcionpuntodeencuentro.com\/web\/wp-content\/uploads\/gracias-110x150.jpg 110w, https:\/\/adopcionpuntodeencuentro.com\/web\/wp-content\/uploads\/gracias-221x300.jpg 221w\" sizes=\"(max-width: 135px) 100vw, 135px\" \/><\/a>Agradecemos a las familias <\/strong>que nos confi\u00e9is vuestras dudas y preguntas y a<strong> <strong>Juan Alonso Casalilla Gal\u00e1n<\/strong>\u00a0<\/strong>su tiempo y generosidad y os animamos a que visit\u00e9is su magn\u00edfico blog<strong> <strong><a href=\"http:\/\/deseoyrazon.blogspot.com.es\/\" target=\"_blank\">Adopci\u00f3n, acogimiento y familias.<\/a><\/strong><a href=\"http:\/\/deseoyrazon.blogspot.com.es\/\" target=\"_blank\">Reflexiones y comentarios relacionados con esta manera de crear familia.<\/a><br \/>\n<\/strong>Y a ver y o\u00edr su brillante intervenci\u00f3n en el 1er Congreso Gallego de Adopci\u00f3n titulada<strong> \u201c<strong><a href=\"http:\/\/tv.uvigo.es\/matterhorn\/26303\" target=\"_blank\">Como ayudar a los solicitantes a tomar una decisi\u00f3n responsable: los l\u00edmites de los modelos actuales de formaci\u00f3n-valoraci\u00f3n<\/a>\u201d.<\/strong><\/strong><\/p>\n<p>&nbsp;<\/p>\n<p><strong><a href=\"http:\/\/adopcionpuntodeencuentro.com\/web\/wp-content\/uploads\/04-Juan-Alonso-Casalilla.jpg\" rel=\"attachment wp-att-4608\"><img loading=\"lazy\" decoding=\"async\" class=\"size-full wp-image-4608 alignleft\" src=\"http:\/\/adopcionpuntodeencuentro.com\/web\/wp-content\/uploads\/04-Juan-Alonso-Casalilla.jpg\" alt=\"04-Juan-Alonso-Casalilla\" width=\"142\" height=\"165\" srcset=\"https:\/\/adopcionpuntodeencuentro.com\/web\/wp-content\/uploads\/04-Juan-Alonso-Casalilla.jpg 142w, https:\/\/adopcionpuntodeencuentro.com\/web\/wp-content\/uploads\/04-Juan-Alonso-Casalilla-129x150.jpg 129w\" sizes=\"(max-width: 142px) 100vw, 142px\" \/><\/a>Juan Alonso Casalilla Gal\u00e1n<\/strong>. Psic\u00f3logo.Especialista en Adopci\u00f3n. Autor del <strong>\u201c<a href=\"http:\/\/www.madrid.org\/bvirtual\/BVCM007195.pdf\">Manual para la valoraci\u00f3n de la idoneidad en adopci\u00f3n\u201d<\/a><\/strong>de la Comunidad de Madrid, de <strong>\u201cEl reto de ser padres: gu\u00eda pr\u00e1ctica de postadopci\u00f3n\u201d<\/strong>, as\u00ed como de diversos art\u00edculos cient\u00edficos relacionados con la adopci\u00f3n. Experto en Protecci\u00f3n de Menores y colaborador permanente en diferentes administraciones p\u00fablicas (auton\u00f3micas y centrales) para la Formaci\u00f3n de Profesionales que trabajan en Adopci\u00f3n y Acogimiento Familiar.<br \/>\nDesde 1987 ha realizado su actividad profesional en el \u00e1mbito de los menores protegidos. En la actualidad y desde hace veinte a\u00f1os desempe\u00f1a su labor profesional como psic\u00f3logo en distintas \u00e1reas del Instituto Madrile\u00f1o de la Familia y el Menor.<\/p>\n<div class='divider' > <\/div>\n<p><iframe loading=\"lazy\" style=\"width: 120px; height: 240px;\" src=\"http:\/\/rcm-eu.amazon-adsystem.com\/e\/cm?t=adopcionpunto-21&amp;o=30&amp;p=8&amp;l=as1&amp;asins=8421680285&amp;ref=qf_sp_asin_til&amp;fc1=000000&amp;IS2=1&amp;lt1=_blank&amp;m=amazon&amp;lc1=FF0030&amp;bc1=000000&amp;bg1=FFFFFF&amp;f=ifr\" width=\"300\" height=\"150\" frameborder=\"0\" marginwidth=\"0\" marginheight=\"0\" scrolling=\"no\"><\/iframe><\/p>\n","protected":false},"excerpt":{"rendered":"<p>Hemos remitido  a Juan Alonso Casalilla Gal\u00e1n. Psic\u00f3logo.Especialista en Adopci\u00f3n.  Experto en Protecci\u00f3n de Menores,  todas esas preguntas que con insistencia se formulan muchas familias, familias en espera para su primera adopci\u00f3n, otras que esperan su segundo hijo y muchas con sus hijos aqu\u00ed a las que a\u00fan \u00abescuece\u00bb el proceso por el que tuvieron que pasar y la larga espera que soportaron para conseguir ser padres por adopci\u00f3n.<\/p>\n","protected":false},"author":1,"featured_media":4604,"comment_status":"open","ping_status":"open","sticky":false,"template":"","format":"standard","meta":{"footnotes":""},"categories":[188,19,3,113,102,135,1],"tags":[47,27,45,72,55,20,63,16],"_links":{"self":[{"href":"https:\/\/adopcionpuntodeencuentro.com\/web\/wp-json\/wp\/v2\/posts\/4585"}],"collection":[{"href":"https:\/\/adopcionpuntodeencuentro.com\/web\/wp-json\/wp\/v2\/posts"}],"about":[{"href":"https:\/\/adopcionpuntodeencuentro.com\/web\/wp-json\/wp\/v2\/types\/post"}],"author":[{"embeddable":true,"href":"https:\/\/adopcionpuntodeencuentro.com\/web\/wp-json\/wp\/v2\/users\/1"}],"replies":[{"embeddable":true,"href":"https:\/\/adopcionpuntodeencuentro.com\/web\/wp-json\/wp\/v2\/comments?post=4585"}],"version-history":[{"count":18,"href":"https:\/\/adopcionpuntodeencuentro.com\/web\/wp-json\/wp\/v2\/posts\/4585\/revisions"}],"predecessor-version":[{"id":4612,"href":"https:\/\/adopcionpuntodeencuentro.com\/web\/wp-json\/wp\/v2\/posts\/4585\/revisions\/4612"}],"wp:featuredmedia":[{"embeddable":true,"href":"https:\/\/adopcionpuntodeencuentro.com\/web\/wp-json\/wp\/v2\/media\/4604"}],"wp:attachment":[{"href":"https:\/\/adopcionpuntodeencuentro.com\/web\/wp-json\/wp\/v2\/media?parent=4585"}],"wp:term":[{"taxonomy":"category","embeddable":true,"href":"https:\/\/adopcionpuntodeencuentro.com\/web\/wp-json\/wp\/v2\/categories?post=4585"},{"taxonomy":"post_tag","embeddable":true,"href":"https:\/\/adopcionpuntodeencuentro.com\/web\/wp-json\/wp\/v2\/tags?post=4585"}],"curies":[{"name":"wp","href":"https:\/\/api.w.org\/{rel}","templated":true}]}}