{"id":4693,"date":"2016-02-17T09:00:37","date_gmt":"2016-02-17T08:00:37","guid":{"rendered":"http:\/\/adopcionpuntodeencuentro.com\/web\/?p=4693"},"modified":"2016-02-16T10:49:00","modified_gmt":"2016-02-16T09:49:00","slug":"observatorio-de-violencia-intrafamiliar","status":"publish","type":"post","link":"https:\/\/adopcionpuntodeencuentro.com\/web\/observatorio-de-violencia-intrafamiliar\/","title":{"rendered":"Observatorio de Violencia Intrafamiliar"},"content":{"rendered":"<h3 class=\"post-title entry-title\">II Bolet\u00edn del Observatorio de Violencia Intrafamiliar<\/h3>\n<p><a href=\"http:\/\/fundacionfaim.blogspot.com.es\/\" rel=\"attachment wp-att-4695\"><img loading=\"lazy\" decoding=\"async\" class=\"alignleft wp-image-4695 \" src=\"http:\/\/adopcionpuntodeencuentro.com\/web\/wp-content\/uploads\/Clipboard03-422x600.jpg\" alt=\"Clipboard03\" width=\"321\" height=\"456\" srcset=\"https:\/\/adopcionpuntodeencuentro.com\/web\/wp-content\/uploads\/Clipboard03-422x600.jpg 422w, https:\/\/adopcionpuntodeencuentro.com\/web\/wp-content\/uploads\/Clipboard03-106x150.jpg 106w, https:\/\/adopcionpuntodeencuentro.com\/web\/wp-content\/uploads\/Clipboard03-211x300.jpg 211w, https:\/\/adopcionpuntodeencuentro.com\/web\/wp-content\/uploads\/Clipboard03.jpg 548w\" sizes=\"(max-width: 321px) 100vw, 321px\" \/><\/a>Esta publicaci\u00f3n recoge el trabajo de los profesionales que participan en el Observatorio de Violencia Intrafamiliar, un organismo interdisciplinar creado por la Fundaci\u00f3n para la Atenci\u00f3n Integral del Menor para el estudio y la prevenci\u00f3n de la violencia en el \u00e1mbito de la familia, sobre todo de la violencia filioparental.<\/p>\n<p>En este n\u00famero hacenun repaso de la IV reuni\u00f3n del Observatorio, que cont\u00f3 con la participaci\u00f3n del <strong>psic\u00f3logo Alberto Rodr\u00edguez<\/strong>, recoge la entrevista con el <strong>educador y periodista, Jaume Funes<\/strong>, y un an\u00e1lisis de las implicaciones penales de las denuncias a los hijos en los casos de violencia filioparental, con la colaboraci\u00f3n del <strong>doctor en derecho penal, Alfredo Abad\u00edas<\/strong>. Adem\u00e1s, nos ofrecen una selecci\u00f3n de recursos con los que podemos profundizar o trabajar diferentes aspectos de la educaci\u00f3n emocional.<\/p>\n<div><\/div>\n<p>En el II Bolet\u00edn del Observatorio ha participado la dise\u00f1adora <strong>Marta Boza<\/strong> con unas im\u00e1genes que definen con gran sensibilidad las emociones que est\u00e1n detr\u00e1s de la violencia y de las dificultades que entra\u00f1a.<\/p>\n<div><a href=\"http:\/\/fundacionfaim.blogspot.com.es\/\">La Fundaci\u00f3n para la Atenci\u00f3n Integral del Menor (FAIM)<\/a> es una entidad independiente y sin \u00e1nimo de lucro que surge en la Comunidad Aut\u00f3noma de Arag\u00f3n en Diciembre del 2002.<\/div>\n<div>FAIM asume los encargos de la administraci\u00f3n p\u00fablica y colabora con organizaciones privadas para acoger, proteger y reinsertar en la sociedad a menores en situaci\u00f3n de riesgo, desamparo, protecci\u00f3n, en conflicto social o infractores, est\u00e9n o no bajo medidas judiciales.<\/div>\n<div>FAIM nace como iniciativa de los Patronatos de la Fundaci\u00f3n ADUNARE, de la Fundaci\u00f3n RAM\u00d3N REY ARDID y de D. Carlos Alegre a t\u00edtulo particular.<\/div>\n<p><span style=\"color: #ff0000;\"><strong><a href=\"https:\/\/issuu.com\/fundaciondelmenorfaim\/docs\/ii_boleti__n_del_observatorio_de_vi\/1?e=23579004\/33382171\">Para leer el boletin .PINCHA AQU\u00cd.<\/a><\/strong><\/span><\/p>\n","protected":false},"excerpt":{"rendered":"<p>En este n\u00famero hacen un repaso de la IV reuni\u00f3n del Observatorio, que cont\u00f3 con la participaci\u00f3n del psic\u00f3logo Alberto Rodr\u00edguez, recoge la entrevista con el educador y periodista, Jaume Funes, y un an\u00e1lisis de las implicaciones penales de las denuncias a los hijos en los casos de violencia filioparental, con la colaboraci\u00f3n del doctor en derecho penal, Alfredo Abad\u00edas. Adem\u00e1s, nos ofrecen una selecci\u00f3n de recursos con los que podemos profundizar o trabajar diferentes aspectos de la educaci\u00f3n emocional.<\/p>\n","protected":false},"author":1,"featured_media":4699,"comment_status":"open","ping_status":"open","sticky":false,"template":"","format":"standard","meta":{"footnotes":""},"categories":[53,5,9],"tags":[56,27,45,55,13,28,126,70],"_links":{"self":[{"href":"https:\/\/adopcionpuntodeencuentro.com\/web\/wp-json\/wp\/v2\/posts\/4693"}],"collection":[{"href":"https:\/\/adopcionpuntodeencuentro.com\/web\/wp-json\/wp\/v2\/posts"}],"about":[{"href":"https:\/\/adopcionpuntodeencuentro.com\/web\/wp-json\/wp\/v2\/types\/post"}],"author":[{"embeddable":true,"href":"https:\/\/adopcionpuntodeencuentro.com\/web\/wp-json\/wp\/v2\/users\/1"}],"replies":[{"embeddable":true,"href":"https:\/\/adopcionpuntodeencuentro.com\/web\/wp-json\/wp\/v2\/comments?post=4693"}],"version-history":[{"count":1,"href":"https:\/\/adopcionpuntodeencuentro.com\/web\/wp-json\/wp\/v2\/posts\/4693\/revisions"}],"predecessor-version":[{"id":4696,"href":"https:\/\/adopcionpuntodeencuentro.com\/web\/wp-json\/wp\/v2\/posts\/4693\/revisions\/4696"}],"wp:featuredmedia":[{"embeddable":true,"href":"https:\/\/adopcionpuntodeencuentro.com\/web\/wp-json\/wp\/v2\/media\/4699"}],"wp:attachment":[{"href":"https:\/\/adopcionpuntodeencuentro.com\/web\/wp-json\/wp\/v2\/media?parent=4693"}],"wp:term":[{"taxonomy":"category","embeddable":true,"href":"https:\/\/adopcionpuntodeencuentro.com\/web\/wp-json\/wp\/v2\/categories?post=4693"},{"taxonomy":"post_tag","embeddable":true,"href":"https:\/\/adopcionpuntodeencuentro.com\/web\/wp-json\/wp\/v2\/tags?post=4693"}],"curies":[{"name":"wp","href":"https:\/\/api.w.org\/{rel}","templated":true}]}}