{"id":4700,"date":"2016-02-18T09:00:42","date_gmt":"2016-02-18T08:00:42","guid":{"rendered":"http:\/\/adopcionpuntodeencuentro.com\/web\/?p=4700"},"modified":"2017-12-26T09:56:29","modified_gmt":"2017-12-26T08:56:29","slug":"los-derechos-de-la-infancia-para-futuros-profesionales-de-educacion","status":"publish","type":"post","link":"https:\/\/adopcionpuntodeencuentro.com\/web\/los-derechos-de-la-infancia-para-futuros-profesionales-de-educacion\/","title":{"rendered":"Gu\u00eda.Los derechos de la infancia para futuros profesionales de educaci\u00f3n."},"content":{"rendered":"<p><a href=\"http:\/\/www.unicef.es\/sites\/www.unicef.es\/files\/los_derechos_de_la_infancia_para_futuros_profesionales_de_educacion._una_aproximacion.pdf\" target=\"_blank\" rel=\"attachment wp-att-4701 noopener\"><img loading=\"lazy\" decoding=\"async\" class=\"alignleft wp-image-4701 \" src=\"http:\/\/adopcionpuntodeencuentro.com\/web\/wp-content\/uploads\/derechos-infancia-futiros.jpg\" alt=\"derechos infancia futuros profesionales\" width=\"185\" height=\"250\" srcset=\"https:\/\/adopcionpuntodeencuentro.com\/web\/wp-content\/uploads\/derechos-infancia-futiros.jpg 553w, https:\/\/adopcionpuntodeencuentro.com\/web\/wp-content\/uploads\/derechos-infancia-futiros-111x150.jpg 111w, https:\/\/adopcionpuntodeencuentro.com\/web\/wp-content\/uploads\/derechos-infancia-futiros-221x300.jpg 221w, https:\/\/adopcionpuntodeencuentro.com\/web\/wp-content\/uploads\/derechos-infancia-futiros-443x600.jpg 443w\" sizes=\"(max-width: 185px) 100vw, 185px\" \/><\/a>Este manual es una herramienta did\u00e1ctica dise\u00f1ada para ser utilizada por el\u00a0<strong>profesorado<\/strong>\u00a0de las titulaciones relacionadas con la\u00a0<strong>Educaci\u00f3n<\/strong>, con el objetivo de formar en <strong>derechos de infancia <\/strong>a futuros profesionales de este \u00e1rea.<\/p>\n<p><em><strong> \u00a0Una aproximaci\u00f3n<\/strong><\/em> es un proyecto dise\u00f1ado y desarrollado por\u00a0<strong>UNICEF Comit\u00e9 Comunidad Valenciana<\/strong>, y financiado por la Conselleria de Transparencia de la\u00a0<strong>Generalitat Valenciana<\/strong>.<\/p>\n<p><span style=\"color: #f7054e;\"><strong>PARA DESCARGARTE LA GU\u00cdA PINCHA EN LA IMAGEN<\/strong><\/span><\/p>\n","protected":false},"excerpt":{"rendered":"<p>Este manual es una herramienta did\u00e1ctica dise\u00f1ada para ser utilizada por el profesorado de las titulaciones relacionadas con la Educaci\u00f3n, con el objetivo de formar en derechos de infancia a futuros profesionales de este \u00e1rea.<\/p>\n","protected":false},"author":1,"featured_media":4702,"comment_status":"open","ping_status":"open","sticky":false,"template":"","format":"standard","meta":{"footnotes":""},"categories":[5,280,10,17,12],"tags":[],"_links":{"self":[{"href":"https:\/\/adopcionpuntodeencuentro.com\/web\/wp-json\/wp\/v2\/posts\/4700"}],"collection":[{"href":"https:\/\/adopcionpuntodeencuentro.com\/web\/wp-json\/wp\/v2\/posts"}],"about":[{"href":"https:\/\/adopcionpuntodeencuentro.com\/web\/wp-json\/wp\/v2\/types\/post"}],"author":[{"embeddable":true,"href":"https:\/\/adopcionpuntodeencuentro.com\/web\/wp-json\/wp\/v2\/users\/1"}],"replies":[{"embeddable":true,"href":"https:\/\/adopcionpuntodeencuentro.com\/web\/wp-json\/wp\/v2\/comments?post=4700"}],"version-history":[{"count":4,"href":"https:\/\/adopcionpuntodeencuentro.com\/web\/wp-json\/wp\/v2\/posts\/4700\/revisions"}],"predecessor-version":[{"id":8442,"href":"https:\/\/adopcionpuntodeencuentro.com\/web\/wp-json\/wp\/v2\/posts\/4700\/revisions\/8442"}],"wp:featuredmedia":[{"embeddable":true,"href":"https:\/\/adopcionpuntodeencuentro.com\/web\/wp-json\/wp\/v2\/media\/4702"}],"wp:attachment":[{"href":"https:\/\/adopcionpuntodeencuentro.com\/web\/wp-json\/wp\/v2\/media?parent=4700"}],"wp:term":[{"taxonomy":"category","embeddable":true,"href":"https:\/\/adopcionpuntodeencuentro.com\/web\/wp-json\/wp\/v2\/categories?post=4700"},{"taxonomy":"post_tag","embeddable":true,"href":"https:\/\/adopcionpuntodeencuentro.com\/web\/wp-json\/wp\/v2\/tags?post=4700"}],"curies":[{"name":"wp","href":"https:\/\/api.w.org\/{rel}","templated":true}]}}