{"id":4771,"date":"2016-02-29T10:05:48","date_gmt":"2016-02-29T09:05:48","guid":{"rendered":"http:\/\/adopcionpuntodeencuentro.com\/web\/?p=4771"},"modified":"2016-02-25T23:06:34","modified_gmt":"2016-02-25T22:06:34","slug":"mi-mama-es-verde-mi-vecino-naranja","status":"publish","type":"post","link":"https:\/\/adopcionpuntodeencuentro.com\/web\/mi-mama-es-verde-mi-vecino-naranja\/","title":{"rendered":"Mi mam\u00e1 es verde, mi vecino naranja"},"content":{"rendered":"<p><a href=\"http:\/\/adopcionpuntodeencuentro.com\/web\/wp-content\/uploads\/mi-mama-es-verde-y-mi-vecino-naranja.jpg\" rel=\"attachment wp-att-4772\"><img loading=\"lazy\" decoding=\"async\" class=\" wp-image-4772 alignleft\" src=\"http:\/\/adopcionpuntodeencuentro.com\/web\/wp-content\/uploads\/mi-mama-es-verde-y-mi-vecino-naranja.jpg\" alt=\"mi-mama-es-verde-y-mi-vecino-naranja\" width=\"392\" height=\"392\" srcset=\"https:\/\/adopcionpuntodeencuentro.com\/web\/wp-content\/uploads\/mi-mama-es-verde-y-mi-vecino-naranja.jpg 600w, https:\/\/adopcionpuntodeencuentro.com\/web\/wp-content\/uploads\/mi-mama-es-verde-y-mi-vecino-naranja-150x150.jpg 150w, https:\/\/adopcionpuntodeencuentro.com\/web\/wp-content\/uploads\/mi-mama-es-verde-y-mi-vecino-naranja-300x300.jpg 300w, https:\/\/adopcionpuntodeencuentro.com\/web\/wp-content\/uploads\/mi-mama-es-verde-y-mi-vecino-naranja-320x320.jpg 320w, https:\/\/adopcionpuntodeencuentro.com\/web\/wp-content\/uploads\/mi-mama-es-verde-y-mi-vecino-naranja-80x80.jpg 80w, https:\/\/adopcionpuntodeencuentro.com\/web\/wp-content\/uploads\/mi-mama-es-verde-y-mi-vecino-naranja-380x380.jpg 380w, https:\/\/adopcionpuntodeencuentro.com\/web\/wp-content\/uploads\/mi-mama-es-verde-y-mi-vecino-naranja-67x67.jpg 67w\" sizes=\"(max-width: 392px) 100vw, 392px\" \/><\/a>Es este un cuento dirigido a los ni\u00f1os y a su familia, especialmente a aquellos m\u00e1s inquietos, desatentos, impulsivos, que tienen m\u00e1s dificultades para controlar sus emociones, a los que les resulta m\u00e1s dif\u00edcil ponerse en la perspectiva de los dem\u00e1s y que necesitan entrenamiento en habilidades sociales.<\/p>\n<p>Edad\/ Nivel: 6-10 a\u00f1os: Este cuento ense\u00f1a a los ni\u00f1os, como deben tratar y relacionarse con las personas conocidas y con las extra\u00f1as en funci\u00f3n de la confianza y familiaridad que tengan con ellas.<\/p>\n<h3><strong>El objetivo de este cuento.<\/strong><\/h3>\n<p>El cuento \u00abMi mam\u00e1 es verde, mi vecino naranja\u00bb, est\u00e1 especialmente indicado para ense\u00f1ar a los ni\u00f1os el modo en que tienen que relacionarse y tratar con las personas en funci\u00f3n de la confianza y familiaridad que tengan con ellas.<br \/>\nEl cuento est\u00e1 especialmente pensado para los ni\u00f1os m\u00e1s extrovertidos, espont\u00e1neos, impulsivos, sensibles y cari\u00f1osos. Aquellos ni\u00f1os y ni\u00f1as inteligentes despiertos que se muestran algo inmaduros en las relaciones sociales y tienden a tratar con la misma familiaridad a un primo, al vecino de toda la vida o un extra\u00f1o en el autob\u00fas.<br \/>\nAquellos ni\u00f1os extremadamente confiados que no entienden por qu\u00e9 ante lo que ellos creen que es amabilidad, sus padres se azoran, le llaman la atenci\u00f3n o les rega\u00f1an.<br \/>\n<strong>Esta historia ayudar\u00e1 a los ni\u00f1os a:<\/strong><\/p>\n<p>\u2022 Comprender que las personas se pueden distinguir por el grado de confianza y familiaridad que se tiene con ellas.<br \/>\n\u2022 Que no se puede tratar del mismo modo a los familiares, los conocidos y los extra\u00f1os.<br \/>\n\u2022 Que actuar de forma muy cari\u00f1osa y familiar con una persona poco conocida puede hacer que esa persona se sienta inc\u00f3moda, e incluso, que muestre rechazo.<br \/>\n\u2022 Aprender que es adecuado hacer en cada momento dependiendo de la persona con la que se est\u00e9 tratando.<br \/>\n\u2022 Finalmente, tambi\u00e9n les ense\u00f1ar\u00e1 a pensar antes de actuar y a felicitarse a s\u00ed mismos por los logros conseguidos.<\/p>\n<p>Est\u00e1 especialmente indicado para ni\u00f1os con d\u00e9ficit de Atenci\u00f3n e Hiperactividad (TDAH) o Asperger.<\/p>\n<p><strong><a href=\"http:\/\/adopcionpuntodeencuentro.com\/web\/wp-content\/uploads\/titulosB.png\" rel=\"attachment wp-att-4783\"><img loading=\"lazy\" decoding=\"async\" class=\" wp-image-4783 alignleft\" src=\"http:\/\/adopcionpuntodeencuentro.com\/web\/wp-content\/uploads\/titulosB.png\" alt=\"titulosB\" width=\"321\" height=\"473\" srcset=\"https:\/\/adopcionpuntodeencuentro.com\/web\/wp-content\/uploads\/titulosB.png 462w, https:\/\/adopcionpuntodeencuentro.com\/web\/wp-content\/uploads\/titulosB-102x150.png 102w, https:\/\/adopcionpuntodeencuentro.com\/web\/wp-content\/uploads\/titulosB-204x300.png 204w, https:\/\/adopcionpuntodeencuentro.com\/web\/wp-content\/uploads\/titulosB-407x600.png 407w\" sizes=\"(max-width: 321px) 100vw, 321px\" \/><\/a>Mi mam\u00e1 es verde, mi vecino naranja<\/strong> pertenece a la colecci\u00f3n <strong>Cuento contigo<\/strong> de la <a href=\"http:\/\/editorialcepe.es\/\" target=\"_blank\">editorial CEPE <\/a>est\u00e1 especialmente dirigida a los ni\u00f1os y ni\u00f1as que tienen m\u00e1s dificultades para controlar sus emociones, a los que les resulta m\u00e1s dif\u00edcil ponerse en las perspectiva de los dem\u00e1s y necesitan cierto entrenamiento en habilidades sociales.<br \/>\nSon especialmente indicados para ni\u00f1os con d\u00e9ficit de Atenci\u00f3n e Hiperactividad (TDAH) o Asperger.<br \/>\nEl tema de las historias ha sido elegido cuidadosamente por un grupo formado por especialistas en educaci\u00f3n y por padres, y se basan en experiencias reales. Abordan, de forma muy original, problemas cotidianos importantes en la vida de los ni\u00f1os y escasamente tratados en la literatura infantil.<br \/>\n<strong>Autores:<\/strong> <strong>Carmen Sara Floriano, Fausto Giles, Isabel Orjales y Rub\u00e9n Toro<\/strong><br \/>\n<strong><a href=\"http:\/\/editorialcepe.es\/\" target=\"_blank\">La Editorial Ciencias de la Educaci\u00f3n Preescolar y Especial (CEPE)<\/a><\/strong> lleva 43 a\u00f1os publicando y divulgando experiencias did\u00e1cticas y educativas de los profesionales de la educaci\u00f3n que trabajaban con alumnos de educaci\u00f3n especial y\/o necesitados de apoyo y recuperaci\u00f3n.<\/p>\n","protected":false},"excerpt":{"rendered":"<p>Este cuento  est\u00e1 dirigido a los ni\u00f1os y a su familia, especialmente a aquellos m\u00e1s inquietos, desatentos, impulsivos, que tienen m\u00e1s dificultades para controlar sus emociones, a los que les resulta m\u00e1s dif\u00edcil ponerse en la perspectiva de los dem\u00e1s y que necesitan entrenamiento en habilidades sociales.<\/p>\n","protected":false},"author":1,"featured_media":4781,"comment_status":"open","ping_status":"open","sticky":false,"template":"","format":"standard","meta":{"footnotes":""},"categories":[145,74,23,9,11,12],"tags":[38,230,37,55,32,79,50],"_links":{"self":[{"href":"https:\/\/adopcionpuntodeencuentro.com\/web\/wp-json\/wp\/v2\/posts\/4771"}],"collection":[{"href":"https:\/\/adopcionpuntodeencuentro.com\/web\/wp-json\/wp\/v2\/posts"}],"about":[{"href":"https:\/\/adopcionpuntodeencuentro.com\/web\/wp-json\/wp\/v2\/types\/post"}],"author":[{"embeddable":true,"href":"https:\/\/adopcionpuntodeencuentro.com\/web\/wp-json\/wp\/v2\/users\/1"}],"replies":[{"embeddable":true,"href":"https:\/\/adopcionpuntodeencuentro.com\/web\/wp-json\/wp\/v2\/comments?post=4771"}],"version-history":[{"count":6,"href":"https:\/\/adopcionpuntodeencuentro.com\/web\/wp-json\/wp\/v2\/posts\/4771\/revisions"}],"predecessor-version":[{"id":4787,"href":"https:\/\/adopcionpuntodeencuentro.com\/web\/wp-json\/wp\/v2\/posts\/4771\/revisions\/4787"}],"wp:featuredmedia":[{"embeddable":true,"href":"https:\/\/adopcionpuntodeencuentro.com\/web\/wp-json\/wp\/v2\/media\/4781"}],"wp:attachment":[{"href":"https:\/\/adopcionpuntodeencuentro.com\/web\/wp-json\/wp\/v2\/media?parent=4771"}],"wp:term":[{"taxonomy":"category","embeddable":true,"href":"https:\/\/adopcionpuntodeencuentro.com\/web\/wp-json\/wp\/v2\/categories?post=4771"},{"taxonomy":"post_tag","embeddable":true,"href":"https:\/\/adopcionpuntodeencuentro.com\/web\/wp-json\/wp\/v2\/tags?post=4771"}],"curies":[{"name":"wp","href":"https:\/\/api.w.org\/{rel}","templated":true}]}}