{"id":4913,"date":"2016-03-16T21:34:28","date_gmt":"2016-03-16T20:34:28","guid":{"rendered":"http:\/\/adopcionpuntodeencuentro.com\/web\/?p=4913"},"modified":"2018-09-10T11:09:09","modified_gmt":"2018-09-10T09:09:09","slug":"ayuda-con-tu-firma-a-las-familias-afectadas-de-saf","status":"publish","type":"post","link":"https:\/\/adopcionpuntodeencuentro.com\/web\/ayuda-con-tu-firma-a-las-familias-afectadas-de-saf\/","title":{"rendered":"Ayuda con tu firma a las familias afectadas de SAF"},"content":{"rendered":"<div class=\"mbl\">\n<div class=\"type-break-word type-l description\">\n<div class=\"rte js-description-content\">\n<div class=\"type-xs type-badge type-weak\">CARTA AL<\/div>\n<div class=\"type-face-serif\">\n<div class=\"type-s type-weak mtxs mbl\">\n<div>Ministerio de Sanidad, Servicios Sociales e Igualdad<\/div>\n<div>D. Alfonso Alonso Aranegui<\/div>\n<\/div>\n<\/div>\n<p><a href=\"http:\/\/adopcionpuntodeencuentro.com\/web\/wp-content\/uploads\/logo-1.jpg\" rel=\"attachment wp-att-4916\"><img loading=\"lazy\" decoding=\"async\" class=\"size-full wp-image-4916 alignleft\" src=\"http:\/\/adopcionpuntodeencuentro.com\/web\/wp-content\/uploads\/logo-1.jpg\" alt=\"logo\" width=\"349\" height=\"193\" srcset=\"https:\/\/adopcionpuntodeencuentro.com\/web\/wp-content\/uploads\/logo-1.jpg 349w, https:\/\/adopcionpuntodeencuentro.com\/web\/wp-content\/uploads\/logo-1-150x83.jpg 150w, https:\/\/adopcionpuntodeencuentro.com\/web\/wp-content\/uploads\/logo-1-300x166.jpg 300w\" sizes=\"(max-width: 349px) 100vw, 349px\" \/><\/a>Somos\u00a0 familias afectadas de<a href=\"http:\/\/adopcionpuntodeencuentro.com\/web\/que-es-fasd-saf-teaf\/\" target=\"_blank\" rel=\"noopener\"> SAF.<\/a>\u00a0Somos un grupo de familias con hijos e hijas afectados de <a href=\"http:\/\/adopcionpuntodeencuentro.com\/web\/que-es-fasd-saf-teaf\/\" target=\"_blank\" rel=\"noopener\">SAF<\/a> y estamos luchando por el reconocimiento de sus derechos,\u00a0 son ni\u00f1os\u00a0 con minusvalia psiquica que de apariencia\u00a0 son normales pero tienen importantes carencias.<\/p>\n<p>El a\u00f1o 2014, despu\u00e9s de varios contactos por Internet, una serie de familias con una problem\u00e1tica com\u00fan como es que sufren Trastorno del espectro alcoh\u00f3lico fetal, decidieron reunirse. De aquella primera reuni\u00f3n, y de otros posteriores, sali\u00f3 el compromiso firme de crear\u00a0<strong class=\"link-subtle\"><a href=\"http:\/\/www.afasaf.org\/\" target=\"_blank\" rel=\"noopener\">AFASAF<\/a><\/strong>, asociaci\u00f3n de familias afectadas de <a href=\"http:\/\/adopcionpuntodeencuentro.com\/web\/que-es-fasd-saf-teaf\/\" target=\"_blank\" rel=\"noopener\">SAF,<\/a> y ya se encuentra registrada en el registro de asociaciones, pero somos pocos a\u00fan y por eso nuestros hijos son invisibles.<\/p>\n<p>Este es un tema muy desconocido a nivel m\u00e9dico y de la comunidad escolar, lo cual dificulta el tratamiento m\u00e9dico-farmacol\u00f3gico adecuado y provoca situaciones en la vida cotidiana del ni\u00f1o que no contribuyen a su \u00f3ptimo desarrollo. En muchos casos, los ni\u00f1os padecen bullying, no suelen tener amigos pues son rechazados. Sabemos que en la actualidad aun hay muchas familias que desconocen el problema que tienen en casa. La sociedad debe conocer el problema y tenemos que poder contar con profesionales adecuados y adaptaciones\u00a0 educativas adecuadas a\u00a0 sus\u00a0 problemas.<\/p>\n<p>Un alto porcentaje de ni\u00f1os adoptados en pa\u00edses del Este est\u00e1n afectados, no todas las familias lo saben y piensan que son hiperactivos y con deficit psicologicos,etc.<\/p>\n<p>Sr ministro, necesitamos que\u00a0 esta enfermedad sea reconocida como en otros paises y que nuestros hijos tengan los mismos derechos y oportunidades que otros ni\u00f1os con otras enfermedades que tienen su diagnostico y su tratamiento, y que a nivel escolar sean tratados como necesitan.<\/p>\n<p>Son como los dem\u00e1s pero necesitan mas tiempo y un poco de ayuda.<\/p>\n<h4 class=\"h2 mtn mbxs xs-mbxs\" style=\"text-align: center;\"><span style=\"color: #f21847;\"><strong>Necesitamos vuestras firmas.Nuestros hijos os necesitan<\/strong><\/span><\/h4>\n<div class=\"display-inline-block hidden-xs max-width-100pct\">\n<div class=\"media-profile media-profile-small-height type-s\">\n<div class=\"txt-m\">\n<div class=\"type-ellipsis\" style=\"text-align: center;\"><strong class=\"link-subtle\"><a href=\"http:\/\/www.afasaf.org\/\" target=\"_blank\" rel=\"noopener\">AFASAF<\/a><\/strong><\/div>\n<div class=\"type-ellipsis\" style=\"text-align: center;\"><\/div>\n<\/div>\n<\/div>\n<\/div>\n<div class='divider' > <\/div>\n<h3><strong><a href=\"http:\/\/adopcionpuntodeencuentro.com\/web\/wp-content\/uploads\/recortadologo.jpg\" rel=\"attachment wp-att-4919\"><img loading=\"lazy\" decoding=\"async\" class=\"alignleft wp-image-4919\" src=\"http:\/\/adopcionpuntodeencuentro.com\/web\/wp-content\/uploads\/recortadologo.jpg\" alt=\"recortadologo\" width=\"200\" height=\"107\" srcset=\"https:\/\/adopcionpuntodeencuentro.com\/web\/wp-content\/uploads\/recortadologo.jpg 1655w, https:\/\/adopcionpuntodeencuentro.com\/web\/wp-content\/uploads\/recortadologo-150x80.jpg 150w, https:\/\/adopcionpuntodeencuentro.com\/web\/wp-content\/uploads\/recortadologo-300x160.jpg 300w, https:\/\/adopcionpuntodeencuentro.com\/web\/wp-content\/uploads\/recortadologo-768x410.jpg 768w, https:\/\/adopcionpuntodeencuentro.com\/web\/wp-content\/uploads\/recortadologo-600x320.jpg 600w, https:\/\/adopcionpuntodeencuentro.com\/web\/wp-content\/uploads\/recortadologo-380x202.jpg 380w\" sizes=\"(max-width: 200px) 100vw, 200px\" \/><\/a>Desde <a href=\"http:\/\/adopcionpuntodeencuentro.com\/\" target=\"_blank\" rel=\"noopener\">adopcionpuntodeencuentro.com<\/a>\u00a0nos sumamos a esta iniciativa que nos parece necesaria. Nuestra aportaci\u00f3n adem\u00e1s de haberla firmado es la de intentar que llegue a cuantas m\u00e1s familias y personas posibles para que se sumen con su firma a esta causa. <\/strong><\/h3>\n<h3><span style=\"color: #f21847;\"><strong>En firmar se\u00a0tardan\u00a015 segundos y 15 m\u00e1s si compartes esto en tus redes. Gracias.<\/strong><\/span><\/h3>\n<h1><strong>Para firmar apoyando\u00a0esta iniciativa.<a href=\"https:\/\/www.change.org\/p\/ministerio-de-sanidad-servicios-sociales-e-igualdad-d-alfonso-alonso-aranegui-nuestros-hijos-os-necesitan\" target=\"_blank\" rel=\"noopener\">Pincha aqu\u00ed<\/a><\/strong><\/h1>\n<\/div>\n<\/div>\n<\/div>\n<div id=\"petition-letter\" class=\"box box-basic box-shadow pas mbn\"><\/div>\n","protected":false},"excerpt":{"rendered":"<p>Una iniciativa para hacer visibles y ayudar a unos ni\u00f1os cuyo s\u00edndrome es todav\u00eda desconocido en \u00e1mbitos como la medicina pedi\u00e1trica de nuestro pa\u00eds e ignorado o confundido en la escuela.Y a\u00fan peor, hay muchas familias que desconocen el problema que tienen en casa. La sociedad debe conocer el problema y tienen que poder contar con profesionales adecuados y adaptaciones educativas adecuadas a sus problemas. Ahora podemos ayudarles firmando esta iniciativa.<\/p>\n","protected":false},"author":1,"featured_media":4914,"comment_status":"open","ping_status":"open","sticky":false,"template":"","format":"standard","meta":{"footnotes":""},"categories":[288,1],"tags":[],"_links":{"self":[{"href":"https:\/\/adopcionpuntodeencuentro.com\/web\/wp-json\/wp\/v2\/posts\/4913"}],"collection":[{"href":"https:\/\/adopcionpuntodeencuentro.com\/web\/wp-json\/wp\/v2\/posts"}],"about":[{"href":"https:\/\/adopcionpuntodeencuentro.com\/web\/wp-json\/wp\/v2\/types\/post"}],"author":[{"embeddable":true,"href":"https:\/\/adopcionpuntodeencuentro.com\/web\/wp-json\/wp\/v2\/users\/1"}],"replies":[{"embeddable":true,"href":"https:\/\/adopcionpuntodeencuentro.com\/web\/wp-json\/wp\/v2\/comments?post=4913"}],"version-history":[{"count":7,"href":"https:\/\/adopcionpuntodeencuentro.com\/web\/wp-json\/wp\/v2\/posts\/4913\/revisions"}],"predecessor-version":[{"id":9789,"href":"https:\/\/adopcionpuntodeencuentro.com\/web\/wp-json\/wp\/v2\/posts\/4913\/revisions\/9789"}],"wp:featuredmedia":[{"embeddable":true,"href":"https:\/\/adopcionpuntodeencuentro.com\/web\/wp-json\/wp\/v2\/media\/4914"}],"wp:attachment":[{"href":"https:\/\/adopcionpuntodeencuentro.com\/web\/wp-json\/wp\/v2\/media?parent=4913"}],"wp:term":[{"taxonomy":"category","embeddable":true,"href":"https:\/\/adopcionpuntodeencuentro.com\/web\/wp-json\/wp\/v2\/categories?post=4913"},{"taxonomy":"post_tag","embeddable":true,"href":"https:\/\/adopcionpuntodeencuentro.com\/web\/wp-json\/wp\/v2\/tags?post=4913"}],"curies":[{"name":"wp","href":"https:\/\/api.w.org\/{rel}","templated":true}]}}