{"id":4989,"date":"2016-03-23T11:55:22","date_gmt":"2016-03-23T10:55:22","guid":{"rendered":"http:\/\/adopcionpuntodeencuentro.com\/web\/?p=4989"},"modified":"2017-12-26T09:54:41","modified_gmt":"2017-12-26T08:54:41","slug":"guia-que-hacer-si-a-mi-hijo-le-derivan-a-educacion-especial","status":"publish","type":"post","link":"https:\/\/adopcionpuntodeencuentro.com\/web\/guia-que-hacer-si-a-mi-hijo-le-derivan-a-educacion-especial\/","title":{"rendered":"GU\u00cdA \u00bfQu\u00e9 hacer si a mi hijo le derivan a Educaci\u00f3n Especial?"},"content":{"rendered":"<p><a href=\"http:\/\/adopcionpuntodeencuentro.com\/web\/wp-content\/uploads\/DOWN.jpg\" rel=\"attachment wp-att-4990\"><img loading=\"lazy\" decoding=\"async\" class=\"alignleft wp-image-4990 size-medium\" src=\"http:\/\/adopcionpuntodeencuentro.com\/web\/wp-content\/uploads\/DOWN-249x300.jpg\" alt=\"DOWN\" width=\"249\" height=\"300\" srcset=\"https:\/\/adopcionpuntodeencuentro.com\/web\/wp-content\/uploads\/DOWN-249x300.jpg 249w, https:\/\/adopcionpuntodeencuentro.com\/web\/wp-content\/uploads\/DOWN-125x150.jpg 125w, https:\/\/adopcionpuntodeencuentro.com\/web\/wp-content\/uploads\/DOWN-499x600.jpg 499w, https:\/\/adopcionpuntodeencuentro.com\/web\/wp-content\/uploads\/DOWN.jpg 597w\" sizes=\"(max-width: 249px) 100vw, 249px\" \/><\/a>ES DERECHO DE LAS PERSONAS CON DISCAPACIDAD UNA EDUCACI\u00d3N INCLUSIVA EN IGUALDAD DE CONDICIONES CON LAS DEM\u00c1S PERSONAS, Y LAS MODALIDADES DE ESCOLARIZACI\u00d3N QUE SE SIT\u00daEN FUERA DEL SISTEMA COM\u00daN DE EDUCACI\u00d3N VULNERAN SU DERECHO A UNA EDUCACI\u00d3N INCLUSIVA.<\/p>\n<p>Las personas con discapacidad se encuentran con la necesidad de cumplir un requisito que no le es exigido al resto del alumnado: <strong>el dictamen de escolarizaci\u00f3n.<\/strong> De \u00e9l depender\u00e1, en buena medida, la escolarizaci\u00f3n del alumno y su modalidad. Sin olvidar que en funci\u00f3n de ese dictamen se puede \u201cimponer\u201d a los padres el centro en el que mejor puede estar su hijo; es decir, se le escolariza en aquel centro que cuenta con los recursos que se consideran adecuados a las necesidades del alumno.<\/p>\n<p>Durante el proceso de escolarizaci\u00f3n de su hijo con s\u00edndrome de Down,(u otras necesidades especiales)\u00a0la mayor\u00eda de las familias escucha que \u201ctiene necesidades educativas especiales\u201d. Son muchas las dudas que asaltan a los padres con relaci\u00f3n a este t\u00e9rmino: \u00bfA qu\u00e9 se refiere exactamente? \u00bfCu\u00e1ndo se puede decir que un alumno tiene necesidades educativas especiales? \u00bfQu\u00e9 debemos hacer y c\u00f3mo actuar si le derivan a un Centro de Educaci\u00f3n Especial? La asesora en educaci\u00f3n de DOWN ESPA\u00d1A, Ana Bel\u00e9n Rodr\u00edguez Plaza, ofrece en el siguiente texto las claves y la orientaci\u00f3n para que los padres sepan qu\u00e9 deben hacer frente a esta situaci\u00f3n.<\/p>\n<p><span style=\"color: #f50a64;\"><strong><a href=\"http:\/\/www.sindromedown.net\/wp-content\/uploads\/2016\/02\/Qu---hacer-si-a-mi-hijo-le-derivan-a-Educacion-Especial.pdf\" target=\"_blank\" rel=\"noopener\">Para obtener la GU\u00cdA PINCHA AQU\u00cd<\/a><\/strong><\/span><\/p>\n","protected":false},"excerpt":{"rendered":"<p>Las personas con discapacidad se encuentran con la necesidad de cumplir un requisito que no le es exigido al resto del alumnado: el dictamen de escolarizaci\u00f3n. De \u00e9l depender\u00e1, en buena medida, la escolarizaci\u00f3n del alumno y su modalidad. Sin olvidar que en funci\u00f3n de ese dictamen se puede \u201cimponer\u201d a los padres el centro en el que mejor puede estar su hijo.<\/p>\n","protected":false},"author":1,"featured_media":4992,"comment_status":"open","ping_status":"open","sticky":false,"template":"","format":"standard","meta":{"footnotes":""},"categories":[5,280,9,12,157],"tags":[],"_links":{"self":[{"href":"https:\/\/adopcionpuntodeencuentro.com\/web\/wp-json\/wp\/v2\/posts\/4989"}],"collection":[{"href":"https:\/\/adopcionpuntodeencuentro.com\/web\/wp-json\/wp\/v2\/posts"}],"about":[{"href":"https:\/\/adopcionpuntodeencuentro.com\/web\/wp-json\/wp\/v2\/types\/post"}],"author":[{"embeddable":true,"href":"https:\/\/adopcionpuntodeencuentro.com\/web\/wp-json\/wp\/v2\/users\/1"}],"replies":[{"embeddable":true,"href":"https:\/\/adopcionpuntodeencuentro.com\/web\/wp-json\/wp\/v2\/comments?post=4989"}],"version-history":[{"count":3,"href":"https:\/\/adopcionpuntodeencuentro.com\/web\/wp-json\/wp\/v2\/posts\/4989\/revisions"}],"predecessor-version":[{"id":8440,"href":"https:\/\/adopcionpuntodeencuentro.com\/web\/wp-json\/wp\/v2\/posts\/4989\/revisions\/8440"}],"wp:featuredmedia":[{"embeddable":true,"href":"https:\/\/adopcionpuntodeencuentro.com\/web\/wp-json\/wp\/v2\/media\/4992"}],"wp:attachment":[{"href":"https:\/\/adopcionpuntodeencuentro.com\/web\/wp-json\/wp\/v2\/media?parent=4989"}],"wp:term":[{"taxonomy":"category","embeddable":true,"href":"https:\/\/adopcionpuntodeencuentro.com\/web\/wp-json\/wp\/v2\/categories?post=4989"},{"taxonomy":"post_tag","embeddable":true,"href":"https:\/\/adopcionpuntodeencuentro.com\/web\/wp-json\/wp\/v2\/tags?post=4989"}],"curies":[{"name":"wp","href":"https:\/\/api.w.org\/{rel}","templated":true}]}}