{"id":5299,"date":"2016-05-21T19:30:37","date_gmt":"2016-05-21T17:30:37","guid":{"rendered":"http:\/\/adopcionpuntodeencuentro.com\/web\/?p=5299"},"modified":"2016-07-07T12:03:46","modified_gmt":"2016-07-07T10:03:46","slug":"principios-irrenunciables-de-una-paternidad-sana-por-assumpcio-roqueta-sureda","status":"publish","type":"post","link":"https:\/\/adopcionpuntodeencuentro.com\/web\/principios-irrenunciables-de-una-paternidad-sana-por-assumpcio-roqueta-sureda\/","title":{"rendered":"Principios irrenunciables de una paternidad sana. Por Assumpci\u00f3 Roqueta Sureda"},"content":{"rendered":"<h3><strong><a href=\"http:\/\/adopcionpuntodeencuentro.com\/web\/wp-content\/uploads\/Principios-incondicionales-infograf\u00eda.jpg\" rel=\"attachment wp-att-5302\"><img loading=\"lazy\" decoding=\"async\" class=\" wp-image-5302 alignleft\" src=\"http:\/\/adopcionpuntodeencuentro.com\/web\/wp-content\/uploads\/Principios-incondicionales-infograf\u00eda.jpg\" alt=\"Principios incondicionales infograf\u00eda\" width=\"344\" height=\"1145\" srcset=\"https:\/\/adopcionpuntodeencuentro.com\/web\/wp-content\/uploads\/Principios-incondicionales-infograf\u00eda.jpg 436w, https:\/\/adopcionpuntodeencuentro.com\/web\/wp-content\/uploads\/Principios-incondicionales-infograf\u00eda-45x150.jpg 45w, https:\/\/adopcionpuntodeencuentro.com\/web\/wp-content\/uploads\/Principios-incondicionales-infograf\u00eda-90x300.jpg 90w, https:\/\/adopcionpuntodeencuentro.com\/web\/wp-content\/uploads\/Principios-incondicionales-infograf\u00eda-180x600.jpg 180w\" sizes=\"(max-width: 344px) 100vw, 344px\" \/><\/a><\/strong><\/h3>\n<h3><\/h3>\n<h3><strong>\u2022 Incondicionalidad de la paternidad.<\/strong><\/h3>\n<p>\u201cEstaremos siempre contigo, hagas lo que hagas te querremos. No te abandonaremos nunca\u201d. Sea como sea nuestro hijo adoptado, lo aceptamos tal como es. El compromiso es para toda la vida. El tema de la permanencia de los padres es b\u00e1sico para la estabilidad del ni\u00f1o. Los padres han de ser visibles y accesibles, y ello requiere tiempo y disponibilidad para estar con el ni\u00f1o. Disponibilidad, proximidad y permanencia son pues, tres caracter\u00edsticas b\u00e1sicas que han de tener los padres.<\/p>\n<h3><strong>\u2022 Establecimiento de h\u00e1bitos, normas y l\u00edmites claros y s\u00f3lidos, y desde el primer momento.<\/strong><\/h3>\n<p>H\u00e1bitos y normas asequibles y coherentes para el buen funcionamiento y organizaci\u00f3n de la familia, teniendo en cuenta a la vez la flexibilizaci\u00f3n y la permeabilidad necesaria seg\u00fan la etapa evolutiva del ni\u00f1o. Esto genera en el ni\u00f1o seguridad y confianza. A su vez, es tambi\u00e9n importante consensuar las normas y dar un refuerzo positivo a los logros de los ni\u00f1os.<\/p>\n<h3><strong>\u2022 Coherencia entre lo que decimos y lo que hacemos y coherencia entre el padre y la madre <\/strong><\/h3>\n<p>Algo del todo necesaria para el desarrollo arm\u00f3nico del ni\u00f1o.<\/p>\n<h3><strong>\u2022 No compadecerlos. <\/strong><\/h3>\n<p>Aceptamos la mochila que todo ni\u00f1o adoptado lleva de su pasado, pero no la compasi\u00f3n como principio.<\/p>\n<h3><strong>\u2022 No enga\u00f1arlos nunca. <\/strong><\/h3>\n<p>El ni\u00f1o siempre ha de encontrar en sus padres respuestas verdaderas, y si no sabemos la respuesta, estaremos presentes, estaremos a su lado, buscando la proximidad la complicidad y el silencio.<\/p>\n<h3><strong>\u2022 Adaptarse a su ritmo. <\/strong><\/h3>\n<p>Es muy importante respetar el ritmo de nuestros hijos.<\/p>\n<h3>\u2022 Ajustar las expectativas a las aptitudes reales de los ni\u00f1os.<\/h3>\n<p>No se les puede pedir m\u00e1s de lo que son capaces de este aceptar al hijo tal como es implica aceptar sus l\u00edmites.<\/p>\n<p>&nbsp;<\/p>\n<p style=\"text-align: right;\"><strong><em>\u201cPara criar o educar bien a un hijo no hay que tratar de ser un padre o una madre perfectos, de la misma manera que no hay que esperar que el ni\u00f1o sea un individuo perfecto\u201d.<\/em><\/strong><br \/>\nB.BETTELHEIM, 1994.<\/p>\n<p>&nbsp;<\/p>\n<p><strong><a href=\"http:\/\/adopcionpuntodeencuentro.com\/web\/wp-content\/uploads\/gracias.jpg\" rel=\"attachment wp-att-1677\"><img loading=\"lazy\" decoding=\"async\" class=\" wp-image-1677 alignleft\" src=\"http:\/\/adopcionpuntodeencuentro.com\/web\/wp-content\/uploads\/gracias.jpg\" alt=\"gracias\" width=\"163\" height=\"222\" srcset=\"https:\/\/adopcionpuntodeencuentro.com\/web\/wp-content\/uploads\/gracias.jpg 307w, https:\/\/adopcionpuntodeencuentro.com\/web\/wp-content\/uploads\/gracias-110x150.jpg 110w, https:\/\/adopcionpuntodeencuentro.com\/web\/wp-content\/uploads\/gracias-221x300.jpg 221w\" sizes=\"(max-width: 163px) 100vw, 163px\" \/><\/a>Assumpta Roqueta Sureda.<\/strong>\u00a0Maestra, psic\u00f3loga, especialista en: psicomotricidad, pedagog\u00eda terap\u00e9utica y en audici\u00f3n y lenguaje. Formada en psicoter\u00e1pia infantil. IFIV de Barcelona.<\/p>\n<p>Este post est\u00e1 contenido en el cap\u00edtulo 3 de su \u00a0libro <a href=\"http:\/\/adopcionpuntodeencuentro.com\/web\/fui-adoptado-y-que\/\" target=\"_blank\">\u00ab<strong>FUI ADOPTADO \u00bfY QU\u00c9?\u00a0<\/strong><strong>Una nueva mirada de la adopci\u00f3n desde un enfoque sist\u00e9mico, comprensivo e integral\u00bb<\/strong><\/a>\u00a0de la<strong>\u00a0Editorial:\u00a0Medici<\/strong><\/p>\n<h4><strong>Otras publicaciones:<\/strong><\/h4>\n<p style=\"line-height: 18.1pt;\"><strong><span style=\"font-size: 12pt; font-family: 'Georgia','serif'; color: #333333;\"><a href=\"http:\/\/adopcionpuntodeencuentro.com\/web\/el-impacto-del-abandono\/\" target=\"_blank\">Neuropsicolog\u00eda del abandono y el maltrato infantil<\/a><\/span><\/strong><span style=\"font-size: 13.5pt; font-family: 'Georgia','serif'; color: #333333;\">\u00a0,\u00a0<\/span>junto con <strong>Beatriz Garc\u00eda Luna y Rosa Mar\u00eda Fern\u00e1ndez Garc\u00eda<\/strong><\/p>\n<p>&nbsp;<\/p>\n<div class='divider' > <\/div>\n<p><iframe loading=\"lazy\" style=\"width: 120px; height: 240px;\" src=\"http:\/\/rcm-eu.amazon-adsystem.com\/e\/cm?t=adopcionpunto-21&amp;o=30&amp;p=8&amp;l=as1&amp;asins=8497991389&amp;ref=qf_sp_asin_til&amp;fc1=000000&amp;IS2=1&amp;lt1=_blank&amp;m=amazon&amp;lc1=FF0030&amp;bc1=000000&amp;bg1=FFFFFF&amp;f=ifr\" width=\"300\" height=\"150\" frameborder=\"0\" marginwidth=\"0\" marginheight=\"0\" scrolling=\"no\"><\/iframe><\/p>\n","protected":false},"excerpt":{"rendered":"<p>De su \u00faltima publicaci\u00f3n Fui adoptado \u00bfy qu\u00e9? Una nueva mirada de la adopci\u00f3n desde un enfoque sist\u00e9mico, comprensivo e integral.<\/p>\n<p>\u00abLos padres han de ser visibles y accesibles, y ello requiere tiempo y disponibilidad para estar con el ni\u00f1o. Disponibilidad, proximidad y permanencia son pues, tres caracter\u00edsticas b\u00e1sicas que han de tener los padres\u00bb.<\/p>\n","protected":false},"author":1,"featured_media":5307,"comment_status":"open","ping_status":"open","sticky":false,"template":"","format":"standard","meta":{"footnotes":""},"categories":[75,244,31,1],"tags":[27,45,69,49,230,72,55,16],"_links":{"self":[{"href":"https:\/\/adopcionpuntodeencuentro.com\/web\/wp-json\/wp\/v2\/posts\/5299"}],"collection":[{"href":"https:\/\/adopcionpuntodeencuentro.com\/web\/wp-json\/wp\/v2\/posts"}],"about":[{"href":"https:\/\/adopcionpuntodeencuentro.com\/web\/wp-json\/wp\/v2\/types\/post"}],"author":[{"embeddable":true,"href":"https:\/\/adopcionpuntodeencuentro.com\/web\/wp-json\/wp\/v2\/users\/1"}],"replies":[{"embeddable":true,"href":"https:\/\/adopcionpuntodeencuentro.com\/web\/wp-json\/wp\/v2\/comments?post=5299"}],"version-history":[{"count":11,"href":"https:\/\/adopcionpuntodeencuentro.com\/web\/wp-json\/wp\/v2\/posts\/5299\/revisions"}],"predecessor-version":[{"id":5326,"href":"https:\/\/adopcionpuntodeencuentro.com\/web\/wp-json\/wp\/v2\/posts\/5299\/revisions\/5326"}],"wp:featuredmedia":[{"embeddable":true,"href":"https:\/\/adopcionpuntodeencuentro.com\/web\/wp-json\/wp\/v2\/media\/5307"}],"wp:attachment":[{"href":"https:\/\/adopcionpuntodeencuentro.com\/web\/wp-json\/wp\/v2\/media?parent=5299"}],"wp:term":[{"taxonomy":"category","embeddable":true,"href":"https:\/\/adopcionpuntodeencuentro.com\/web\/wp-json\/wp\/v2\/categories?post=5299"},{"taxonomy":"post_tag","embeddable":true,"href":"https:\/\/adopcionpuntodeencuentro.com\/web\/wp-json\/wp\/v2\/tags?post=5299"}],"curies":[{"name":"wp","href":"https:\/\/api.w.org\/{rel}","templated":true}]}}