{"id":5794,"date":"2016-09-05T09:39:12","date_gmt":"2016-09-05T07:39:12","guid":{"rendered":"http:\/\/adopcionpuntodeencuentro.com\/web\/?p=5794"},"modified":"2016-09-19T11:39:44","modified_gmt":"2016-09-19T09:39:44","slug":"una-nueva-cultura-de-la-adopcion","status":"publish","type":"post","link":"https:\/\/adopcionpuntodeencuentro.com\/web\/una-nueva-cultura-de-la-adopcion\/","title":{"rendered":"Una nueva cultura de la adopci\u00f3n"},"content":{"rendered":"<p><a href=\"http:\/\/adopcionpuntodeencuentro.com\/web\/wp-content\/uploads\/una-nueva-cultura-1.png\"><img loading=\"lazy\" decoding=\"async\" class=\"alignleft wp-image-5796 size-medium\" src=\"http:\/\/adopcionpuntodeencuentro.com\/web\/wp-content\/uploads\/una-nueva-cultura-1-400x379.png\" alt=\"una nueva cultura 1\" width=\"400\" height=\"379\" srcset=\"https:\/\/adopcionpuntodeencuentro.com\/web\/wp-content\/uploads\/una-nueva-cultura-1-400x379.png 400w, https:\/\/adopcionpuntodeencuentro.com\/web\/wp-content\/uploads\/una-nueva-cultura-1-150x142.png 150w, https:\/\/adopcionpuntodeencuentro.com\/web\/wp-content\/uploads\/una-nueva-cultura-1-52x50.png 52w, https:\/\/adopcionpuntodeencuentro.com\/web\/wp-content\/uploads\/una-nueva-cultura-1.png 448w\" sizes=\"(max-width: 400px) 100vw, 400px\" \/><\/a><br \/>\nHasta hace poco todos los libros, blogs y cuestiones relacionadas con la adopci\u00f3n infantil hac\u00edan referencia casi exclusivamente al lado m\u00e1s amable y satisfactorio de la paternidad adoptiva, y los libros escritos por profesionales ( tan de agradecer, sin embargo) que se\u00f1alaban o advert\u00edan de los problemas, las dificultades y algunos riesgos, estaban basados en cr\u00f3nicas de casos puntuales de ni\u00f1os con nombres ficticios que parec\u00edan ser casos cl\u00ednicos, anormalidades, sucesos puntuales.<\/p>\n<p>Tampoco es de recibo que ahora se pongan todos los acentos en la problem\u00e1tica y que no haya serie de televisi\u00f3n, pel\u00edcula o personaje siniestro al que no se le atribuya la circunstancia adoptiva como el desencadenante de su malignidad estigmatizando la adopci\u00f3n.<\/p>\n<p>Tan temerario\u00a0 e improcedente es estigmatizar a la adopci\u00f3n como lo ser\u00eda obviar sus particularidades o pretender igualar la parentalidad adoptiva a la biol\u00f3gica cuyas diferencias\u00a0 son notables y no est\u00e1n vinculadas exclusivamente a la forma de llegar el hijo a la familia sino tambi\u00e9n a las historias previas de padres e hijos adoptivos.<\/p>\n<p>Es necesario que se hable de la realidad adoptiva que mucha gente ignora, no para mermar el inter\u00e9s o el deseo de adoptar, sino como un algo absolutamente necesario para que quien opte por formar una familia por la v\u00eda adoptiva lo haga de manera consciente, bien informada y adecuadamente preparada, que conozcan los problemas que las familias adoptivas pueden tener y a causa de\u00a0la falta de ayuda o informaci\u00f3n impiden, en muchos casos, el disfrutar de una buena y saludable relaci\u00f3n familiar. Hay muchas\u00a0 adopciones frustradas o en peligro de fracasar\u00a0 y que podr\u00edan haber ido bien si desde el comienzo esas familias hubiesen contado con preparaci\u00f3n, informaci\u00f3n, ayuda y asesoramiento.<\/p>\n<p>Crearse falsas expectativas lleva aparejado que cuando aparecen las dificultades y problemas, al ser inesperados e insospechados, provocan decepciones que a veces\u00a0 las familias, por falta de preparaci\u00f3n y de predisposici\u00f3n para pedir ayuda, no pueden soportar.<\/p>\n<p>La informaci\u00f3n y la preparaci\u00f3n no puede conseguirse en un fin de semana de cursillos o charlas informativas.\u00a0 Formarse no es aprender intelectualmente una serie de conceptos, sino interiorizar conocimientos que se adquieren de forma lenta, larga y laboriosa, comprender, asimilar, integrar y digerir conocimientos pudiendo elaborarlos para luego ser capaces de aprovecharlos y usarlos en el momento oportuno. Habr\u00eda que procurar a las personas que deseen formar o ampliar su familia mediante la adopci\u00f3n, una preparaci\u00f3n que les capacite para adelantarse a los acontecimientos, instruirles para la prevenci\u00f3n.<\/p>\n<p>Ser\u00eda necesario por parte de la administraci\u00f3n llevar a cabo una muy buena preparaci\u00f3n y formaci\u00f3n de los futuros padres adoptivos. La preparaci\u00f3n para adoptar pasa por la necesidad de aproximarse a las necesidades y circunstancias de un menor en adopci\u00f3n, al mismo tiempo que explorar las propias motivaciones, sentimientos y emociones, las dudas, valorar la decisi\u00f3n con detenimiento, las capacidades ps\u00edquicas y emocionales, elaborar los duelos, ayudarles a reflexionar y profundizar sobre los aspectos reales que pueden ocasionar las secuelas que producen la historia previa de un ni\u00f1o susceptible de ser adoptado. Hacer un acompa\u00f1amiento pre y post adoptivo profesional de verdadera asistencia, alejado de la idea de que se les est\u00e1 examinando, inspeccionando o vigilando. Habr\u00eda que eliminar la ingenuidad y simplicidad con que muchas personas parecen abordar sus aspiraciones\u00a0 y concienciar sin aspavientos de que se trata de una decisi\u00f3n para la que hay que prepararse en conciencia, que conlleva riesgos para el bienestar futuro tanto del ni\u00f1o como de la familia \u00a0que lo adopta y para la que hay que estar muy seguro de las propias capacidades, as\u00ed como inculcarles la idea de que pedir ayuda y asesoramiento no significa ser menos competente, sino que fiarse de la experiencia y profesionalidad de los expertos es se\u00f1al de fuerza y no de debilidad.<\/p>\n<p><a href=\"http:\/\/adopcionpuntodeencuentro.com\/web\/wp-content\/uploads\/mochilones1.png\"><img loading=\"lazy\" decoding=\"async\" class=\"alignleft wp-image-5797\" src=\"http:\/\/adopcionpuntodeencuentro.com\/web\/wp-content\/uploads\/mochilones1-393x400.png\" alt=\"mochilones1\" width=\"400\" height=\"407\" srcset=\"https:\/\/adopcionpuntodeencuentro.com\/web\/wp-content\/uploads\/mochilones1-393x400.png 393w, https:\/\/adopcionpuntodeencuentro.com\/web\/wp-content\/uploads\/mochilones1-147x150.png 147w, https:\/\/adopcionpuntodeencuentro.com\/web\/wp-content\/uploads\/mochilones1-80x80.png 80w, https:\/\/adopcionpuntodeencuentro.com\/web\/wp-content\/uploads\/mochilones1-67x67.png 67w, https:\/\/adopcionpuntodeencuentro.com\/web\/wp-content\/uploads\/mochilones1.png 410w\" sizes=\"(max-width: 400px) 100vw, 400px\" \/><\/a>Hay que hablar de la complejidad adoptiva y de las grav\u00edsimas consecuencias con las que muchas familias se han encontrado por falta de preparaci\u00f3n, por encontrarse con problemas de los que no ten\u00edan ni idea y que una adecuada formaci\u00f3n y asesoramiento hubieran podido\u00a0 no evitar, pero si paliar.<\/p>\n<p>No se trata de espantar a nadie o, tal vez s\u00ed, a todos aquellos cuya visi\u00f3n de la adopci\u00f3n sea meramente rom\u00e1ntica y exenta de realismo, o cuyas motivaciones no concuerden con las necesarias para hacerse cargo de por vida de un menor que \u00a0tal vez no pueda cumplir sus elevadas expectativas.<\/p>\n<p>Se trata de promover la formaci\u00f3n basada en una informaci\u00f3n ver\u00eddica y objetiva de las circunstancias\u00a0 y sucesos con los que una familia adoptiva puede tener que enfrentarse empezando porque todo el mundo deber\u00eda entender que \u201cadoptar no equivale a tener un hijo propio\u201d sino que es algo mucho m\u00e1s complejo, y que hay que empezar por no escandalizarse ni ofenderse por sentencias como esta.<\/p>\n<p>En esta web tratamos desde esta perspectiva, de informar y divulgar cuanta informaci\u00f3n y trabajos consideramos de inter\u00e9s para\u00a0 las familias adoptantes o adoptivas. Poniendo el acento en que el ser padres por adopci\u00f3n es un reto no exento de dificultades, dificultades inherentes a la adopci\u00f3n, resultantes de la historia previa del ni\u00f1o que se convierte en nuestro hijo, y tambi\u00e9n de nuestra propia historia pero que al mismo tiempo lleva aparejadas todas las satisfacciones que genera la paternidad con un plus de superaci\u00f3n personal, lo que quiere decir que para poder afrontar desde un principio el emocionante reto de ser padres por adopci\u00f3n es necesario haber superado las propias dificultades, elaborados los duelos de las propias p\u00e9rdidas y superado los obst\u00e1culos administrativos, legales, sociales y hasta geogr\u00e1ficos que en muchas ocasiones impone el intrincado camino de la adopci\u00f3n infantil, un camino que al llegar a la meta es cuando verdaderamente empieza el reto. El reto emocionante de ser padres por adopci\u00f3n.<\/p>\n<p><a href=\"http:\/\/adopcionpuntodeencuentro.com\/web\/wp-content\/uploads\/logo-contacto.jpg\"><img loading=\"lazy\" decoding=\"async\" class=\"alignleft wp-image-5800\" src=\"http:\/\/adopcionpuntodeencuentro.com\/web\/wp-content\/uploads\/logo-contacto-400x214.jpg\" alt=\"logo contacto\" width=\"350\" height=\"187\" srcset=\"https:\/\/adopcionpuntodeencuentro.com\/web\/wp-content\/uploads\/logo-contacto-400x214.jpg 400w, https:\/\/adopcionpuntodeencuentro.com\/web\/wp-content\/uploads\/logo-contacto-150x80.jpg 150w, https:\/\/adopcionpuntodeencuentro.com\/web\/wp-content\/uploads\/logo-contacto-768x410.jpg 768w, https:\/\/adopcionpuntodeencuentro.com\/web\/wp-content\/uploads\/logo-contacto-600x320.jpg 600w, https:\/\/adopcionpuntodeencuentro.com\/web\/wp-content\/uploads\/logo-contacto-380x202.jpg 380w, https:\/\/adopcionpuntodeencuentro.com\/web\/wp-content\/uploads\/logo-contacto.jpg 1655w\" sizes=\"(max-width: 350px) 100vw, 350px\" \/><\/a><\/p>\n<p>&nbsp;<\/p>\n<p>Este nuevo curso seguiremos trabajando en ello y para ello contamos con quienes tengan algo que aportar para ayudar a las familias, a los maestros, a los profesionales y a cuantas personas lo precisen. Hay mucho por hacer, por aprender, por mejorar pero entre todos y sabi\u00e9ndonos acompa\u00f1ados se aprecia menos la dificultad y se previene la soledad, esa que tantas familias perciben como un miembro m\u00e1s.<\/p>\n<p>&nbsp;<\/p>\n<p><strong>Mercedes Moya<\/strong><\/p>\n<p>&nbsp;<\/p>\n","protected":false},"excerpt":{"rendered":"<p>Se trata de promover la formaci\u00f3n basada en una informaci\u00f3n ver\u00eddica y objetiva de las circunstancias  y sucesos con los que una familia adoptiva puede tener que enfrentarse empezando porque todo el mundo deber\u00eda entender que \u201cadoptar no equivale a tener un hijo propio\u201d sino que es algo mucho m\u00e1s complejo, y que hay que empezar por no escandalizarse ni ofenderse por sentencias como esta.<\/p>\n","protected":false},"author":1,"featured_media":5802,"comment_status":"open","ping_status":"open","sticky":false,"template":"","format":"standard","meta":{"footnotes":""},"categories":[255,10,9,17,4,11,1],"tags":[],"_links":{"self":[{"href":"https:\/\/adopcionpuntodeencuentro.com\/web\/wp-json\/wp\/v2\/posts\/5794"}],"collection":[{"href":"https:\/\/adopcionpuntodeencuentro.com\/web\/wp-json\/wp\/v2\/posts"}],"about":[{"href":"https:\/\/adopcionpuntodeencuentro.com\/web\/wp-json\/wp\/v2\/types\/post"}],"author":[{"embeddable":true,"href":"https:\/\/adopcionpuntodeencuentro.com\/web\/wp-json\/wp\/v2\/users\/1"}],"replies":[{"embeddable":true,"href":"https:\/\/adopcionpuntodeencuentro.com\/web\/wp-json\/wp\/v2\/comments?post=5794"}],"version-history":[{"count":7,"href":"https:\/\/adopcionpuntodeencuentro.com\/web\/wp-json\/wp\/v2\/posts\/5794\/revisions"}],"predecessor-version":[{"id":5805,"href":"https:\/\/adopcionpuntodeencuentro.com\/web\/wp-json\/wp\/v2\/posts\/5794\/revisions\/5805"}],"wp:featuredmedia":[{"embeddable":true,"href":"https:\/\/adopcionpuntodeencuentro.com\/web\/wp-json\/wp\/v2\/media\/5802"}],"wp:attachment":[{"href":"https:\/\/adopcionpuntodeencuentro.com\/web\/wp-json\/wp\/v2\/media?parent=5794"}],"wp:term":[{"taxonomy":"category","embeddable":true,"href":"https:\/\/adopcionpuntodeencuentro.com\/web\/wp-json\/wp\/v2\/categories?post=5794"},{"taxonomy":"post_tag","embeddable":true,"href":"https:\/\/adopcionpuntodeencuentro.com\/web\/wp-json\/wp\/v2\/tags?post=5794"}],"curies":[{"name":"wp","href":"https:\/\/api.w.org\/{rel}","templated":true}]}}