{"id":5837,"date":"2016-09-24T10:59:48","date_gmt":"2016-09-24T08:59:48","guid":{"rendered":"http:\/\/adopcionpuntodeencuentro.com\/web\/?p=5837"},"modified":"2021-05-10T09:20:18","modified_gmt":"2021-05-10T07:20:18","slug":"ese-entorno-comodo","status":"publish","type":"post","link":"https:\/\/adopcionpuntodeencuentro.com\/web\/ese-entorno-comodo\/","title":{"rendered":"Ese entorno c\u00f3modo. Por Mercedes Moya"},"content":{"rendered":"<p><a href=\"http:\/\/adopcionpuntodeencuentro.com\/web\/wp-content\/uploads\/ese-entorno-1.png\"><img loading=\"lazy\" decoding=\"async\" class=\"alignleft wp-image-5838\" src=\"http:\/\/adopcionpuntodeencuentro.com\/web\/wp-content\/uploads\/ese-entorno-1-474x600.png\" alt=\"ese-entorno-1\" width=\"403\" height=\"510\" srcset=\"https:\/\/adopcionpuntodeencuentro.com\/web\/wp-content\/uploads\/ese-entorno-1-474x600.png 474w, https:\/\/adopcionpuntodeencuentro.com\/web\/wp-content\/uploads\/ese-entorno-1-119x150.png 119w, https:\/\/adopcionpuntodeencuentro.com\/web\/wp-content\/uploads\/ese-entorno-1-316x400.png 316w, https:\/\/adopcionpuntodeencuentro.com\/web\/wp-content\/uploads\/ese-entorno-1.png 573w\" sizes=\"(max-width: 403px) 100vw, 403px\" \/><\/a>Parece de Perogrullo pero la adaptaci\u00f3n que tienen que hacer los ni\u00f1os adoptados o acogidos es tan global que a veces olvidamos que por que pasan a una \u201cvida mejor\u201d no les va a costar trabajo. Habitualmente ese entorno\u00a0 c\u00f3modo, limpio, y en la medida de lo posible previsible y seguro no les resulta acogedor sino a veces, todo lo contrario, ya que provienen de otro muy diferente, de familias no s\u00f3lo desfavorecidas sino con una situaci\u00f3n social profundamente marginal y no s\u00f3lo en lo que se refiere a los ni\u00f1os adoptados \u201cmayores\u201d, sino a los peque\u00f1os tambi\u00e9n, en los que se observa ese miedo y casi aversi\u00f3n por ejemplo, a la ducha, o sencillamente a lavarse la cara, -no digamos el pelo-, a la oscuridad e incluso al silencio, o por el contrario a los ruidos e infinidad de est\u00edmulos sensitivos a los que les sometemos sin tener en cuenta que sus sentidos no est\u00e1n en absoluto entrenados, y aunque a nosotros, tan acostumbrados a nuestra vida, nos parezca que nada extraordinario hay en nuestra rutina, a ellos \u00a0les cuesta mucho adaptarse a las costumbres y a las normas porque provienen de estratos sociales cuyas costumbres distan mucho de las de las familias a las que se incorporan. Y nos cuesta entender, a nosotros y a los de nuestro c\u00edrculo, que esa adaptaci\u00f3n a un entorno tan \u201cconfortable y favorable\u201d les cueste tanto.<\/p>\n<p>Tratan de amoldarse, quieren encajar pero distorsionan, desconciertan, confunden y se sienten confusos, hay que ayudarles a entender que algunas de sus pr\u00e1cticas y conductas que tan \u00fatiles les fueron en un pasado no les sirven en su nueva situaci\u00f3n sino que lejos de servirles, les causa problemas y muchas veces provoca el rechazo de su nuevo entorno que no comprende ni se hace una idea de lo que provoca esas conductas disruptivas, a veces provocadas por sensaciones que nada tienen que ver con el momento presente y presencial en el que est\u00e1n sino que en ese escenario hay algo que, como en un tunel o una m\u00e1quina del tiempo, les proyectan a otro escenario y otra situaci\u00f3n que nada tiene que ver con la coyuntura que est\u00e1n viviendo. Nuestros hijos son unas peque\u00f1as bombas de relojer\u00eda con un temporizador cuyo mecanismo puede ponerse en marcha y estallar en las situaciones m\u00e1s triviales, por las razones m\u00e1s insospechadas,<\/p>\n<p>Esos comportamientos y conductas han de ser entendidas y \u201cdesprogramadas\u201d procurando que, poco a poco, asimilen y adapten otras nuevas que les sirvan mejor en el nuevo entorno, aunque debemos tener muy en cuenta que las antiguas ser\u00e1n muy dif\u00edciles de desbancar porque seguramente les han servido para sobrevivir en etapas anteriores.<\/p>\n<p>Se necesita tiempo, comprensi\u00f3n y paciencia, grandes dosis de esta \u00faltima para conseguir una vida en armon\u00eda familiar y personal para todos, la adaptaci\u00f3n para todos, es un camino lento y angosto, lleno de rincones donde las sorpresas de toda \u00edndole esperan emboscadas, al principio a cada paso, hasta que incluso en algunos momentos pareciera que forma parte del cuadro familiar, tomando posiciones, present\u00e1ndose sin avisar en los momentos m\u00e1s inesperados. Un miembro al que nunca acabas de acostumbrarte pero al que sin duda aprendes a sobrellevar, lo estudias y tratas de anticiparte, aunque siempre encuentra el modo de sorprenderte.<\/p>\n<p><a href=\"http:\/\/adopcionpuntodeencuentro.com\/web\/wp-content\/uploads\/superviviente1leyenda.png\"><img loading=\"lazy\" decoding=\"async\" class=\"alignleft wp-image-5842\" src=\"http:\/\/adopcionpuntodeencuentro.com\/web\/wp-content\/uploads\/superviviente1leyenda.png\" alt=\"superviviente1leyenda\" width=\"403\" height=\"411\" srcset=\"https:\/\/adopcionpuntodeencuentro.com\/web\/wp-content\/uploads\/superviviente1leyenda.png 533w, https:\/\/adopcionpuntodeencuentro.com\/web\/wp-content\/uploads\/superviviente1leyenda-147x150.png 147w, https:\/\/adopcionpuntodeencuentro.com\/web\/wp-content\/uploads\/superviviente1leyenda-392x400.png 392w, https:\/\/adopcionpuntodeencuentro.com\/web\/wp-content\/uploads\/superviviente1leyenda-67x67.png 67w\" sizes=\"(max-width: 403px) 100vw, 403px\" \/><\/a>Nuestros hijos se incorporan a un sistema social muy organizado que no va a pon\u00e9rselo f\u00e1cil, en la escuela por ejemplo, no deber\u00eda ser s\u00f3lo un lugar para adquirir conocimientos sino que deber\u00eda ser, sobre todo para nuestros hijos, un lugar de socializaci\u00f3n, pero en la mayor\u00eda de los casos han de enfrentarse solos a ese sistema, en ese lugar en el que deber\u00edan existir los mecanismos de adaptaci\u00f3n entre iguales para una socializaci\u00f3n acogedora y segura, es muchas veces donde encuentran mayores barreras y hostilidad convirti\u00e9ndose en un campo de batalla y un h\u00e1ndicap para su desarrollo personal y social.<\/p>\n<p>Los padres podemos intentar estar atentos y estar al quite en los cursos de primaria, pero muchas veces nos encontramos y sentimos tan incomprendidos como se sienten ellos, asumiendo funciones\u00a0 en casa que no nos corresponden y que no favorecen el buen funcionamiento familiar. Un proceso tan fundamental y b\u00e1sico en la vida y el desarrollo de nuestros hijos, como es el de su escolarizaci\u00f3n\u00a0 depende de la suerte, de que nuestros hijos den con personas que no les demonicen y que entiendan que han sido v\u00edctimas, y que la escuela puede hacer mucho por ellos en lo que a integraci\u00f3n e inclusi\u00f3n se refiere.<\/p>\n<p>Nuestros hijos necesitan aprender lo que significa pertenecer a un grupo, identificarse con \u00e9l, sentirse aceptados, tener amigos, sentirse comprendidos de verdad, valorados. Y de no ser as\u00ed, de no encontrar aceptaci\u00f3n y apoyo suficiente para nuestros ni\u00f1os, que nadie crea que es un\u00a0\u00a0 asunto propio, personal y privado, el que llegue a complic\u00e1rseles, a complic\u00e1rsenos severamente la vida. La escuela, la sociedad, debe de tener mecanismos de ayuda suficientes y ha de preocuparse por cada individuo que la componga, porque de ello depende el buen o mal funcionamiento de un sistema que hace tiempo que parece haber perdido esto de vista.<\/p>\n<p>Citando a una de mis maestras favoritas <a href=\"http:\/\/adopcionpuntodeencuentro.com\/web\/una-escuela-de-vuelo-fabula-de-pilar-gonzalez-moreno\/\" target=\"_blank\" rel=\"noopener noreferrer\">Pilar Gonz\u00e1lez Moreno<\/a> :<em>Es la propia sociedad la que se beneficia de tener una escuela que es capaz de convertir a todos y todas, sean las que sean sus circunstancias y caracter\u00edsticas, en grandes seres humanos. <strong>La escuela, por encima de todo ha de humanizar<\/strong><\/em>.<\/p>\n<p>&nbsp;<\/p>\n<p>\u00bfQUIERES SABER M\u00c1S?<\/p>\n<p><a href=\"http:\/\/adopcionpuntodeencuentro.com\/web\/epigenetica-y-escuela-que-estamos-permitiendo-que-suceda-o-mejor-dicho-que-no-suceda-por-mercedes-moya\/\" target=\"_blank\" rel=\"noopener noreferrer\"><img loading=\"lazy\" decoding=\"async\" class=\" wp-image-13881 alignleft\" src=\"http:\/\/adopcionpuntodeencuentro.com\/web\/wp-content\/uploads\/cerebrin-caratula-124x150.jpg\" alt=\"\" width=\"110\" height=\"133\" srcset=\"https:\/\/adopcionpuntodeencuentro.com\/web\/wp-content\/uploads\/cerebrin-caratula-124x150.jpg 124w, https:\/\/adopcionpuntodeencuentro.com\/web\/wp-content\/uploads\/cerebrin-caratula-373x450.jpg 373w, https:\/\/adopcionpuntodeencuentro.com\/web\/wp-content\/uploads\/cerebrin-caratula-637x768.jpg 637w, https:\/\/adopcionpuntodeencuentro.com\/web\/wp-content\/uploads\/cerebrin-caratula-768x926.jpg 768w, https:\/\/adopcionpuntodeencuentro.com\/web\/wp-content\/uploads\/cerebrin-caratula-1274x1536.jpg 1274w, https:\/\/adopcionpuntodeencuentro.com\/web\/wp-content\/uploads\/cerebrin-caratula.jpg 1448w\" sizes=\"(max-width: 110px) 100vw, 110px\" \/> <\/a><\/p>\n<p>&nbsp;<\/p>\n<p><a href=\"http:\/\/adopcionpuntodeencuentro.com\/web\/epigenetica-y-escuela-que-estamos-permitiendo-que-suceda-o-mejor-dicho-que-no-suceda-por-mercedes-moya\/\" target=\"_blank\" rel=\"noopener noreferrer\">\u00bb Epigen\u00e9tica y Escuela. \u00bfQu\u00e9 estamos permitiendo que suceda, o mejor dicho que no suceda?\u00bb<\/a><\/p>\n<p>&nbsp;<\/p>\n<p><img loading=\"lazy\" decoding=\"async\" class=\"alignleft wp-image-13734 size-thumbnail\" src=\"http:\/\/adopcionpuntodeencuentro.com\/web\/wp-content\/uploads\/PORTADA-GU\u00cdA-112x150.jpg\" alt=\"\" width=\"112\" height=\"150\" srcset=\"https:\/\/adopcionpuntodeencuentro.com\/web\/wp-content\/uploads\/PORTADA-GU\u00cdA-112x150.jpg 112w, https:\/\/adopcionpuntodeencuentro.com\/web\/wp-content\/uploads\/PORTADA-GU\u00cdA-336x450.jpg 336w, https:\/\/adopcionpuntodeencuentro.com\/web\/wp-content\/uploads\/PORTADA-GU\u00cdA-573x768.jpg 573w, https:\/\/adopcionpuntodeencuentro.com\/web\/wp-content\/uploads\/PORTADA-GU\u00cdA-768x1029.jpg 768w, https:\/\/adopcionpuntodeencuentro.com\/web\/wp-content\/uploads\/PORTADA-GU\u00cdA.jpg 800w\" sizes=\"(max-width: 112px) 100vw, 112px\" \/><\/p>\n<p>Os recomendamos descargar la Gu\u00eda <a href=\"http:\/\/adopcionpuntodeencuentro.com\/web\/guia-para-la-deteccion-y-ayuda-en-la-escuela-de-las-dificultades-de-aprendizaje-por-t-a-t\/\" target=\"_blank\" rel=\"noopener noreferrer\"><b><strong>Dificultades de Aprendizaje en la Escuela por Trauma por Adversidad Temprana (T.A.T.) Gu\u00eda para la Detecci\u00f3n y Ayuda<\/strong>.<\/b><\/a><\/p>\n<p>&nbsp;<\/p>\n<p>&nbsp;<\/p>\n<div class='divider' > <\/div>\n<p><img loading=\"lazy\" decoding=\"async\" class=\"aligncenter wp-image-13728 size-full\" src=\"http:\/\/adopcionpuntodeencuentro.com\/web\/wp-content\/uploads\/Mercedes-Moya-2021-biografia-1.png\" alt=\"\" width=\"1579\" height=\"695\" srcset=\"https:\/\/adopcionpuntodeencuentro.com\/web\/wp-content\/uploads\/Mercedes-Moya-2021-biografia-1.png 1579w, https:\/\/adopcionpuntodeencuentro.com\/web\/wp-content\/uploads\/Mercedes-Moya-2021-biografia-1-450x198.png 450w, https:\/\/adopcionpuntodeencuentro.com\/web\/wp-content\/uploads\/Mercedes-Moya-2021-biografia-1-1024x451.png 1024w, https:\/\/adopcionpuntodeencuentro.com\/web\/wp-content\/uploads\/Mercedes-Moya-2021-biografia-1-150x66.png 150w, https:\/\/adopcionpuntodeencuentro.com\/web\/wp-content\/uploads\/Mercedes-Moya-2021-biografia-1-768x338.png 768w, https:\/\/adopcionpuntodeencuentro.com\/web\/wp-content\/uploads\/Mercedes-Moya-2021-biografia-1-1536x676.png 1536w\" sizes=\"(max-width: 1579px) 100vw, 1579px\" \/><\/p>\n<div class='divider' > <\/div>\n<p>&nbsp;<\/p>\n<p><a href=\"http:\/\/mariposasenelcorazon.com\/comprar\/\" target=\"_blank\" rel=\"attachment wp-att-4863 noopener noreferrer\"><img loading=\"lazy\" decoding=\"async\" class=\" wp-image-5781 alignleft\" src=\"http:\/\/adopcionpuntodeencuentro.com\/web\/wp-content\/uploads\/boton-comprade-yo-tengo-dos.png\" alt=\"boton comprade yo tengo dos\" width=\"136\" height=\"234\" srcset=\"https:\/\/adopcionpuntodeencuentro.com\/web\/wp-content\/uploads\/boton-comprade-yo-tengo-dos.png 161w, https:\/\/adopcionpuntodeencuentro.com\/web\/wp-content\/uploads\/boton-comprade-yo-tengo-dos-87x150.png 87w\" sizes=\"(max-width: 136px) 100vw, 136px\" \/><img loading=\"lazy\" decoding=\"async\" class=\"alignleft wp-image-4863 \" src=\"http:\/\/adopcionpuntodeencuentro.com\/web\/wp-content\/uploads\/boton-compra-mariposas.png\" alt=\"boton compra mariposas\" width=\"139\" height=\"239\" srcset=\"https:\/\/adopcionpuntodeencuentro.com\/web\/wp-content\/uploads\/boton-compra-mariposas.png 161w, https:\/\/adopcionpuntodeencuentro.com\/web\/wp-content\/uploads\/boton-compra-mariposas-87x150.png 87w\" sizes=\"(max-width: 139px) 100vw, 139px\" \/><\/a><img loading=\"lazy\" decoding=\"async\" class=\" wp-image-5575 alignleft\" src=\"http:\/\/adopcionpuntodeencuentro.com\/web\/wp-content\/uploads\/boton-comprade-que-color-es.png\" alt=\"boton comprade que color es\" width=\"137\" height=\"236\" srcset=\"https:\/\/adopcionpuntodeencuentro.com\/web\/wp-content\/uploads\/boton-comprade-que-color-es.png 161w, https:\/\/adopcionpuntodeencuentro.com\/web\/wp-content\/uploads\/boton-comprade-que-color-es-87x150.png 87w\" sizes=\"(max-width: 137px) 100vw, 137px\" \/><a href=\"http:\/\/adopcionpuntodeencuentro.com\/web\/adquisicion-del-libro\/\"><img loading=\"lazy\" decoding=\"async\" class=\"alignleft wp-image-8261 \" src=\"http:\/\/adopcionpuntodeencuentro.com\/web\/wp-content\/uploads\/BOTON-DE-COMPRA-COMPARTIENO.png\" alt=\"\" width=\"136\" height=\"235\" srcset=\"https:\/\/adopcionpuntodeencuentro.com\/web\/wp-content\/uploads\/BOTON-DE-COMPRA-COMPARTIENO.png 161w, https:\/\/adopcionpuntodeencuentro.com\/web\/wp-content\/uploads\/BOTON-DE-COMPRA-COMPARTIENO-87x150.png 87w\" sizes=\"(max-width: 136px) 100vw, 136px\" \/><\/a><\/p>\n<p>&nbsp;<\/p>\n","protected":false},"excerpt":{"rendered":"<p>Tratan de amoldarse, quieren encajar pero distorsionan, desconciertan y  confunden y se sienten confusos, hay que ayudarles a entender que algunas de sus pr\u00e1cticas y conductas que tan \u00fatiles les fueron en un pasado no les sirven en su nueva situaci\u00f3n sino que lejos de servirles les causa problemas y muchas veces provoca el rechazo de su nuevo entorno que no comprende ni se hace una idea de lo que provoca esas conductas disruptivas<\/p>\n","protected":false},"author":1,"featured_media":13953,"comment_status":"open","ping_status":"open","sticky":false,"template":"","format":"standard","meta":{"footnotes":""},"categories":[255,1],"tags":[47,27,45,93,38,230,37,55,28],"_links":{"self":[{"href":"https:\/\/adopcionpuntodeencuentro.com\/web\/wp-json\/wp\/v2\/posts\/5837"}],"collection":[{"href":"https:\/\/adopcionpuntodeencuentro.com\/web\/wp-json\/wp\/v2\/posts"}],"about":[{"href":"https:\/\/adopcionpuntodeencuentro.com\/web\/wp-json\/wp\/v2\/types\/post"}],"author":[{"embeddable":true,"href":"https:\/\/adopcionpuntodeencuentro.com\/web\/wp-json\/wp\/v2\/users\/1"}],"replies":[{"embeddable":true,"href":"https:\/\/adopcionpuntodeencuentro.com\/web\/wp-json\/wp\/v2\/comments?post=5837"}],"version-history":[{"count":16,"href":"https:\/\/adopcionpuntodeencuentro.com\/web\/wp-json\/wp\/v2\/posts\/5837\/revisions"}],"predecessor-version":[{"id":13955,"href":"https:\/\/adopcionpuntodeencuentro.com\/web\/wp-json\/wp\/v2\/posts\/5837\/revisions\/13955"}],"wp:featuredmedia":[{"embeddable":true,"href":"https:\/\/adopcionpuntodeencuentro.com\/web\/wp-json\/wp\/v2\/media\/13953"}],"wp:attachment":[{"href":"https:\/\/adopcionpuntodeencuentro.com\/web\/wp-json\/wp\/v2\/media?parent=5837"}],"wp:term":[{"taxonomy":"category","embeddable":true,"href":"https:\/\/adopcionpuntodeencuentro.com\/web\/wp-json\/wp\/v2\/categories?post=5837"},{"taxonomy":"post_tag","embeddable":true,"href":"https:\/\/adopcionpuntodeencuentro.com\/web\/wp-json\/wp\/v2\/tags?post=5837"}],"curies":[{"name":"wp","href":"https:\/\/api.w.org\/{rel}","templated":true}]}}