{"id":5886,"date":"2016-09-30T09:23:54","date_gmt":"2016-09-30T07:23:54","guid":{"rendered":"http:\/\/adopcionpuntodeencuentro.com\/web\/?p=5886"},"modified":"2016-09-30T09:36:18","modified_gmt":"2016-09-30T07:36:18","slug":"adopcine-los-chicos-invisibles-y-ellos-te-eligen-mario-e-levit","status":"publish","type":"post","link":"https:\/\/adopcionpuntodeencuentro.com\/web\/adopcine-los-chicos-invisibles-y-ellos-te-eligen-mario-e-levit\/","title":{"rendered":"ADOPCINE: \u00abLos chicos invisibles\u00bb y \u00abEllos te eligen\u00bb. Mario E. Levit"},"content":{"rendered":"<p><strong><a href=\"http:\/\/adopcionpuntodeencuentro.com\/web\/wp-content\/uploads\/LOS-CHICOS-INVISIBLES.jpg\"><img loading=\"lazy\" decoding=\"async\" class=\"alignleft size-full wp-image-5887\" src=\"http:\/\/adopcionpuntodeencuentro.com\/web\/wp-content\/uploads\/LOS-CHICOS-INVISIBLES.jpg\" alt=\"los-chicos-invisibles\" width=\"322\" height=\"398\" srcset=\"https:\/\/adopcionpuntodeencuentro.com\/web\/wp-content\/uploads\/LOS-CHICOS-INVISIBLES.jpg 322w, https:\/\/adopcionpuntodeencuentro.com\/web\/wp-content\/uploads\/LOS-CHICOS-INVISIBLES-121x150.jpg 121w\" sizes=\"(max-width: 322px) 100vw, 322px\" \/><\/a> <\/strong><\/p>\n<p><a href=\"http:\/\/www.cinenacional.com\/persona\/mario-levit\" target=\"_blank\"><strong>Mario Levit<\/strong><\/a>\u00a0es el productor y director de cine Argentino del documental<strong> \u201cLos chicos invisibles\u201d<\/strong> cuyo objetivo es concienciar a las personas\u00a0que se planteen la adopci\u00f3n como medio de ampliar o formar una familia, de la necesidad de adoptar a ni\u00f1os mayores de tres a\u00f1os. El documental cuenta los procesos judiciales que intervienen en los tr\u00e1mites de adopci\u00f3n y la situaci\u00f3n de los ni\u00f1os que viven en hogares e instituciones a la espera de ser declarados o dados en adopci\u00f3n. Levit admite que hasta entonces ten\u00eda una visi\u00f3n cl\u00e1sica sobre la adopci\u00f3n y que ten\u00eda muchos prejuicios sobre ello, pero cuando empez\u00f3 a investigar se qued\u00f3 fascinado por el gran universo que es el tema de la adopci\u00f3n y las grandes diferencias que existen entre lo que \u00e9l mismo conoc\u00eda de este mundo, que es la visi\u00f3n m\u00e1s generalizada que tiene todo el mundo, y lo que es la adopci\u00f3n en realidad.<\/p>\n<p>Todo lo que aprendi\u00f3 en el primer documental ha dado paso a un segundo largometraje llamado<strong> \u201cEllos te eligen\u201d<\/strong> que se estren\u00f3 en Argentina el a\u00f1o pasado y del que hemos tenido noticias directamente por el propio <strong>Mario Levit<\/strong>, director y productor del documental que ha reconocido en nuestra web\u00a0una afinidad clara con su concepto sobre la necesidad de sensibilizaci\u00f3n e informaci\u00f3n sobre el tema de la adopci\u00f3n y que califica \u00a0el trabajo que hacemos en\u00a0<a href=\"http:\/\/adopcionpuntodeencuentro.com\/\" target=\"_blank\">adopcionpuntodeencuentro.com<\/a>\u00a0como \u00ab<em>muy interesante,\u00a0comprometido y accesible\u00bb.<\/em><br \/>\nComo el mismo <strong>Mario Levi<\/strong>t se\u00f1ala:<\/p>\n<p><em><a href=\"http:\/\/adopcionpuntodeencuentro.com\/web\/wp-content\/uploads\/11206559_1066765420017497_2626537581311556814_o.jpg\"><img loading=\"lazy\" decoding=\"async\" class=\"alignleft wp-image-5888\" src=\"http:\/\/adopcionpuntodeencuentro.com\/web\/wp-content\/uploads\/11206559_1066765420017497_2626537581311556814_o.jpg\" alt=\"11206559_1066765420017497_2626537581311556814_o\" width=\"336\" height=\"470\" srcset=\"https:\/\/adopcionpuntodeencuentro.com\/web\/wp-content\/uploads\/11206559_1066765420017497_2626537581311556814_o.jpg 620w, https:\/\/adopcionpuntodeencuentro.com\/web\/wp-content\/uploads\/11206559_1066765420017497_2626537581311556814_o-107x150.jpg 107w, https:\/\/adopcionpuntodeencuentro.com\/web\/wp-content\/uploads\/11206559_1066765420017497_2626537581311556814_o-286x400.jpg 286w, https:\/\/adopcionpuntodeencuentro.com\/web\/wp-content\/uploads\/11206559_1066765420017497_2626537581311556814_o-429x600.jpg 429w\" sizes=\"(max-width: 336px) 100vw, 336px\" \/><\/a>Hacer estos documentales fueron el resultado de muchas inquietudes que observamos en los que est\u00e1n interesados en la tem\u00e1tica. Interpelan al postulante y ayudan a reordenar un \u00abpoquit\u00edn\u00bb las tantas ideas y dudas que genera el sistema.<\/em><br \/>\n<em> Con el primer documental \u00abLOS CHICOS INVISIBLES\u00bb, notamos que las deficiencias de atenci\u00f3n y los mitos que se generaban con respecto a la adopci\u00f3n de ni\u00f1os grandes, no le estaba haciendo bien a ninguno de los implicados: ni\u00f1os y postulantes.<\/em><br \/>\n<em> Luego nos dimos cuenta, con pena, que la tem\u00e1tica es similar a toda Latinoam\u00e9rica (el documental fue adquirido por la TV de Brasil y Colombia).<\/em><\/p>\n<p><em>El a\u00f1o pasado estrenamos el largometraje \u201cELLOS TE ELIGEN,\u201d con la misma propuesta: esclarecer e interpelar a los adultos responsables que tener una Familia, es un Derecho de los Ni\u00f1os.<\/em><\/p>\n<p>&nbsp;<\/p>\n<p><a href=\"https:\/\/www.youtube.com\/watch?v=lYP-PMfu-uw\" target=\"_blank\">Entrevista a Mario Levit sobre \u00ab<strong>Los chicos invisibles\u00bb<\/strong><\/a><\/p>\n<p><a href=\"https:\/\/www.youtube.com\/watch?v=LeG91tbib1o&amp;feature=youtu.be\" target=\"_blank\">Entrevista a Mario Levit sobre \u00ab<strong>Ellos te eligen\u00bb<\/strong><\/a><\/p>\n<h1><span style=\"color: #f51441;\">Trailers :<\/span><\/h1>\n<h2>\u00abLos chicos invisibles\u00bb:<\/h2>\n<p><iframe loading=\"lazy\" src=\"https:\/\/www.youtube.com\/embed\/FCI5M-w4bTo\" width=\"350\" height=\"197\" frameborder=\"0\" allowfullscreen=\"allowfullscreen\"><\/iframe><\/p>\n<p><strong>Sinopsis:<\/strong>Es un documental que aborda la adopci\u00f3n desde una perspectiva que suele estar alejada de los medios: la adopci\u00f3n de ni\u00f1os grandes. A la hora de adoptar, muchos adultos ponen condiciones, a veces demasiadas exigencias que se chocan con la realidad de los chicos. La mayor\u00eda de los adoptantes buscan ni\u00f1os menores a tres a\u00f1os de edad y muchas veces se prioriza la elecci\u00f3n a un solo chico olvidando la historia familiar y a veces desconociendo que los ni\u00f1os pueden tener hermanos en su misma situaci\u00f3n. Los chicos invisibles aporta una mirada intimista de casos espec\u00edficos de ni\u00f1os institucionalizados y sobre todo lo que los rodea previo paso a su adopci\u00f3n.<\/p>\n<h2>\u00abEllos te eligen\u00bb:<\/h2>\n<p><iframe loading=\"lazy\" src=\"https:\/\/www.youtube.com\/embed\/EYi1-K-omwA\" width=\"350\" height=\"197\" frameborder=\"0\" allowfullscreen=\"allowfullscreen\"><\/iframe><br \/>\n<strong>Sinopsis:\u00a0<\/strong>Laura Salvador y Laura Rubio, las \u00abLauris\u00bb, son dos madres que no se conoc\u00edan cuando decidieron adoptar hace una decena de a\u00f1os. El destino las fue acercando cuando ambas comenzaron a ayudar a otras personas que pretend\u00edan saber c\u00f3mo funcionaba la adopci\u00f3n y las dificultades de un sistema que parec\u00eda no tener en cuenta sus deseos y prioridades. A partir de sus intercambios, el film expone c\u00f3mo las Lauris desarrollan una vocaci\u00f3n de servicio para luchar contra la desinformaci\u00f3n y soledad con las que son destratados los postulantes. En consecuencia, organizan foros y encuentros para contener las genuinas inquietudes de aquellas personas que desean construir una familia a trav\u00e9s de la adopci\u00f3n y tambi\u00e9n de las que ya lo han hecho. En forma simult\u00e1nea, el documental presenta diferentes regiones del pa\u00eds, donde se debaten distintas posturas frente a la adopci\u00f3n. Asimismo, registra la creaci\u00f3n, de manera independiente y espont\u00e1nea, de grupos de autogesti\u00f3n que intentan dar voz a los postulantes frente a un sistema que pareciera no escucharlos. De igual modo, expone las conflictivas tem\u00e1ticas con las que se enfrentan los efectores del sistema.<\/p>\n<p><strong>M\u00e1s informaci\u00f3n en: <\/strong><\/p>\n<p><a href=\"http:\/\/www.cinenacional.com\/node\/61785\/casting#sinopsis\" target=\"_blank\">http:\/\/www.cinenacional.com\/node\/61785\/casting#sinopsis<\/a><\/p>\n<p>&nbsp;<\/p>\n<p><a href=\"http:\/\/adopcionpuntodeencuentro.com\/web\/wp-content\/uploads\/gracias.jpg\"><img loading=\"lazy\" decoding=\"async\" class=\"alignleft wp-image-1677\" src=\"http:\/\/adopcionpuntodeencuentro.com\/web\/wp-content\/uploads\/gracias.jpg\" alt=\"gracias\" width=\"124\" height=\"168\" srcset=\"https:\/\/adopcionpuntodeencuentro.com\/web\/wp-content\/uploads\/gracias.jpg 307w, https:\/\/adopcionpuntodeencuentro.com\/web\/wp-content\/uploads\/gracias-110x150.jpg 110w, https:\/\/adopcionpuntodeencuentro.com\/web\/wp-content\/uploads\/gracias-221x300.jpg 221w\" sizes=\"(max-width: 124px) 100vw, 124px\" \/><\/a><\/p>\n<p>&nbsp;<\/p>\n<p><strong><a href=\"http:\/\/www.cinenacional.com\/persona\/mario-levit\" target=\"_blank\">Mario E. Levit<\/a>.\u00a0<\/strong>Director. Productor.\u00a0Int\u00e9rprete. C\u00e1mara. Guionista. Producci\u00f3n ejecutiva. Investigaci\u00f3n. Coproducci\u00f3n<\/p>\n<p><span id=\"OLK_SRC_BODY_SECTION\"><a class=\"moz-txt-link-abbreviated\" href=\"http:\/\/www.cruzdelsurcine.com\" target=\"_blank\">www.cruzdelsurcine.com<\/a><\/span><\/p>\n<p>&nbsp;<\/p>\n<p>&nbsp;<\/p>\n","protected":false},"excerpt":{"rendered":"<p>Mario Levit: es productor y director de cine Argentino. Como \u00e9l mismo se\u00f1ala \u201cHacer estos documentales fueron el resultado de muchas inquietudes que observamos en los que est\u00e1n interesados en la tem\u00e1tica. Interpelan al postulante y ayudan a reordenar un \u00abpoquit\u00edn\u00bb las tantas ideas y dudas que genera el sistema.\u201d<\/p>\n","protected":false},"author":1,"featured_media":5895,"comment_status":"open","ping_status":"open","sticky":false,"template":"","format":"standard","meta":{"footnotes":""},"categories":[86,135,1],"tags":[257],"_links":{"self":[{"href":"https:\/\/adopcionpuntodeencuentro.com\/web\/wp-json\/wp\/v2\/posts\/5886"}],"collection":[{"href":"https:\/\/adopcionpuntodeencuentro.com\/web\/wp-json\/wp\/v2\/posts"}],"about":[{"href":"https:\/\/adopcionpuntodeencuentro.com\/web\/wp-json\/wp\/v2\/types\/post"}],"author":[{"embeddable":true,"href":"https:\/\/adopcionpuntodeencuentro.com\/web\/wp-json\/wp\/v2\/users\/1"}],"replies":[{"embeddable":true,"href":"https:\/\/adopcionpuntodeencuentro.com\/web\/wp-json\/wp\/v2\/comments?post=5886"}],"version-history":[{"count":11,"href":"https:\/\/adopcionpuntodeencuentro.com\/web\/wp-json\/wp\/v2\/posts\/5886\/revisions"}],"predecessor-version":[{"id":5900,"href":"https:\/\/adopcionpuntodeencuentro.com\/web\/wp-json\/wp\/v2\/posts\/5886\/revisions\/5900"}],"wp:featuredmedia":[{"embeddable":true,"href":"https:\/\/adopcionpuntodeencuentro.com\/web\/wp-json\/wp\/v2\/media\/5895"}],"wp:attachment":[{"href":"https:\/\/adopcionpuntodeencuentro.com\/web\/wp-json\/wp\/v2\/media?parent=5886"}],"wp:term":[{"taxonomy":"category","embeddable":true,"href":"https:\/\/adopcionpuntodeencuentro.com\/web\/wp-json\/wp\/v2\/categories?post=5886"},{"taxonomy":"post_tag","embeddable":true,"href":"https:\/\/adopcionpuntodeencuentro.com\/web\/wp-json\/wp\/v2\/tags?post=5886"}],"curies":[{"name":"wp","href":"https:\/\/api.w.org\/{rel}","templated":true}]}}