{"id":6045,"date":"2016-12-05T09:54:33","date_gmt":"2016-12-05T08:54:33","guid":{"rendered":"http:\/\/adopcionpuntodeencuentro.com\/web\/?p=6045"},"modified":"2016-12-05T09:54:33","modified_gmt":"2016-12-05T08:54:33","slug":"tres-demandas-jorge-barudy","status":"publish","type":"post","link":"https:\/\/adopcionpuntodeencuentro.com\/web\/tres-demandas-jorge-barudy\/","title":{"rendered":"Tres demandas. Jorge Barudy"},"content":{"rendered":"<p><img loading=\"lazy\" decoding=\"async\" class=\"alignleft wp-image-6050\" src=\"http:\/\/adopcionpuntodeencuentro.com\/web\/wp-content\/uploads\/J.Barudy-3-600x484.png\" alt=\"j-barudy-3\" width=\"387\" height=\"312\" srcset=\"https:\/\/adopcionpuntodeencuentro.com\/web\/wp-content\/uploads\/J.Barudy-3-600x484.png 600w, https:\/\/adopcionpuntodeencuentro.com\/web\/wp-content\/uploads\/J.Barudy-3-150x121.png 150w, https:\/\/adopcionpuntodeencuentro.com\/web\/wp-content\/uploads\/J.Barudy-3-400x322.png 400w, https:\/\/adopcionpuntodeencuentro.com\/web\/wp-content\/uploads\/J.Barudy-3-768x619.png 768w\" sizes=\"(max-width: 387px) 100vw, 387px\" \/>En las <a href=\"http:\/\/jornadas.academiasos.es\/2016\/10\/17\/llega-la-adolescencia-preparados-listos-ya\/\" target=\"_blank\"><strong>Jornadas \u00a0de familias adoptivas<\/strong> <\/a>\u00a0celebras en Granada el pasado \u00a0noviembre, <strong>Vinyet Mirabent<\/strong> \u00a0Psic\u00f3loga cl\u00ednica, Directora del Centro M\u00e9dico y Psicol\u00f3gico de Barcelona Fundaci\u00f3n Vidal y Barraquer, nos recomend\u00f3 muy vivamente la lectura del libro <strong>\u201cInd\u00f3mito y Entra\u00f1able\u201d<\/strong> de <strong><a href=\"https:\/\/dialnet.unirioja.es\/servlet\/autor?codigo=1232212\" target=\"_blank\">Jos\u00e9 \u00c1ngel Gim\u00e9nez Alvira<\/a><\/strong>. Editorial Gedis.<\/p>\n<p>Es esta, desde luego, una lectura obligada por muchas razones y queremos animaros a hacerlo con unas palabras de la presentaci\u00f3n de <a href=\"http:\/\/www.centroexil.org\/fundadores\" target=\"_blank\"><strong>Jorge Barudy<\/strong>.<\/a> Neuropsiquiatra, psiquiatr\u00edainfantil y terapeuta familiar, Fundador y Director de la ONG EXIL .<br \/>\n\u00abCuando una persona, una pareja o una familia encuentran por primera vez a su hijo o hija adoptiva nunca tienen que perder de vista que este ni\u00f1o o ni\u00f1a que ser\u00e1 parte de la familia tiene una historia anterior. Naci\u00f3 de una madre y de un padre biol\u00f3gico que no lo pudieron criar, o lo criaron mal, porque sus historias y sus condiciones de vida no les ofrecieron la oportunidad de desarrollar las capacidades parentales para hacerlo.<\/p>\n<p>Como consecuencia de lo anterior muchos otros hijos e hijas adoptivas traen de una forma impl\u00edcita, por lo menos, tres demandas.<\/p>\n<p><strong><a href=\"http:\/\/adopcionpuntodeencuentro.com\/web\/wp-content\/uploads\/J.Barudy-1.png\"><img loading=\"lazy\" decoding=\"async\" class=\"alignleft wp-image-6047\" src=\"http:\/\/adopcionpuntodeencuentro.com\/web\/wp-content\/uploads\/J.Barudy-1.png\" alt=\"j-barudy-1\" width=\"397\" height=\"402\" srcset=\"https:\/\/adopcionpuntodeencuentro.com\/web\/wp-content\/uploads\/J.Barudy-1.png 482w, https:\/\/adopcionpuntodeencuentro.com\/web\/wp-content\/uploads\/J.Barudy-1-148x150.png 148w, https:\/\/adopcionpuntodeencuentro.com\/web\/wp-content\/uploads\/J.Barudy-1-395x400.png 395w, https:\/\/adopcionpuntodeencuentro.com\/web\/wp-content\/uploads\/J.Barudy-1-80x80.png 80w, https:\/\/adopcionpuntodeencuentro.com\/web\/wp-content\/uploads\/J.Barudy-1-67x67.png 67w\" sizes=\"(max-width: 397px) 100vw, 397px\" \/><\/a>La primera<\/strong>: a pesar de que la \u00fanica manera que tengo de expresar mi desconfianza, mis miedos, mis traumas y mi vulnerabilidad es a trav\u00e9s de mis conductas egoc\u00e9ntricas, agresivas y de control, por favor no me abandon\u00e9is, sobre todo cuidadme, tratadme bien y sobre todo educadme, para seguir creciendo y aprender a cuidarme y a tratar bien a los dem\u00e1s.<\/p>\n<p><strong>La segunda:<\/strong> no me consider\u00e9is como un ni\u00f1o o una ni\u00f1a culpable de mis trastornos, sino como una v\u00edctima o un afectado por el desamor y los malos tratos, adem\u00e1s de como alguien que no ha tenido la oportunidad de aprender a expresar su sufrimiento de una manera m\u00e1s constructiva. Ayudadme a superar el sufrimiento y a reparar el da\u00f1o que mis padres biol\u00f3gicos o las instituciones en las que viv\u00ed me hicieron.<\/p>\n<p><strong>La tercera:<\/strong> cuando mi cerebro y mi mente hayan madurado lo suficiente gracias a vuestros cuidados y educaci\u00f3n y os pregunte sobre mi origen, contadme sin miedo, pero con mucho cari\u00f1o, porque si bien nac\u00ed\u00a0de otra mujer y de otro hombre, vosotros sois mis padres ahora.<\/p>\n<p>Ser padre o madre adoptiva es una aventura maravillosa, pero como tal hay que prepararse y dejarse guiar. La parentalidad biol\u00f3gica ya es un desaf\u00edo importante y solo se logra \u201cel t\u00edtulo\u201d despu\u00e9s de hacerlo m\u00e1s o menos bien con el primer hijo. Convertirse en padre o madre adoptivo es un desaf\u00edo mayor,\u00a0 por lo singular de las tareas enunciadas, se puede considerar una forma de obtener el t\u00edtulo \u201cHonoris Causa\u201d de padre o madre.\u00bb \u00a0<a href=\"http:\/\/www.centroexil.org\/fundadores\" target=\"_blank\"><strong>Jorge Barudy<\/strong>.<\/a><\/p>\n<p><img loading=\"lazy\" decoding=\"async\" class=\" wp-image-4555 alignleft\" src=\"http:\/\/adopcionpuntodeencuentro.com\/web\/wp-content\/uploads\/pclogo.png\" alt=\"pclogo\" width=\"155\" height=\"158\" srcset=\"https:\/\/adopcionpuntodeencuentro.com\/web\/wp-content\/uploads\/pclogo.png 301w, https:\/\/adopcionpuntodeencuentro.com\/web\/wp-content\/uploads\/pclogo-148x150.png 148w, https:\/\/adopcionpuntodeencuentro.com\/web\/wp-content\/uploads\/pclogo-295x300.png 295w, https:\/\/adopcionpuntodeencuentro.com\/web\/wp-content\/uploads\/pclogo-67x67.png 67w\" sizes=\"(max-width: 155px) 100vw, 155px\" \/><br \/>\nOs recomendamos, si no lo conoc\u00e9is, que\u00a0le\u00e1is el art\u00edculo \u00ab<a href=\"http:\/\/adopcionpuntodeencuentro.com\/web\/indomito-y-entranable-no-todo-se-soluciona-con-amor-2\/\" target=\"_blank\"><strong>Ind\u00f3mito y entra\u00f1able. No todo se soluciona con amor<\/strong><\/a>\u00bb que sobre el libro <strong>Ind\u00f3mito y entra\u00f1able\u00a0el hijo que vino de fuera \u00a0de\u00a0<a href=\"https:\/\/dialnet.unirioja.es\/servlet\/autor?codigo=1232212\" target=\"_blank\">Jos\u00e9 \u00c1ngel Gim\u00e9nez Alvira<\/a>,\u00a0<\/strong>escribi\u00f3 <strong>Alejandra S\u00e1nchez Yanes<\/strong> desde M\u00e9xico D.F, en una maravillosa colaboraci\u00f3n para esta web y en la que el mismo <strong>Jos\u00e9 \u00c1ngel Gim\u00e9nez Alvira<\/strong> nos dej\u00f3 un\u00a0amable y cercano comentario a pie de entrada .<\/p>\n<p>&nbsp;<\/p>\n<div class='divider' > <\/div>\n<p>&nbsp;<\/p>\n<p><iframe loading=\"lazy\" style=\"width: 120px; height: 240px;\" src=\"https:\/\/rcm-eu.amazon-adsystem.com\/e\/cm?t=adopcionpunto-21&amp;o=30&amp;p=8&amp;l=as1&amp;asins=8497845455&amp;ref=qf_sp_asin_til&amp;fc1=000000&amp;IS2=1&amp;lt1=_blank&amp;m=amazon&amp;lc1=FF0030&amp;bc1=000000&amp;bg1=FFFFFF&amp;f=ifr\" width=\"300\" height=\"150\" frameborder=\"0\" marginwidth=\"0\" marginheight=\"0\" scrolling=\"no\"><\/iframe><iframe loading=\"lazy\" style=\"width: 120px; height: 240px;\" src=\"https:\/\/rcm-eu.amazon-adsystem.com\/e\/cm?t=adopcionpunto-21&amp;o=30&amp;p=8&amp;l=as1&amp;asins=8497844874&amp;ref=qf_sp_asin_til&amp;fc1=000000&amp;IS2=1&amp;lt1=_blank&amp;m=amazon&amp;lc1=FF0030&amp;bc1=000000&amp;bg1=FFFFFF&amp;f=ifr\" width=\"300\" height=\"150\" frameborder=\"0\" marginwidth=\"0\" marginheight=\"0\" scrolling=\"no\"><\/iframe> <iframe loading=\"lazy\" style=\"width: 120px; height: 240px;\" src=\"https:\/\/rcm-eu.amazon-adsystem.com\/e\/cm?t=adopcionpunto-21&amp;o=30&amp;p=8&amp;l=as1&amp;asins=8425430844&amp;ref=qf_sp_asin_til&amp;fc1=000000&amp;IS2=1&amp;lt1=_blank&amp;m=amazon&amp;lc1=FF0030&amp;bc1=000000&amp;bg1=FFFFFF&amp;f=ifr\" width=\"300\" height=\"150\" frameborder=\"0\" marginwidth=\"0\" marginheight=\"0\" scrolling=\"no\"><\/iframe><\/p>\n","protected":false},"excerpt":{"rendered":"<p>Ser padre o madre adoptiva es una aventura maravillosa, pero como tal hay que prepararse y dejarse guiar. La parentalidad biol\u00f3gica ya es un desaf\u00edo importante y solo se logra \u201cel t\u00edtulo\u201d despu\u00e9s de hacerlo m\u00e1s o menos bien con el primer hijo. Convertirse en padre o madre adoptivo es un desaf\u00edo mayor,  por lo singular de las tareas enunciadas, se puede considerar una forma de obtener el t\u00edtulo \u201cHonoris Causa\u201d de padre o madre.<\/p>\n","protected":false},"author":1,"featured_media":6051,"comment_status":"open","ping_status":"open","sticky":false,"template":"","format":"standard","meta":{"footnotes":""},"categories":[145,31,1],"tags":[27,45,49,230,55,32,16,28,214],"_links":{"self":[{"href":"https:\/\/adopcionpuntodeencuentro.com\/web\/wp-json\/wp\/v2\/posts\/6045"}],"collection":[{"href":"https:\/\/adopcionpuntodeencuentro.com\/web\/wp-json\/wp\/v2\/posts"}],"about":[{"href":"https:\/\/adopcionpuntodeencuentro.com\/web\/wp-json\/wp\/v2\/types\/post"}],"author":[{"embeddable":true,"href":"https:\/\/adopcionpuntodeencuentro.com\/web\/wp-json\/wp\/v2\/users\/1"}],"replies":[{"embeddable":true,"href":"https:\/\/adopcionpuntodeencuentro.com\/web\/wp-json\/wp\/v2\/comments?post=6045"}],"version-history":[{"count":14,"href":"https:\/\/adopcionpuntodeencuentro.com\/web\/wp-json\/wp\/v2\/posts\/6045\/revisions"}],"predecessor-version":[{"id":6194,"href":"https:\/\/adopcionpuntodeencuentro.com\/web\/wp-json\/wp\/v2\/posts\/6045\/revisions\/6194"}],"wp:featuredmedia":[{"embeddable":true,"href":"https:\/\/adopcionpuntodeencuentro.com\/web\/wp-json\/wp\/v2\/media\/6051"}],"wp:attachment":[{"href":"https:\/\/adopcionpuntodeencuentro.com\/web\/wp-json\/wp\/v2\/media?parent=6045"}],"wp:term":[{"taxonomy":"category","embeddable":true,"href":"https:\/\/adopcionpuntodeencuentro.com\/web\/wp-json\/wp\/v2\/categories?post=6045"},{"taxonomy":"post_tag","embeddable":true,"href":"https:\/\/adopcionpuntodeencuentro.com\/web\/wp-json\/wp\/v2\/tags?post=6045"}],"curies":[{"name":"wp","href":"https:\/\/api.w.org\/{rel}","templated":true}]}}