{"id":6056,"date":"2016-10-24T09:39:37","date_gmt":"2016-10-24T07:39:37","guid":{"rendered":"http:\/\/adopcionpuntodeencuentro.com\/web\/?p=6056"},"modified":"2016-10-24T09:39:37","modified_gmt":"2016-10-24T07:39:37","slug":"un-ano-intenso-mariposas-en-el-corazon-la-adopcion-desde-dentro","status":"publish","type":"post","link":"https:\/\/adopcionpuntodeencuentro.com\/web\/un-ano-intenso-mariposas-en-el-corazon-la-adopcion-desde-dentro\/","title":{"rendered":"Un a\u00f1o intenso.\u201cMariposas en el Coraz\u00f3n. La adopci\u00f3n desde dentro\u201d"},"content":{"rendered":"<p style=\"text-align: right;\"><em>Los libros son herramientas que te ofrecen estrategias<\/em><br \/>\n<em> que luego has de saber usar con el coraz\u00f3n.<\/em><\/p>\n<p>&nbsp;<\/p>\n<p><a href=\"http:\/\/adopcionpuntodeencuentro.com\/web\/wp-content\/uploads\/1ERaniversario-mariposas.png\"><img loading=\"lazy\" decoding=\"async\" class=\" wp-image-6057 alignleft\" src=\"http:\/\/adopcionpuntodeencuentro.com\/web\/wp-content\/uploads\/1ERaniversario-mariposas.png\" alt=\"1eraniversario-mariposas\" width=\"490\" height=\"377\" srcset=\"https:\/\/adopcionpuntodeencuentro.com\/web\/wp-content\/uploads\/1ERaniversario-mariposas.png 819w, https:\/\/adopcionpuntodeencuentro.com\/web\/wp-content\/uploads\/1ERaniversario-mariposas-150x115.png 150w, https:\/\/adopcionpuntodeencuentro.com\/web\/wp-content\/uploads\/1ERaniversario-mariposas-400x308.png 400w, https:\/\/adopcionpuntodeencuentro.com\/web\/wp-content\/uploads\/1ERaniversario-mariposas-768x591.png 768w, https:\/\/adopcionpuntodeencuentro.com\/web\/wp-content\/uploads\/1ERaniversario-mariposas-600x462.png 600w\" sizes=\"(max-width: 490px) 100vw, 490px\" \/><\/a>Se celebra el primer aniversario de la edici\u00f3n del libro <a href=\"http:\/\/mariposasenelcorazon.com\/\" target=\"_blank\">\u201cMariposas en el Coraz\u00f3n. La adopci\u00f3n desde dentro\u201d.<\/a> Cinco historias que est\u00e1n haciendo historia y no es presunci\u00f3n. En un a\u00f1o hemos compartido esas vivencias con muchas familias que al igual que nosotras cuando adoptamos, echaron de menos que alguien se atreviera a contarles la adopci\u00f3n desde dentro, muchas madres nos han trasmitido que sent\u00edan esa misma sensaci\u00f3n de hermetismo. En las numerosas cartas y comentarios recibidos sobre \u201cMariposas en el coraz\u00f3n\u201d, hemos tenido la oportunidad de comprobar que en todas partes pasaba lo mismo, tambi\u00e9n cuando hemos viajado a cualquier parte de Espa\u00f1a a donde se nos ha llamado para hablar sobre ello.<br \/>\nMi deseo de hace un a\u00f1o era que \u201c<a href=\"http:\/\/alotroladodelhilorojo.blogspot.com.es\/2015\/10\/al-otro-lado-de-la-adopcion.html\" target=\"_blank\"><em>el libro consiga llegar a muchas personas y que en \u00e9l vean m\u00e1s all\u00e1 de unas historias con nombres y apellidos, sino que cada cual sepa reconocerse en \u00e9l, en algunas de sus descripciones, que ayude a abrir un poco m\u00e1s el, muchas veces herm\u00e9tico mundo de las familias adoptivas y sirva para dar alas a una nueva manera de comprender el mundo adoptivo.\u201d<\/em><\/a><\/p>\n<p style=\"text-align: left;\">Y ese deseo se est\u00e1 viendo realizado. No era f\u00e1cil porque despu\u00e9s de que los ni\u00f1os ya est\u00e1n en casa el proceso de adopci\u00f3n contin\u00faa, de una manera m\u00e1s intima y personal, y hasta solitaria, porque en la parte m\u00e1s importante y en la que menos asistencia tenemos las familias es en la postadopci\u00f3n, nula es la ayuda ni el acompa\u00f1amiento para conseguir la aceptaci\u00f3n mutua e incondicional de padres, madres e hijos, que es cuando de verdad se produce LA ADOPCI\u00d3N y hoy por hoy seguimos sin asistencia ni respaldo institucional. Pero tal vez la cosas empiecen a cambiar. Gracias a <a href=\"http:\/\/mariposasenelcorazon.com\/\" target=\"_blank\">\u201cMariposas en el Coraz\u00f3n. La adopci\u00f3n desde dentro\u201d<\/a>,\u00a0<a href=\"http:\/\/www.aldeasinfantiles.es\/\" target=\"_blank\"> Aldeas Infantiles SOS<\/a>, una organizaci\u00f3n internacional de altura -y profundidad, por su manera impecable de trabajar y ayudar a la infancia m\u00e1s desprotegida-, se ha dado cuenta de las necesidades de soporte y acompa\u00f1amiento que tenemos las familias adoptivas y se ha impuesto como meta el ayudarnos, y con su respaldo y ayuda las familias adoptivas nos haremos m\u00e1s visibles y nos sentiremos m\u00e1s atendidas. Ya est\u00e1n volc\u00e1ndose en ello y el pr\u00f3ximo noviembre van a realizarse <a href=\"http:\/\/jornadas.academiasos.es\/\" target=\"_blank\">las primeras Jornadas de Familias Adoptivas que se llaman \u201cla Adopci\u00f3n desde Dentro\u201d <\/a>y no es casualidad porque van a ser unas jornadas en las que estamos participando muy activamente las autoras de este libro que hoy celebra su primer aniversario.<br \/>\nPensadas por y para las familias, esperamos que seamos muchas las que podamos reunirnos en Granada disfrutar del fant\u00e1stico programa de actividades que hemos dise\u00f1ado, compartir vivencias y aprender de otras experiencias. Justo el esp\u00edritu con el que escribimos este libro que hoy celebramos.<\/p>\n<p style=\"text-align: left;\"><a href=\"https:\/\/mercedesmoya.com\/\" target=\"_blank\">Mercedes Moya<\/a><\/p>\n<p style=\"text-align: left;\"><img loading=\"lazy\" decoding=\"async\" class=\"aligncenter size-full wp-image-6066\" src=\"http:\/\/adopcionpuntodeencuentro.com\/web\/wp-content\/uploads\/primer-aniversario-blanco.png\" alt=\"primer-aniversario-blanco\" width=\"1418\" height=\"961\" srcset=\"https:\/\/adopcionpuntodeencuentro.com\/web\/wp-content\/uploads\/primer-aniversario-blanco.png 1418w, https:\/\/adopcionpuntodeencuentro.com\/web\/wp-content\/uploads\/primer-aniversario-blanco-150x102.png 150w, https:\/\/adopcionpuntodeencuentro.com\/web\/wp-content\/uploads\/primer-aniversario-blanco-400x271.png 400w, https:\/\/adopcionpuntodeencuentro.com\/web\/wp-content\/uploads\/primer-aniversario-blanco-768x520.png 768w, https:\/\/adopcionpuntodeencuentro.com\/web\/wp-content\/uploads\/primer-aniversario-blanco-600x407.png 600w\" sizes=\"(max-width: 1418px) 100vw, 1418px\" \/><\/p>\n<p style=\"text-align: left;\"><div class='divider' > <\/div>\n<p style=\"text-align: left;\"><a href=\"http:\/\/mariposasenelcorazon.com\/comprar\/\"><img loading=\"lazy\" decoding=\"async\" class=\"wp-image-4863 size-full alignleft\" src=\"http:\/\/adopcionpuntodeencuentro.com\/web\/wp-content\/uploads\/boton-compra-mariposas.png\" alt=\"boton compra mariposas\" width=\"161\" height=\"277\" srcset=\"https:\/\/adopcionpuntodeencuentro.com\/web\/wp-content\/uploads\/boton-compra-mariposas.png 161w, https:\/\/adopcionpuntodeencuentro.com\/web\/wp-content\/uploads\/boton-compra-mariposas-87x150.png 87w\" sizes=\"(max-width: 161px) 100vw, 161px\" \/><\/a><\/p>\n","protected":false},"excerpt":{"rendered":"<p>En un a\u00f1o hemos compartido esas vivencias con muchas familias que al igual que nosotras cuando adoptamos, echaron de menos que alguien se atreviera a contarles la adopci\u00f3n desde dentro, muchas madres nos han trasmitido que sent\u00edan esa misma sensaci\u00f3n de hermetismo. <\/p>\n","protected":false},"author":1,"featured_media":6069,"comment_status":"open","ping_status":"open","sticky":false,"template":"","format":"standard","meta":{"footnotes":""},"categories":[145,31,228,255,1],"tags":[27,45,100,49,55,32,15],"_links":{"self":[{"href":"https:\/\/adopcionpuntodeencuentro.com\/web\/wp-json\/wp\/v2\/posts\/6056"}],"collection":[{"href":"https:\/\/adopcionpuntodeencuentro.com\/web\/wp-json\/wp\/v2\/posts"}],"about":[{"href":"https:\/\/adopcionpuntodeencuentro.com\/web\/wp-json\/wp\/v2\/types\/post"}],"author":[{"embeddable":true,"href":"https:\/\/adopcionpuntodeencuentro.com\/web\/wp-json\/wp\/v2\/users\/1"}],"replies":[{"embeddable":true,"href":"https:\/\/adopcionpuntodeencuentro.com\/web\/wp-json\/wp\/v2\/comments?post=6056"}],"version-history":[{"count":10,"href":"https:\/\/adopcionpuntodeencuentro.com\/web\/wp-json\/wp\/v2\/posts\/6056\/revisions"}],"predecessor-version":[{"id":6072,"href":"https:\/\/adopcionpuntodeencuentro.com\/web\/wp-json\/wp\/v2\/posts\/6056\/revisions\/6072"}],"wp:featuredmedia":[{"embeddable":true,"href":"https:\/\/adopcionpuntodeencuentro.com\/web\/wp-json\/wp\/v2\/media\/6069"}],"wp:attachment":[{"href":"https:\/\/adopcionpuntodeencuentro.com\/web\/wp-json\/wp\/v2\/media?parent=6056"}],"wp:term":[{"taxonomy":"category","embeddable":true,"href":"https:\/\/adopcionpuntodeencuentro.com\/web\/wp-json\/wp\/v2\/categories?post=6056"},{"taxonomy":"post_tag","embeddable":true,"href":"https:\/\/adopcionpuntodeencuentro.com\/web\/wp-json\/wp\/v2\/tags?post=6056"}],"curies":[{"name":"wp","href":"https:\/\/api.w.org\/{rel}","templated":true}]}}