{"id":6110,"date":"2016-10-28T09:43:29","date_gmt":"2016-10-28T07:43:29","guid":{"rendered":"http:\/\/adopcionpuntodeencuentro.com\/web\/?p=6110"},"modified":"2016-11-09T09:06:35","modified_gmt":"2016-11-09T08:06:35","slug":"adopcine-ninos-robados-por-jose-ignacio-diaz-carvajal","status":"publish","type":"post","link":"https:\/\/adopcionpuntodeencuentro.com\/web\/adopcine-ninos-robados-por-jose-ignacio-diaz-carvajal\/","title":{"rendered":"Adopcine. Ni\u00f1os robados. Por Jos\u00e9 Ignacio D\u00edaz Carvajal"},"content":{"rendered":"<p>Quiero volver al tema de los ni\u00f1os robados, pues no debe pasar de moda y debemos esperar que se haga justicia con tantas v\u00edctimas de este crimen institucional, as\u00ed como recordar que no todo en el tema de la adopci\u00f3n es siempre limpio y amoroso.<\/p>\n<p>En esta mini serie espa\u00f1ola (que se pueden ver a trav\u00e9s de<a href=\"http:\/\/peliculasyadopcion.blogspot.com.es\/2014\/05\/ninos-robados-tv-2013.html\" target=\"_blank\">\u00a0los enlaces en mi p\u00e1gina<\/a>) se nos enfrenta a este drama tremendo , a sus consecuencias en todas las partes implicadas (ni\u00f1a, madre biol\u00f3gica y padres adoptivos) a la nefasta moral de gente de iglesia de \u00bfotra \u00e9poca? y nos ayuda a reflexionar sobre los l\u00edmites al deseo de tener hijos, si no puede ser por los cauces adecuados y legales.<\/p>\n<p>Muy recomendable.<\/p>\n<p><strong><a href=\"http:\/\/adopcionpuntodeencuentro.com\/web\/wp-content\/uploads\/ADOPCINE1.png\" rel=\"attachment wp-att-2467\"><img loading=\"lazy\" decoding=\"async\" class=\"wp-image-2467 alignleft\" src=\"http:\/\/adopcionpuntodeencuentro.com\/web\/wp-content\/uploads\/ADOPCINE1.png\" sizes=\"(max-width: 354px) 100vw, 354px\" srcset=\"http:\/\/adopcionpuntodeencuentro.com\/web\/wp-content\/uploads\/ADOPCINE1-150x70.png 150w, http:\/\/adopcionpuntodeencuentro.com\/web\/wp-content\/uploads\/ADOPCINE1-300x140.png 300w, http:\/\/adopcionpuntodeencuentro.com\/web\/wp-content\/uploads\/ADOPCINE1-600x279.png 600w, http:\/\/adopcionpuntodeencuentro.com\/web\/wp-content\/uploads\/ADOPCINE1.png 1136w\" alt=\"ADOPCINE\" width=\"354\" height=\"165\" \/><\/a><a title=\"JIgnacio biograf\u00eda\" href=\"http:\/\/wp.me\/p56Gk1-p9\" target=\"_blank\">J.Ignacio D\u00edaz Carvajal,<\/a>\u00a0 dirige esta secci\u00f3n y \u00a0cada semana aprendemos mucho a trav\u00e9s de las historias \u00a0con tem\u00e1tica adoptiva que \u00e9l nos sugiere.<\/strong><br \/>\n<strong>Adopcine es el cine desde la mirada adoptiva.<\/strong><strong>\u00a0Pel\u00edculas, documentales y v\u00eddeos que tratan la tem\u00e1tica de adopci\u00f3n y de acogimiento<\/strong>.<\/p>\n<p>&nbsp;<\/p>\n<h1><span style=\"color: #f70542;\">Ni\u00f1os robados (TV) (2013)<\/span><\/h1>\n<p><img loading=\"lazy\" decoding=\"async\" class=\"size-full wp-image-6111 alignleft\" src=\"http:\/\/adopcionpuntodeencuentro.com\/web\/wp-content\/uploads\/Ninos-robados-L.jpg\" alt=\"ninos-robados-l\" width=\"385\" height=\"554\" srcset=\"https:\/\/adopcionpuntodeencuentro.com\/web\/wp-content\/uploads\/Ninos-robados-L.jpg 385w, https:\/\/adopcionpuntodeencuentro.com\/web\/wp-content\/uploads\/Ninos-robados-L-104x150.jpg 104w, https:\/\/adopcionpuntodeencuentro.com\/web\/wp-content\/uploads\/Ninos-robados-L-278x400.jpg 278w\" sizes=\"(max-width: 385px) 100vw, 385px\" \/>Director: Salvador Calvo<br \/>\nEspa\u00f1a<br \/>\n2013<br \/>\nmini serie TV<br \/>\ndrama<br \/>\nBasado en hechos reales<\/p>\n<p>Sinopsis:<br \/>\nVioleta y Conchita son dos j\u00f3venes embarazadas que en los a\u00f1os 70 afrontan la maternidad en solitario: la primera, madre soltera, afronta la recta final de la gestaci\u00f3n en Madrid en la casa de acogida de una congregaci\u00f3n; y la segunda, en un piso-cuna de Bilbao gestionado por una mujer de la alta sociedad vasca. Cuando sus embarazos llegan a t\u00e9rmino ambas dan a luz en la misma cl\u00ednica, donde les esperan Sor Eulalia y el doctor Mena, encargados de la unidad de neonatos y responsables de una trama de adopciones ilegales de beb\u00e9s con ramificaciones por toda Espa\u00f1a.<br \/>\nTras su ingreso en el centro hospitalario, Violeta y Conchita se convierten en las pr\u00f3ximas v\u00edctimas y pierden sus beb\u00e9s reci\u00e9n nacidos de distinta manera y en extra\u00f1as circunstancias. Esta tragedia marca irremediablemente sus vidas pero a pesar de ello, siempre mantienen viva la esperanza de volver a reencontrarse con sus beb\u00e9s alg\u00fan d\u00eda.<br \/>\nEn la segunda entrega de la tv movie, tras dar a luz a su primer hijo y como toda madre primeriza, Susana curiosea en los \u00e1lbumes de su infancia buscando en las fotograf\u00edas parecidos familiares de su beb\u00e9. Extra\u00f1ada al no encontrar ninguna foto de su madre embarazada, comienza a indagar sobre su nacimiento y descubre que sus padres le est\u00e1n ocultando informaci\u00f3n.<\/p>\n<p>En busca de su identidad y a lo largo de su investigaci\u00f3n, la joven llamar\u00e1 a la puerta de Conchita, una mujer que perdi\u00f3 a su hijo al nacer. Este hecho constituir\u00e1 el punto de partida de un viaje vital que revelar\u00e1 lo que realmente sucedi\u00f3 el fat\u00eddico d\u00eda en el que Violeta y Conchita dieron a luz y que devolver\u00e1 a las tres mujeres una esperanza que cre\u00edan perdida.<\/p>\n<p>Valoraci\u00f3n cin\u00e9fila 7\/10<br \/>\nValoraci\u00f3n adopci\u00f3n 10<\/p>\n<p>Estupenda serie de televisi\u00f3n de dos cap\u00edtulos, en el que se nos introduce en el tema de los bebes robados, pero como si lo estuvi\u00e9ramos viviendo. Y sin anestesia. Con lo que las l\u00e1grimas y el dolor, por identificaci\u00f3n, est\u00e1n casi garantizados.<br \/>\nMe gusta la posibilidad que da de poder identificarse con casi todos los intervinientes en este drama. Y poder as\u00ed comprender el dolor tan terrible que supuso para las madres que perdieron a sus hijos de esta forma tan cruel, como la del sufrimiento que padecen las personas que se enteran de ser hijos robados. Y c\u00f3mo se les desmonta su vida y lo que eran y en lo que cre\u00edan. Para ir a otra realidad, que aunque signifique la verdad, es ya tarde, y el reencuentro se da entre dos personas, una muy dolida y desesperanzada y la otra confusa y desubicada.<br \/>\nLa serie complejiza en lo que debi\u00f3 ser aquella \u00e9poca en la que personas sin escr\u00fapulo, amparadas en sus posiciones de autoridad y aprovech\u00e1ndose del lugar vulnerable y secundario de la mujer sola y madre, llegaron a realizar tantos cr\u00edmenes contra tantas personas. Y encima justificados, en parte, por unas creencias religiosas. Quitarles hijos a mujeres \u00abpecadoras\u00bb, para entregarlos a gente de bien y \u00abbuenas familias\u00bb.<br \/>\nRecientemente se estren\u00f3 tambi\u00e9n la pel\u00edcula <a href=\"http:\/\/peliculasyadopcion.blogspot.com.es\/2014\/04\/philomena-2013.html\" target=\"_blank\">\u00abPhilomena\u00bb<\/a> que toca el mismo tema, y refleja tambi\u00e9n este tipo de monja, soberbia y sin escr\u00fapulos, que justifica su papel criminal en su fe.<br \/>\nRecomiendo esta miniserie vivamente, por lo que refleja tambi\u00e9n de la b\u00fasqueda de la madre biol\u00f3gica, de la \u00abhistoria verdadera\u00bb del ni\u00f1o adoptado, y por lo que sirve de denuncia a este crimen que no deber\u00eda quedar impune. Y que anime a los que son v\u00edctimas de esta situaci\u00f3n a seguir buscando y pidiendo justicia, pues los hechos forman parte de la realidad espa\u00f1ola de los \u00faltimos a\u00f1os.<br \/>\nLos actores est\u00e1n muy bien, as\u00ed como la m\u00fasica de V\u00edctor Reyes.<\/p>\n<p>&nbsp;<\/p>\n<p><iframe loading=\"lazy\" src=\"https:\/\/www.youtube.com\/embed\/43ctKf_75Dw?rel=0&amp;controls=0\" width=\"450\" height=\"253\" frameborder=\"0\" allowfullscreen=\"allowfullscreen\"><\/iframe><\/p>\n<div class='divider' > <\/div>\n<p><strong><a href=\"http:\/\/adopcionpuntodeencuentro.com\/web\/wp-content\/uploads\/gracias.jpg\" rel=\"attachment wp-att-1677\"><img loading=\"lazy\" decoding=\"async\" class=\"wp-image-1677 alignleft\" src=\"http:\/\/adopcionpuntodeencuentro.com\/web\/wp-content\/uploads\/gracias.jpg\" sizes=\"(max-width: 116px) 100vw, 116px\" srcset=\"http:\/\/adopcionpuntodeencuentro.com\/web\/wp-content\/uploads\/gracias.jpg 307w, http:\/\/adopcionpuntodeencuentro.com\/web\/wp-content\/uploads\/gracias-110x150.jpg 110w, http:\/\/adopcionpuntodeencuentro.com\/web\/wp-content\/uploads\/gracias-221x300.jpg 221w\" alt=\"gracias\" width=\"116\" height=\"157\" \/><\/a><a title=\"J.Ignacio\" href=\"http:\/\/joseignaciodiazcarvajal.blogspot.com.es\/\" target=\"_blank\">Jos\u00e9 Ignacio D\u00edaz Carvajal<\/a>\u00a0.<\/strong><strong>\u00a0Padre adoptivo.\u00a0M\u00e9dico psicoterapeuta.<\/strong><strong>Os invitamos a visitar su valioso blog \u201d\u00a0<a title=\"pel\u00edculas y adopci\u00f3n \" href=\"http:\/\/peliculasyadopcion.blogspot.com.es\/?m=1\" target=\"_blank\">Pel\u00edculas y adopci\u00f3n<\/a>\u201d\u00a0 sobre pel\u00edculas relacionadas con el complejo mundo de la adopci\u00f3n:\u00a0abandono, acogimiento, adopci\u00f3n, adopci\u00f3n internacional, interracial, monoparental femenina, monoparental masculina, homoparental,adoptados adultos\u2026y a leer sus interesantes cr\u00edticas.<\/strong><\/p>\n","protected":false},"excerpt":{"rendered":"<p>Quiero volver al tema de los ni\u00f1os robados, pues no debe pasar de moda y debemos esperar que se haga justicia con tantas v\u00edctimas de este crimen institucional, as\u00ed como recordar que no todo en el tema de la adopci\u00f3n es siempre limpio y amoroso.<br \/>\nEn esta mini serie espa\u00f1ola se nos enfrenta a este drama tremendo, y nos ayuda a reflexionar sobre los l\u00edmites al deseo de tener hijos, si no puede ser por los cauces adecuados y legales.<\/p>\n","protected":false},"author":1,"featured_media":6112,"comment_status":"open","ping_status":"open","sticky":false,"template":"","format":"standard","meta":{"footnotes":""},"categories":[86,1],"tags":[],"_links":{"self":[{"href":"https:\/\/adopcionpuntodeencuentro.com\/web\/wp-json\/wp\/v2\/posts\/6110"}],"collection":[{"href":"https:\/\/adopcionpuntodeencuentro.com\/web\/wp-json\/wp\/v2\/posts"}],"about":[{"href":"https:\/\/adopcionpuntodeencuentro.com\/web\/wp-json\/wp\/v2\/types\/post"}],"author":[{"embeddable":true,"href":"https:\/\/adopcionpuntodeencuentro.com\/web\/wp-json\/wp\/v2\/users\/1"}],"replies":[{"embeddable":true,"href":"https:\/\/adopcionpuntodeencuentro.com\/web\/wp-json\/wp\/v2\/comments?post=6110"}],"version-history":[{"count":3,"href":"https:\/\/adopcionpuntodeencuentro.com\/web\/wp-json\/wp\/v2\/posts\/6110\/revisions"}],"predecessor-version":[{"id":6115,"href":"https:\/\/adopcionpuntodeencuentro.com\/web\/wp-json\/wp\/v2\/posts\/6110\/revisions\/6115"}],"wp:featuredmedia":[{"embeddable":true,"href":"https:\/\/adopcionpuntodeencuentro.com\/web\/wp-json\/wp\/v2\/media\/6112"}],"wp:attachment":[{"href":"https:\/\/adopcionpuntodeencuentro.com\/web\/wp-json\/wp\/v2\/media?parent=6110"}],"wp:term":[{"taxonomy":"category","embeddable":true,"href":"https:\/\/adopcionpuntodeencuentro.com\/web\/wp-json\/wp\/v2\/categories?post=6110"},{"taxonomy":"post_tag","embeddable":true,"href":"https:\/\/adopcionpuntodeencuentro.com\/web\/wp-json\/wp\/v2\/tags?post=6110"}],"curies":[{"name":"wp","href":"https:\/\/api.w.org\/{rel}","templated":true}]}}