{"id":6350,"date":"2016-12-19T09:35:31","date_gmt":"2016-12-19T08:35:31","guid":{"rendered":"http:\/\/adopcionpuntodeencuentro.com\/web\/?p=6350"},"modified":"2021-05-11T13:08:52","modified_gmt":"2021-05-11T11:08:52","slug":"adoptar-grupo-de-hermanos-el-doble-de-trabajo","status":"publish","type":"post","link":"https:\/\/adopcionpuntodeencuentro.com\/web\/adoptar-grupo-de-hermanos-el-doble-de-trabajo\/","title":{"rendered":"Adoptar grupo de hermanos. \u00bfEl doble de trabajo? Por Vinyet Mirabent"},"content":{"rendered":"<p><a href=\"http:\/\/adopcionpuntodeencuentro.com\/web\/adoptar-grupo-de-hermanos-el-doble-de-trabajo\/adoptar-hermanos1\/\" rel=\"attachment wp-att-6358\"><img loading=\"lazy\" decoding=\"async\" class=\"alignleft wp-image-6358\" src=\"http:\/\/adopcionpuntodeencuentro.com\/web\/wp-content\/uploads\/ADOPTAR-HERMANOS1.png\" width=\"425\" height=\"415\" srcset=\"https:\/\/adopcionpuntodeencuentro.com\/web\/wp-content\/uploads\/ADOPTAR-HERMANOS1.png 619w, https:\/\/adopcionpuntodeencuentro.com\/web\/wp-content\/uploads\/ADOPTAR-HERMANOS1-150x147.png 150w, https:\/\/adopcionpuntodeencuentro.com\/web\/wp-content\/uploads\/ADOPTAR-HERMANOS1-400x391.png 400w, https:\/\/adopcionpuntodeencuentro.com\/web\/wp-content\/uploads\/ADOPTAR-HERMANOS1-600x586.png 600w, https:\/\/adopcionpuntodeencuentro.com\/web\/wp-content\/uploads\/ADOPTAR-HERMANOS1-52x50.png 52w\" sizes=\"(max-width: 425px) 100vw, 425px\" \/><\/a>Cuando una pareja o persona se plantea la idea de la adopci\u00f3n surge, a menudo, la cuesti\u00f3n es adoptar un menor o bien dos (o tres) hermanos, en el caso en que se desee tener m\u00e1s de un hijo.[\u2026]\n<p>Los padres que adoptan han de saber que a veces el grupo de ni\u00f1os que le presentan como hermanos tiene muchos matices. Por ejemplo, que son hermanos de madre o del padre (y no se conocen), o que son hermanos biol\u00f3gicos, pero nunca han vivido juntos y, por tanto, no es tan \u201cvinculados\u201d como hermanos y entre ellos se sienten extra\u00f1os. Seg\u00fan sea pues, el grupo de hermanos que se llegue a adoptar, pueden aparecer cuestiones, dificultades o conflictos diferentes; en todo caso, las relaciones entre ellos ser\u00e1n m\u00e1s complejas.<\/p>\n<p>En el caso de los hermanos a los que no les une un v\u00ednculo afectivo, la adopci\u00f3n ser\u00eda equiparable, a efectos pr\u00e1cticos, a la de los peque\u00f1os que no se conocen y se encuentran, de repente, inmersos en una nueva realidad y familia. Los celos y rivalidades que pueden aparecer en este supuesto pueden llegar a ser mucho m\u00e1s intensos, pues cada ni\u00f1o est\u00e1 descubriendo lo que significa tener unos padres, unas figuras de referencia y apego a las que se est\u00e1 vinculando, y el tener que compartir esas figuras con otro peque\u00f1o al que no le une un lazo afectivo y que tambi\u00e9n reclama su propio espacio y atenciones puede despertar fuertes sentimientos que dificulten el proceso de acomodaci\u00f3n e integraci\u00f3n familiar. Esto se agrava en el caso de que ambos ni\u00f1os les separe una corta diferencia de edad, pues las rivalidades se intensifican. A su vez, los padres han de ser capaces de atender a cada ni\u00f1o en sus necesidades teniendo en cuenta adem\u00e1s la relaci\u00f3n entre ambos: eso a\u00f1adir\u00e1 dificultades a las funciones de crianza.<\/p>\n<p><a href=\"http:\/\/adopcionpuntodeencuentro.com\/web\/adoptar-grupo-de-hermanos-el-doble-de-trabajo\/adoptar-hermanos2\/\" rel=\"attachment wp-att-6359\"><img loading=\"lazy\" decoding=\"async\" class=\"alignleft wp-image-6359\" src=\"http:\/\/adopcionpuntodeencuentro.com\/web\/wp-content\/uploads\/ADOPTAR-HERMANOS2.png\" width=\"425\" height=\"482\" srcset=\"https:\/\/adopcionpuntodeencuentro.com\/web\/wp-content\/uploads\/ADOPTAR-HERMANOS2.png 520w, https:\/\/adopcionpuntodeencuentro.com\/web\/wp-content\/uploads\/ADOPTAR-HERMANOS2-132x150.png 132w, https:\/\/adopcionpuntodeencuentro.com\/web\/wp-content\/uploads\/ADOPTAR-HERMANOS2-353x400.png 353w\" sizes=\"(max-width: 425px) 100vw, 425px\" \/><\/a>Tambi\u00e9n es cierto que adoptar a un grupo de hermanos que han convivido hasta entonces y que ya est\u00e1n vinculados tiene algunos aspectos que facilitan las relaciones posteriores y la integraci\u00f3n: se apoyan entre ellos, se sienten m\u00e1s acompa\u00f1ados y la extra\u00f1eza ante el enorme cambio de vida queda matizada, pues conservan algo del pasado: las relaciones entre ellos mismos. Cuando los hermanos son adoptados a la vez, eso facilita que hablen entre ellos de sus temores y preocupaciones sobre lo que est\u00e1 pasando, o lo que pasar\u00e1, o sobre c\u00f3mo era la vida en el orfanato, etc. Hablar de sus vivencias y recuerdos les permite irlos elaborando. Si sus padres pueden y saben acompa\u00f1arles en todo ello, sin duda las cosas les resultar\u00e1n m\u00e1s f\u00e1ciles. El tender puentes con el pasado les ayuda a reconstruir su historia, a valorar lo positivo y a ir comprendiendo y aceptando los aspectos m\u00e1s negativos (por ejemplo, que tuviera poca atenci\u00f3n porque hab\u00eda pocos cuidadores, o que llegaran a pelearse por un trozo de pan porque realmente viv\u00edan en la escasez, o que uno de los compa\u00f1eros se volviera dominante y tirano para conseguir lo que quer\u00eda); si los padres est\u00e1n al lado en estos temas, podr\u00e1n matizarlos, acoger y contener su resentimiento, buscar explicaciones, aceptar sus protestas y quejas.<\/p>\n<p>Lo esencial es que los padres que adoptan un grupo de hermanos entiendan que cada uno de los ni\u00f1os a los que adoptan necesita su espacio de exclusividad. Por tanto no ser\u00e1 el doble de trabajo, sino bastante m\u00e1s, ya que los padres deber\u00e1n atender a uno, a otro, y a la relaci\u00f3n que se establece entre ellos. Relaci\u00f3n que tiene un aspecto, facilitador, pero otro aspecto que a\u00f1ade complejidad al proceso de vinculaci\u00f3n de los ni\u00f1os. Porque los hermanos competir\u00e1n entre ellos- en una rivalidad y celos normales, es decir, esperables en todos los hermanos- por la atenci\u00f3n de los padres. Y porque en algunas ocasiones, habr\u00e1n de aprender otra manera de relacionarse diferente de la que entonces ten\u00edan.<\/p>\n<p>&nbsp;<\/p>\n<p><em>\u00a0(<a href=\"https:\/\/es.scribd.com\/document\/276558363\/Adopcion-y-Vinculo-Familiar-Mirabent\" target=\"_blank\" rel=\"noopener noreferrer\">Adopci\u00f3n y v\u00ednculo familiar. Crianza, escolaridad y adolescencia en la adopci\u00f3n internacional.<\/a> <strong><a href=\"http:\/\/www.grpf.eu\/index.php?option=com_content&amp;view=article&amp;id=39:vinyet-mirabent-junyet-&amp;catid=4:investigadors-interns&amp;Itemid=5&amp;lang=es\" target=\"_blank\" rel=\"noopener noreferrer\">Vinyet Mirabent<\/a> y Elena Ricart.<\/strong> Editorial Herder )<\/em><\/p>\n<p><img loading=\"lazy\" decoding=\"async\" class=\"alignleft size-full wp-image-6724\" src=\"http:\/\/adopcionpuntodeencuentro.com\/web\/wp-content\/uploads\/biografia-VINYET.png\" alt=\"\" width=\"1215\" height=\"553\" srcset=\"https:\/\/adopcionpuntodeencuentro.com\/web\/wp-content\/uploads\/biografia-VINYET.png 1215w, https:\/\/adopcionpuntodeencuentro.com\/web\/wp-content\/uploads\/biografia-VINYET-150x68.png 150w, https:\/\/adopcionpuntodeencuentro.com\/web\/wp-content\/uploads\/biografia-VINYET-400x182.png 400w, https:\/\/adopcionpuntodeencuentro.com\/web\/wp-content\/uploads\/biografia-VINYET-768x350.png 768w, https:\/\/adopcionpuntodeencuentro.com\/web\/wp-content\/uploads\/biografia-VINYET-600x273.png 600w\" sizes=\"(max-width: 1215px) 100vw, 1215px\" \/><\/p>\n<div class='divider' > <\/div>\n<p><iframe loading=\"lazy\" style=\"width: 120px; height: 240px;\" src=\"https:\/\/rcm-eu.amazon-adsystem.com\/e\/cm?t=adopcionpunto-21&amp;o=30&amp;p=8&amp;l=as1&amp;asins=8425430844&amp;ref=qf_sp_asin_til&amp;fc1=000000&amp;IS2=1&amp;lt1=_blank&amp;m=amazon&amp;lc1=FF0030&amp;bc1=000000&amp;bg1=FFFFFF&amp;f=ifr\" width=\"300\" height=\"150\" frameborder=\"0\" marginwidth=\"0\" marginheight=\"0\" scrolling=\"no\"><\/iframe><\/p>\n","protected":false},"excerpt":{"rendered":"<p>Los padres que adoptan han de saber que a veces el grupo de ni\u00f1os que le presentan como hermanos tiene muchos matices. Por ejemplo, que son hermanos de madre o del padre (y no se conocen), o que son hermanos biol\u00f3gicos, pero nunca han vivido juntos y, por tanto, no es tan \u201cvinculados\u201d como hermanos y entre ellos se sienten extra\u00f1os. Seg\u00fan sea  el grupo de hermanos que se llegue a adoptar, pueden aparecer cuestiones, dificultades o conflictos diferentes; en todo caso, las relaciones entre ellos ser\u00e1n m\u00e1s complejas.<\/p>\n","protected":false},"author":1,"featured_media":6360,"comment_status":"open","ping_status":"open","sticky":false,"template":"","format":"standard","meta":{"footnotes":""},"categories":[145,74,31,4,1],"tags":[27,45,230,55,32,28,79,70],"_links":{"self":[{"href":"https:\/\/adopcionpuntodeencuentro.com\/web\/wp-json\/wp\/v2\/posts\/6350"}],"collection":[{"href":"https:\/\/adopcionpuntodeencuentro.com\/web\/wp-json\/wp\/v2\/posts"}],"about":[{"href":"https:\/\/adopcionpuntodeencuentro.com\/web\/wp-json\/wp\/v2\/types\/post"}],"author":[{"embeddable":true,"href":"https:\/\/adopcionpuntodeencuentro.com\/web\/wp-json\/wp\/v2\/users\/1"}],"replies":[{"embeddable":true,"href":"https:\/\/adopcionpuntodeencuentro.com\/web\/wp-json\/wp\/v2\/comments?post=6350"}],"version-history":[{"count":10,"href":"https:\/\/adopcionpuntodeencuentro.com\/web\/wp-json\/wp\/v2\/posts\/6350\/revisions"}],"predecessor-version":[{"id":13964,"href":"https:\/\/adopcionpuntodeencuentro.com\/web\/wp-json\/wp\/v2\/posts\/6350\/revisions\/13964"}],"wp:featuredmedia":[{"embeddable":true,"href":"https:\/\/adopcionpuntodeencuentro.com\/web\/wp-json\/wp\/v2\/media\/6360"}],"wp:attachment":[{"href":"https:\/\/adopcionpuntodeencuentro.com\/web\/wp-json\/wp\/v2\/media?parent=6350"}],"wp:term":[{"taxonomy":"category","embeddable":true,"href":"https:\/\/adopcionpuntodeencuentro.com\/web\/wp-json\/wp\/v2\/categories?post=6350"},{"taxonomy":"post_tag","embeddable":true,"href":"https:\/\/adopcionpuntodeencuentro.com\/web\/wp-json\/wp\/v2\/tags?post=6350"}],"curies":[{"name":"wp","href":"https:\/\/api.w.org\/{rel}","templated":true}]}}