{"id":6651,"date":"2017-02-13T09:03:09","date_gmt":"2017-02-13T08:03:09","guid":{"rendered":"http:\/\/adopcionpuntodeencuentro.com\/web\/?p=6651"},"modified":"2017-02-13T09:03:09","modified_gmt":"2017-02-13T08:03:09","slug":"las-fantasias-en-los-origenes-por-beatriz-beneitez-perez","status":"publish","type":"post","link":"https:\/\/adopcionpuntodeencuentro.com\/web\/las-fantasias-en-los-origenes-por-beatriz-beneitez-perez\/","title":{"rendered":"Las fantas\u00edas en los or\u00edgenes. Por Beatriz Ben\u00e9itez P\u00e9rez"},"content":{"rendered":"<p><img loading=\"lazy\" decoding=\"async\" class=\"alignleft wp-image-6652 size-medium\" src=\"http:\/\/adopcionpuntodeencuentro.com\/web\/wp-content\/uploads\/marco-398x400.jpg\" width=\"398\" height=\"400\" srcset=\"https:\/\/adopcionpuntodeencuentro.com\/web\/wp-content\/uploads\/marco-398x400.jpg 398w, https:\/\/adopcionpuntodeencuentro.com\/web\/wp-content\/uploads\/marco-150x150.jpg 150w, https:\/\/adopcionpuntodeencuentro.com\/web\/wp-content\/uploads\/marco-80x80.jpg 80w, https:\/\/adopcionpuntodeencuentro.com\/web\/wp-content\/uploads\/marco-67x67.jpg 67w, https:\/\/adopcionpuntodeencuentro.com\/web\/wp-content\/uploads\/marco.jpg 489w\" sizes=\"(max-width: 398px) 100vw, 398px\" \/>Despu\u00e9s de varios a\u00f1os de trabajo en mediaci\u00f3n de b\u00fasqueda de or\u00edgenes puedo afirmar que todas las personas adoptadas, durante la infancia, durante la adolescencia, y ya en la edad adulta, tenemos fantas\u00edas sobre nuestros or\u00edgenes, y esas fantas\u00edas van cambiando con el tiempo, con nuestra edad, nuestra experiencia de la vida y nuestro conocimiento de la realidad del mundo.<br \/>\nEn ocasiones, lo que imaginamos tiene que ver con los cuentos o pel\u00edculas, en los que de una manera u otra se trata la adopci\u00f3n.<br \/>\nOtras veces, nuestras fantas\u00edas tienen que ver con lo que nuestros padres nos cuentan porque lo saben o porque se lo han contado a ellos, o a\u00fan m\u00e1s, como ellos tampoco suelen saber mucho sobre nuestra historia y ellos tambi\u00e9n tienen que imaginarla, pues a veces nosotros \u00abadoptamos\u00bb sus fantas\u00edas.<\/p>\n<p>Estas son algunas de las explicaciones que nos\u00a0dan a veces a nuestros padres sobre nuestras causas de adoptabilidad: que somos hu\u00e9rfanos, que nuestra familia de origen ten\u00eda muchos hijos y no pod\u00eda hacerse cargo de nosotros, que nuestra madre era una \u00abmadre sola\u00bb, que nos abandon\u00f3 en un orfanato, en una comisar\u00eda, en la calle, en la puerta de una iglesia, que estaba muy enferma, que era alcoh\u00f3lica o drogadicta, que nos trataba mal, etc&#8230;en pocas o ninguna ocasi\u00f3n les dicen que nuestra madre biol\u00f3gica pod\u00eda ser prostituta, o haber sido violada, o que despu\u00e9s de un embarazo imprevisto decidi\u00f3 que no quer\u00eda ser madre y pens\u00f3 que otra familia podr\u00eda hacerse cargo de nosotros.<\/p>\n<p>M\u00e1s tarde o m\u00e1s temprano todos pensamos e imaginamos sobre a quien nos parecemos, c\u00f3mo son nuestros parientes biol\u00f3gicos, qui\u00e9nes son, a qu\u00e9 se dedican, nos imaginamos incluso aspectos relacionados con su salud, el entorno en el que viven, su casa, su barrio, su pueblo o su ciudad, su pa\u00eds o su continente.<\/p>\n<p>Hay fantas\u00edas que \u00abidealizan\u00bb a la familia biol\u00f3gica, pensamos que podemos ser hij@s de alguna artista o incluso de una princesa que en alg\u00fan momento va a venir a buscarnos o \u00abrescatarnos\u00bb o por contra que somos hijo@s de una pobre familia que necesita de nuestra ayuda y somos nosotros los hij@s los que tenemos que ir a buscarles para rescatarles.<\/p>\n<p><img loading=\"lazy\" decoding=\"async\" class=\"alignleft wp-image-6654\" src=\"http:\/\/adopcionpuntodeencuentro.com\/web\/wp-content\/uploads\/hq3.jpg\" alt=\"\" width=\"397\" height=\"299\" srcset=\"https:\/\/adopcionpuntodeencuentro.com\/web\/wp-content\/uploads\/hq3.jpg 647w, https:\/\/adopcionpuntodeencuentro.com\/web\/wp-content\/uploads\/hq3-150x113.jpg 150w, https:\/\/adopcionpuntodeencuentro.com\/web\/wp-content\/uploads\/hq3-400x301.jpg 400w, https:\/\/adopcionpuntodeencuentro.com\/web\/wp-content\/uploads\/hq3-600x452.jpg 600w\" sizes=\"(max-width: 397px) 100vw, 397px\" \/>Hay otras fantas\u00edas que \u00abdesfavorecen\u00bb a la familia biol\u00f3gica y pensamos que son personas indignas que no merecen nuestro cari\u00f1o y aceptaci\u00f3n, que ni tan si quiera merecen nuestro respeto. Estos son pensamientos recurrentes que a veces cambian de una etapa a otra, pasando de un extremo al otro. <strong>Este tipo de pensamientos hace que muchas personas pongan en marcha su b\u00fasqueda de or\u00edgenes, porque piensan que van a encontrar algo maravilloso o porque quieren \u00absalvar\u00bb a su familia de origen<\/strong> y sin embargo hacen que otras personas adoptadas no se planteen de ninguna de las maneras la posibilidad de buscar sus or\u00edgenes, porque si esa persona o familia fue capaz de abandolarle pues ahora para qu\u00e9 les va a buscar y as\u00ed sienten que \u00abcastigan\u00bb con la indiferencia a sus familias de origen. [&#8230;]\n<ul>[&#8230;]<\/ul>\n<p>La mayor\u00eda de nosotros nos mostramos ingenuos y no llegamos a imaginar que una mujer pueda llegar a estar embarazada no s\u00f3lo por azar, sino incluso en contra de su voluntad y preferimos seguir pensando que en alg\u00fan lugar del mundo hay una persona que despu\u00e9s de estar embarazada y dar a luz renunci\u00f3 a ser nuestra madre, o a\u00fan m\u00e1s, y esto lo estoy encontrando m\u00e1s recientemente, que despu\u00e9s de parir no le dejaron ser nuestra madre y fuimos separados sin su conocimiento y su consentimiento, en definitiva, que fuimos \u00abrobados\u00bb arrancados de sus brazos, y en este punto llegamos a imaginar que la persona o personas que nos separ\u00f3 de nuestra madre biol\u00f3gica fue un tercero, m\u00e9dico, enfermera, asistente social, etc&#8230; con alg\u00fan inter\u00e9s oculto y no llegamos a pensar que en muchos casos esa o esas personas que nos separaron fueron los propios padres de nuestra madre biol\u00f3gica, es decir, nuestros abuelos biol\u00f3gicos o a\u00fan m\u00e1s, nuestro propio padre biol\u00f3gico, que puede ser que estuviese casado con otra mujer que no fuese nuestra madre o que teniendo en cuenta que <strong>en Espa\u00f1a hasta el a\u00f1o 1981 eran los padres de sexo masculino, los titulares exclusivos de la patria potestad<\/strong>, que fuese \u00e9l quien decidi\u00f3, sin el consentimiento de nuestras madres, si eramos entregados en adopci\u00f3n&#8230;.y es que aunque desde nuestro actual siglo XXI nos cueste entenderlo, eso tambi\u00e9n pasaba, y sigue pasando en algunos lugares del mundo donde estar embarazada y soltera sigue siendo una deshonra para la familia y <strong>todav\u00eda hay lugares donde sigue siendo el padre, sin contar con la madre, el que decide el futuro de sus hij@s y puede decidir hacerse cargo de ellos o no<\/strong>.<\/p>\n<p><img loading=\"lazy\" decoding=\"async\" class=\"alignleft wp-image-6655\" src=\"http:\/\/adopcionpuntodeencuentro.com\/web\/wp-content\/uploads\/hq2.jpg\" alt=\"\" width=\"399\" height=\"305\" srcset=\"https:\/\/adopcionpuntodeencuentro.com\/web\/wp-content\/uploads\/hq2.jpg 643w, https:\/\/adopcionpuntodeencuentro.com\/web\/wp-content\/uploads\/hq2-150x115.jpg 150w, https:\/\/adopcionpuntodeencuentro.com\/web\/wp-content\/uploads\/hq2-400x305.jpg 400w, https:\/\/adopcionpuntodeencuentro.com\/web\/wp-content\/uploads\/hq2-600x458.jpg 600w\" sizes=\"(max-width: 399px) 100vw, 399px\" \/>Lo que tambi\u00e9n tengo aprendido es que casi ninguna de las personas adoptadas que busca sus or\u00edgenes imagina que es hu\u00e9rfana, a pesar de que a nuestros padres se lo hayan podido decir, y ellos lo quieran pensar, incluso nos lo hayan transmitido en nuestra infancia, nosotros tendemos a imaginar que no es verdad y que nuestra madre biol\u00f3gica est\u00e1 viva, en mejores o peores condiciones, pero viva&#8230;.y que podremos buscarla y encontrarla.<\/p>\n<p>&nbsp;<\/p>\n<div class='divider' > <\/div>\n<p>&nbsp;<\/p>\n<h3><\/h3>\n<h3><\/h3>\n<h3><a href=\"http:\/\/mejorconmediacion.blogspot.com.es\/\"><img loading=\"lazy\" decoding=\"async\" class=\"aligncenter wp-image-6686 size-full\" src=\"http:\/\/adopcionpuntodeencuentro.com\/web\/wp-content\/uploads\/Beatriz-Ben\u00e9itez-xl.png\" width=\"1242\" height=\"527\" srcset=\"https:\/\/adopcionpuntodeencuentro.com\/web\/wp-content\/uploads\/Beatriz-Ben\u00e9itez-xl.png 1242w, https:\/\/adopcionpuntodeencuentro.com\/web\/wp-content\/uploads\/Beatriz-Ben\u00e9itez-xl-150x64.png 150w, https:\/\/adopcionpuntodeencuentro.com\/web\/wp-content\/uploads\/Beatriz-Ben\u00e9itez-xl-400x170.png 400w, https:\/\/adopcionpuntodeencuentro.com\/web\/wp-content\/uploads\/Beatriz-Ben\u00e9itez-xl-768x326.png 768w, https:\/\/adopcionpuntodeencuentro.com\/web\/wp-content\/uploads\/Beatriz-Ben\u00e9itez-xl-600x255.png 600w\" sizes=\"(max-width: 1242px) 100vw, 1242px\" \/><\/a><\/h3>\n<h3><strong>Para visitar el Blog MEJOR CON MEDIACI\u00d3N de\u00a0<\/strong><strong>Beatriz Ben\u00e9itez <span style=\"color: #f20c42;\">pincha en su biograf\u00eda<\/span><\/strong><\/h3>\n<p>&nbsp;<\/p>\n","protected":false},"excerpt":{"rendered":"<p>\u00abM\u00e1s tarde o m\u00e1s temprano todos pensamos e imaginamos sobre a quien nos parecemos, c\u00f3mo son nuestros parientes biol\u00f3gicos, qui\u00e9nes son, a qu\u00e9 se dedican, nos imaginamos incluso aspectos relacionados con su salud, el entorno en el que viven, su casa, su barrio, su pueblo o su ciudad, su pa\u00eds o su continente.\u00bb<\/p>\n","protected":false},"author":1,"featured_media":6702,"comment_status":"open","ping_status":"open","sticky":false,"template":"","format":"standard","meta":{"footnotes":""},"categories":[267,75],"tags":[27,169,238,39],"_links":{"self":[{"href":"https:\/\/adopcionpuntodeencuentro.com\/web\/wp-json\/wp\/v2\/posts\/6651"}],"collection":[{"href":"https:\/\/adopcionpuntodeencuentro.com\/web\/wp-json\/wp\/v2\/posts"}],"about":[{"href":"https:\/\/adopcionpuntodeencuentro.com\/web\/wp-json\/wp\/v2\/types\/post"}],"author":[{"embeddable":true,"href":"https:\/\/adopcionpuntodeencuentro.com\/web\/wp-json\/wp\/v2\/users\/1"}],"replies":[{"embeddable":true,"href":"https:\/\/adopcionpuntodeencuentro.com\/web\/wp-json\/wp\/v2\/comments?post=6651"}],"version-history":[{"count":45,"href":"https:\/\/adopcionpuntodeencuentro.com\/web\/wp-json\/wp\/v2\/posts\/6651\/revisions"}],"predecessor-version":[{"id":6703,"href":"https:\/\/adopcionpuntodeencuentro.com\/web\/wp-json\/wp\/v2\/posts\/6651\/revisions\/6703"}],"wp:featuredmedia":[{"embeddable":true,"href":"https:\/\/adopcionpuntodeencuentro.com\/web\/wp-json\/wp\/v2\/media\/6702"}],"wp:attachment":[{"href":"https:\/\/adopcionpuntodeencuentro.com\/web\/wp-json\/wp\/v2\/media?parent=6651"}],"wp:term":[{"taxonomy":"category","embeddable":true,"href":"https:\/\/adopcionpuntodeencuentro.com\/web\/wp-json\/wp\/v2\/categories?post=6651"},{"taxonomy":"post_tag","embeddable":true,"href":"https:\/\/adopcionpuntodeencuentro.com\/web\/wp-json\/wp\/v2\/tags?post=6651"}],"curies":[{"name":"wp","href":"https:\/\/api.w.org\/{rel}","templated":true}]}}