{"id":672,"date":"2014-10-24T17:22:52","date_gmt":"2014-10-24T15:22:52","guid":{"rendered":"http:\/\/adopcionpuntodeencuentro.com\/web\/?p=672"},"modified":"2014-10-24T21:09:10","modified_gmt":"2014-10-24T19:09:10","slug":"ii-jornada-del-viii-congreso-internacional-afin-12a-sesion","status":"publish","type":"post","link":"https:\/\/adopcionpuntodeencuentro.com\/web\/ii-jornada-del-viii-congreso-internacional-afin-12a-sesion\/","title":{"rendered":"II Jornada del VIII Congreso Internacional AFIN (12\u00aa sesi\u00f3n)"},"content":{"rendered":"<h3><span style=\"color: #f50f3d;\"><strong>CUANDO LOS HIJOS E HIJAS DE FILIACI\u00d3N\u00a0<\/strong><strong>ADOPTIVA SE HACEN ADOLESCENTES<\/strong><\/span><\/h3>\n<p>Tarde del viernes duod\u00e9cima sesi\u00f3n.<\/p>\n<p><strong><img loading=\"lazy\" decoding=\"async\" class=\"alignleft size-full wp-image-700\" src=\"http:\/\/adopcionpuntodeencuentro.com\/web\/wp-content\/uploads\/jaume-3d.jpg\" alt=\"jaume 3d\" width=\"193\" height=\"212\" srcset=\"https:\/\/adopcionpuntodeencuentro.com\/web\/wp-content\/uploads\/jaume-3d.jpg 193w, https:\/\/adopcionpuntodeencuentro.com\/web\/wp-content\/uploads\/jaume-3d-136x150.jpg 136w\" sizes=\"(max-width: 193px) 100vw, 193px\" \/>Jaume Funes Artiaga<\/strong>, psic\u00f3logo, educador y periodista con una aquilatada trayectoria\u00a0de trabajo con ni\u00f1os, adolescentes y j\u00f3venes, destina su presentaci\u00f3n\u00a0a las caracter\u00edsticas y particularidades de la etapa adolescente en\u00a0ni\u00f1os y ni\u00f1as adoptados, etapa en que se encuentra una gran mayor\u00eda\u00a0de los ni\u00f1os y ni\u00f1as adoptados en Espa\u00f1a durante la \u00e9poca de la realizaci\u00f3n\u00a0del mayor n\u00famero de adopciones internacionales.<\/p>\n<p><strong>\u00a0Jaume Funes Artiaga <\/strong>se ha especializado prioritariamente en el mundo\u00a0de los adolescentes y en sus dificultades sociales. Entre 2004 y 2007 actu\u00f3 como\u00a0defensor de los derechos de la infancia en Catalunya y como Secretario de Familias.<\/p>\n<p>&nbsp;<\/p>\n<h3><span style=\"color: #f50f3d;\"><strong>Sus publicaciones:<\/strong><\/span><\/h3>\n<p><strong><em><img loading=\"lazy\" decoding=\"async\" class=\"alignleft wp-image-673\" src=\"http:\/\/adopcionpuntodeencuentro.com\/web\/wp-content\/uploads\/alex13d-212x300.jpg\" alt=\"alex13d\" width=\"124\" height=\"175\" srcset=\"https:\/\/adopcionpuntodeencuentro.com\/web\/wp-content\/uploads\/alex13d-212x300.jpg 212w, https:\/\/adopcionpuntodeencuentro.com\/web\/wp-content\/uploads\/alex13d-106x150.jpg 106w, https:\/\/adopcionpuntodeencuentro.com\/web\/wp-content\/uploads\/alex13d.jpg 454w\" sizes=\"(max-width: 124px) 100vw, 124px\" \/><\/em><\/strong><\/p>\n<p>&nbsp;<\/p>\n<p><strong><em>La nueva delincuencia infantil\u00a0<\/em><\/strong><strong><em>y juvenil <\/em><\/strong>(1982), <em><strong>El lugar de la infancia<\/strong>.<strong> Criterios para ocuparse de los ni\u00f1os y ni\u00f1as\u00a0<\/strong><\/em><strong><em>hoy <\/em><\/strong>(2008), <strong><em>\u201cEducar en la adolescencia. 9 Ideas clave<\/em>\u201d<\/strong> (2010), que resume buena parte\u00a0de d\u00e9cadas de trabajo con adolescentes y <em><strong>\u00c1lex no entiende el mundo<\/strong> <\/em>(2014), escrito\u00a0para ayudar a los adolescentes a pensar sobre el mundo que les rodea, comenzando\u00a0por el suyo.<\/p>\n<p>&nbsp;<\/p>\n<p>&nbsp;<\/p>\n<p><img loading=\"lazy\" decoding=\"async\" class=\"alignleft wp-image-637\" src=\"http:\/\/adopcionpuntodeencuentro.com\/web\/wp-content\/uploads\/twitter-logoazul.jpg\" alt=\"twitter logoazul\" width=\"50\" height=\"50\" srcset=\"https:\/\/adopcionpuntodeencuentro.com\/web\/wp-content\/uploads\/twitter-logoazul.jpg 204w, https:\/\/adopcionpuntodeencuentro.com\/web\/wp-content\/uploads\/twitter-logoazul-150x150.jpg 150w, https:\/\/adopcionpuntodeencuentro.com\/web\/wp-content\/uploads\/twitter-logoazul-80x80.jpg 80w, https:\/\/adopcionpuntodeencuentro.com\/web\/wp-content\/uploads\/twitter-logoazul-67x67.jpg 67w\" sizes=\"(max-width: 50px) 100vw, 50px\" \/><\/p>\n<h4><\/h4>\n<h4>Se pueden seguir las sesiones a trav\u00e9s de twitter @GrupoAFIN \u00a0con el hashstag \u00a0<a class=\"twitter-hashtag pretty-link js-nav\" dir=\"ltr\" href=\"https:\/\/twitter.com\/hashtag\/8congresoAFIN?src=hash\" data-query-source=\"hashtag_click\"><s>#<\/s><b>8congresoAFIN<\/b><\/a><\/h4>\n","protected":false},"excerpt":{"rendered":"<p>CUANDO LOS HIJOS E HIJAS DE FILIACI\u00d3N\u00a0ADOPTIVA SE HACEN ADOLESCENTES Tarde del viernes duod\u00e9cima sesi\u00f3n. Jaume Funes Artiaga, psic\u00f3logo, educador y periodista con una aquilatada trayectoria\u00a0de trabajo con ni\u00f1os, adolescentes y j\u00f3venes, destina su presentaci\u00f3n\u00a0a las caracter\u00edsticas y particularidades de la etapa adolescente en\u00a0ni\u00f1os y ni\u00f1as adoptados, etapa en que se encuentra una gran mayor\u00eda\u00a0de &#8230;<\/p>\n","protected":false},"author":1,"featured_media":0,"comment_status":"open","ping_status":"open","sticky":false,"template":"","format":"standard","meta":{"footnotes":""},"categories":[40,31,35],"tags":[56,27,45,36,26,55],"_links":{"self":[{"href":"https:\/\/adopcionpuntodeencuentro.com\/web\/wp-json\/wp\/v2\/posts\/672"}],"collection":[{"href":"https:\/\/adopcionpuntodeencuentro.com\/web\/wp-json\/wp\/v2\/posts"}],"about":[{"href":"https:\/\/adopcionpuntodeencuentro.com\/web\/wp-json\/wp\/v2\/types\/post"}],"author":[{"embeddable":true,"href":"https:\/\/adopcionpuntodeencuentro.com\/web\/wp-json\/wp\/v2\/users\/1"}],"replies":[{"embeddable":true,"href":"https:\/\/adopcionpuntodeencuentro.com\/web\/wp-json\/wp\/v2\/comments?post=672"}],"version-history":[{"count":5,"href":"https:\/\/adopcionpuntodeencuentro.com\/web\/wp-json\/wp\/v2\/posts\/672\/revisions"}],"predecessor-version":[{"id":705,"href":"https:\/\/adopcionpuntodeencuentro.com\/web\/wp-json\/wp\/v2\/posts\/672\/revisions\/705"}],"wp:attachment":[{"href":"https:\/\/adopcionpuntodeencuentro.com\/web\/wp-json\/wp\/v2\/media?parent=672"}],"wp:term":[{"taxonomy":"category","embeddable":true,"href":"https:\/\/adopcionpuntodeencuentro.com\/web\/wp-json\/wp\/v2\/categories?post=672"},{"taxonomy":"post_tag","embeddable":true,"href":"https:\/\/adopcionpuntodeencuentro.com\/web\/wp-json\/wp\/v2\/tags?post=672"}],"curies":[{"name":"wp","href":"https:\/\/api.w.org\/{rel}","templated":true}]}}