{"id":7015,"date":"2017-04-10T10:37:34","date_gmt":"2017-04-10T08:37:34","guid":{"rendered":"http:\/\/adopcionpuntodeencuentro.com\/web\/?p=7015"},"modified":"2017-04-10T10:49:03","modified_gmt":"2017-04-10T08:49:03","slug":"la-educacion-de-los-hijos-mas-alla-de-la-adopcion-fernando-antonio-bermejo-infografia","status":"publish","type":"post","link":"https:\/\/adopcionpuntodeencuentro.com\/web\/la-educacion-de-los-hijos-mas-alla-de-la-adopcion-fernando-antonio-bermejo-infografia\/","title":{"rendered":"La educaci\u00f3n de los hijos m\u00e1s all\u00e1 de la adopci\u00f3n. Fernando Antonio Bermejo. (Infograf\u00eda)"},"content":{"rendered":"<h3><strong>\u201c\u00bfC\u00f3mo educar a los hijos? \u00ab,\u00bb \u00bfQu\u00e9 es lo que necesitan de nosotros como padres?\u201c,\u201cLos ni\u00f1os no vienen con un manual de instrucciones\u201d.<\/strong><\/h3>\n<p>\u00c9stas frases denotan en general el reto que supone ser padres, sin entrar en distinciones entre paternidad biol\u00f3gica y adoptiva. Aunque la adopci\u00f3n conlleva unos requerimientos espec\u00edficos, tambi\u00e9n ser\u00e1n otros comunes al mero hecho de ser padres, a los que se suele prestar menos atenci\u00f3n cuando hablamos de ni\u00f1os adoptados.<\/p>\n<p><img loading=\"lazy\" decoding=\"async\" class=\"aligncenter wp-image-7029\" src=\"http:\/\/adopcionpuntodeencuentro.com\/web\/wp-content\/uploads\/ajedrez-bl.png\" alt=\"\" width=\"835\" height=\"670\" srcset=\"https:\/\/adopcionpuntodeencuentro.com\/web\/wp-content\/uploads\/ajedrez-bl.png 3274w, https:\/\/adopcionpuntodeencuentro.com\/web\/wp-content\/uploads\/ajedrez-bl-150x120.png 150w, https:\/\/adopcionpuntodeencuentro.com\/web\/wp-content\/uploads\/ajedrez-bl-400x321.png 400w, https:\/\/adopcionpuntodeencuentro.com\/web\/wp-content\/uploads\/ajedrez-bl-768x616.png 768w, https:\/\/adopcionpuntodeencuentro.com\/web\/wp-content\/uploads\/ajedrez-bl-600x482.png 600w\" sizes=\"(max-width: 835px) 100vw, 835px\" \/><\/p>\n<p>Ser padres no es una tarea f\u00e1cil, y nadie nos ense\u00f1a lo que hay que hacer. Cada ni\u00f1o es \u00fanico, con su propio temperamento, estilo de aprendizaje y ritmo de crecimiento. Sin embargo, hay aspectos comunes impredecibles que ocurren durante los primeros a\u00f1os de vida a lo largo de la infancia y durante la adolescencia, lo cual ha permitido que los profesionales que estudian el desarrollo infantil hayan podido diferenciar etapas distintas y determinar las conductas m\u00e1s caracter\u00edsticas principales necesidades que deben satisfacer los padres y los logros m\u00e1s destacables en cada una de ellas. Conocer nuestro papel como padres en tales etapas y saber responder a su vez a sus peculiaridades, contribuir\u00e1 a que vivamos la paternidad de forma m\u00e1s satisfactoria.<br \/>\nSer padres implica proporcionar a los hijos cuidados, protecci\u00f3n, afecto, una educaci\u00f3n&#8230; En el caso de los padres adoptivos, tambi\u00e9n es importante entender que las necesidades de los hijos, tanto por el hecho de ser ni\u00f1os que van creciendo y evolucionando como por ser adoptados, van a ser diferentes a lo largo de su desarrollo. Por ello de su papel como padres tendr\u00e1 que venir a medida que los hijos crezcan, y habremos de poner en marcha habilidades distintas acordes con la edad del ni\u00f1o, algo que es v\u00e1lido para todos los padres, pero que, insistimos, tiene ciertas particularidades en el caso de la adopci\u00f3n.<br \/>\nEn definitiva es importante entender la paternidad, y en consecuencia la adopci\u00f3n, como un hecho evolutivo, es decir se es padre de un ni\u00f1o que est\u00e1 creciendo y cambiando.<\/p>\n<p><strong>Fernando Antonio Bermejo<\/strong>.\u00bbConsejos para la educaci\u00f3n de los hijos, m\u00e1s all\u00e1 de la adopci\u00f3n\u00bb. El reto de ser padres. Gu\u00eda pr\u00e1ctica de postadopci\u00f3n.Editorial SALVAT<\/p>\n<div class='divider' > <\/div>\n<p><img loading=\"lazy\" decoding=\"async\" class=\"aligncenter wp-image-7019\" src=\"http:\/\/adopcionpuntodeencuentro.com\/web\/wp-content\/uploads\/infogrf\u00eda-EDUCACI\u00d3NM\u00c1S-ALL\u00c1.png\" alt=\"\" width=\"898\" height=\"1248\" srcset=\"https:\/\/adopcionpuntodeencuentro.com\/web\/wp-content\/uploads\/infogrf\u00eda-EDUCACI\u00d3NM\u00c1S-ALL\u00c1.png 2096w, https:\/\/adopcionpuntodeencuentro.com\/web\/wp-content\/uploads\/infogrf\u00eda-EDUCACI\u00d3NM\u00c1S-ALL\u00c1-108x150.png 108w, https:\/\/adopcionpuntodeencuentro.com\/web\/wp-content\/uploads\/infogrf\u00eda-EDUCACI\u00d3NM\u00c1S-ALL\u00c1-288x400.png 288w, https:\/\/adopcionpuntodeencuentro.com\/web\/wp-content\/uploads\/infogrf\u00eda-EDUCACI\u00d3NM\u00c1S-ALL\u00c1-768x1067.png 768w, https:\/\/adopcionpuntodeencuentro.com\/web\/wp-content\/uploads\/infogrf\u00eda-EDUCACI\u00d3NM\u00c1S-ALL\u00c1-432x600.png 432w\" sizes=\"(max-width: 898px) 100vw, 898px\" \/><\/p>\n<div class='divider' > <\/div>\n<p><a href=\"http:\/\/datos.bne.es\/persona\/XX1789880.html\"><img loading=\"lazy\" decoding=\"async\" class=\"aligncenter wp-image-7037 size-full\" src=\"http:\/\/adopcionpuntodeencuentro.com\/web\/wp-content\/uploads\/Fernando-Antonio-Bermejo.png\" alt=\"\" width=\"2132\" height=\"840\" srcset=\"https:\/\/adopcionpuntodeencuentro.com\/web\/wp-content\/uploads\/Fernando-Antonio-Bermejo.png 2132w, https:\/\/adopcionpuntodeencuentro.com\/web\/wp-content\/uploads\/Fernando-Antonio-Bermejo-150x59.png 150w, https:\/\/adopcionpuntodeencuentro.com\/web\/wp-content\/uploads\/Fernando-Antonio-Bermejo-400x158.png 400w, https:\/\/adopcionpuntodeencuentro.com\/web\/wp-content\/uploads\/Fernando-Antonio-Bermejo-768x303.png 768w, https:\/\/adopcionpuntodeencuentro.com\/web\/wp-content\/uploads\/Fernando-Antonio-Bermejo-600x236.png 600w\" sizes=\"(max-width: 2132px) 100vw, 2132px\" \/><\/a><\/p>\n<p><strong>Para saber m\u00e1s, Pincha en la biograf\u00eda<\/strong><\/p>\n<div class='divider' > <\/div>\n","protected":false},"excerpt":{"rendered":"<p>Ser padres no es una tarea f\u00e1cil, y nadie nos ense\u00f1a lo que hay que hacer. Cada ni\u00f1o es \u00fanico, con su propio temperamento, estilo de aprendizaje y ritmo de crecimiento. Es.es importante entender que las necesidades de los hijos, tanto por el hecho de ser ni\u00f1os que van creciendo y evolucionando como por ser adoptados, van a ser diferentes a lo largo de su desarrollo.<\/p>\n","protected":false},"author":1,"featured_media":7038,"comment_status":"open","ping_status":"open","sticky":false,"template":"","format":"standard","meta":{"footnotes":""},"categories":[145,75,244,31,269,12],"tags":[56,27,230,37,55,32,79],"_links":{"self":[{"href":"https:\/\/adopcionpuntodeencuentro.com\/web\/wp-json\/wp\/v2\/posts\/7015"}],"collection":[{"href":"https:\/\/adopcionpuntodeencuentro.com\/web\/wp-json\/wp\/v2\/posts"}],"about":[{"href":"https:\/\/adopcionpuntodeencuentro.com\/web\/wp-json\/wp\/v2\/types\/post"}],"author":[{"embeddable":true,"href":"https:\/\/adopcionpuntodeencuentro.com\/web\/wp-json\/wp\/v2\/users\/1"}],"replies":[{"embeddable":true,"href":"https:\/\/adopcionpuntodeencuentro.com\/web\/wp-json\/wp\/v2\/comments?post=7015"}],"version-history":[{"count":15,"href":"https:\/\/adopcionpuntodeencuentro.com\/web\/wp-json\/wp\/v2\/posts\/7015\/revisions"}],"predecessor-version":[{"id":7044,"href":"https:\/\/adopcionpuntodeencuentro.com\/web\/wp-json\/wp\/v2\/posts\/7015\/revisions\/7044"}],"wp:featuredmedia":[{"embeddable":true,"href":"https:\/\/adopcionpuntodeencuentro.com\/web\/wp-json\/wp\/v2\/media\/7038"}],"wp:attachment":[{"href":"https:\/\/adopcionpuntodeencuentro.com\/web\/wp-json\/wp\/v2\/media?parent=7015"}],"wp:term":[{"taxonomy":"category","embeddable":true,"href":"https:\/\/adopcionpuntodeencuentro.com\/web\/wp-json\/wp\/v2\/categories?post=7015"},{"taxonomy":"post_tag","embeddable":true,"href":"https:\/\/adopcionpuntodeencuentro.com\/web\/wp-json\/wp\/v2\/tags?post=7015"}],"curies":[{"name":"wp","href":"https:\/\/api.w.org\/{rel}","templated":true}]}}