{"id":7058,"date":"2017-04-24T09:17:16","date_gmt":"2017-04-24T07:17:16","guid":{"rendered":"http:\/\/adopcionpuntodeencuentro.com\/web\/?p=7058"},"modified":"2018-01-04T20:46:38","modified_gmt":"2018-01-04T19:46:38","slug":"cinco-experiencias-de-vida-compartidas","status":"publish","type":"post","link":"https:\/\/adopcionpuntodeencuentro.com\/web\/cinco-experiencias-de-vida-compartidas\/","title":{"rendered":"Cinco experiencias de vida compartidas"},"content":{"rendered":"<p>Con motivo del d\u00eda del libro Acci\u00f3n tutorial del \u00a0Departamento de Pedagog\u00eda del Centro de Magisterio La Inmaculada. Ha invitado a las autoras del libro \u00bb\u00a0<a href=\"http:\/\/mariposasenelcorazon.com\/\" target=\"_blank\" rel=\"noopener noreferrer\"><strong>Mariposas en el coraz\u00f3n. La adopci\u00f3n desde dentro.<\/strong><\/a>\u00bb a compartir sus experiencias en una charla presentaci\u00f3n de un libro escrito con la intenci\u00f3n de ayudar a otras madres, padres, maestros y profesionales.<\/p>\n<p>Ni la infertilidad, ni la ap\u00e1tica burocracia ni, en algunos casos la lejan\u00eda geogr\u00e1fica o los dif\u00edciles procesos judiciales, por nombrar algunos de los mayores obst\u00e1culos, fueron trabas suficientes para impedirles llegar hasta sus hijos y traerlos a vivir con ellas para siempre. Las cinco con una misma convicci\u00f3n:<br \/>\n\u201cNo cambiar\u00eda ni un instante de lo vivido si eso supusiera no llegar hasta ti\u201d.<\/p>\n<h2><span style=\"color: #ed0e46;\"><strong>Conocernos<\/strong><\/span><\/h2>\n<p><img loading=\"lazy\" decoding=\"async\" class=\"wp-image-7060 alignleft\" src=\"http:\/\/adopcionpuntodeencuentro.com\/web\/wp-content\/uploads\/Pilar.jpg\" alt=\"\" width=\"377\" height=\"284\" srcset=\"https:\/\/adopcionpuntodeencuentro.com\/web\/wp-content\/uploads\/Pilar.jpg 636w, https:\/\/adopcionpuntodeencuentro.com\/web\/wp-content\/uploads\/Pilar-150x113.jpg 150w, https:\/\/adopcionpuntodeencuentro.com\/web\/wp-content\/uploads\/Pilar-400x302.jpg 400w, https:\/\/adopcionpuntodeencuentro.com\/web\/wp-content\/uploads\/Pilar-600x453.jpg 600w\" sizes=\"(max-width: 377px) 100vw, 377px\" \/>Apenas pude conciliar el sue\u00f1o. Me preocupaba c\u00f3mo se adaptar\u00eda la ni\u00f1a a un pa\u00eds extra\u00f1o, lleno de gente extra\u00f1a que, adem\u00e1s, hablaba de una forma radicalmente distinta a como lo hac\u00eda ella.<br \/>\nMe angustiaba no saber qu\u00e9 pasaba por su cabeza. No era un beb\u00e9, ni siquiera una ni\u00f1a de cuatro o cinco a\u00f1os. Pronto cumplir\u00eda diez y ten\u00eda ya una historia de la que sab\u00edamos muy poco.<br \/>\nSu trato conmigo era m\u00e1s que correcto, pero yo notaba que algo en m\u00ed no le terminaba de gustar. Cuando est\u00e1bamos a solas se mostraba alegre y comunicadora, pero cuando est\u00e1bamos con alguien yo pasaba a un segundo plano, incluso rechazaba mi contacto. Era como si no quisiera que nadie supiera que yo era su madre. Por supuesto, no me permit\u00eda ni la m\u00e1s m\u00ednima nuestra de cari\u00f1o en p\u00fablico. Un d\u00eda le acarici\u00e9 y me dijo:<br \/>\n\u2013Mam\u00e1, no me gusta tu mano.<br \/>\nPor mis conocimientos en psicolog\u00eda infantil, me dec\u00eda a m\u00ed misma: \u00abDale tiempo, no es nada personal. Has de conocerla y ella te ha de conocer a ti\u00bb. Esa era la clave: conocernos. Y para ello se necesitaba tiempo, mucho tiempo. Ahora su vida estaba llena de primeras veces y para m\u00ed era como redescubrir el mundo a trav\u00e9s de sus ojos.<br \/>\nEn su adaptaci\u00f3n hab\u00eda algo que ella a\u00fan no hab\u00eda asumido, algo que muchas personas no llegaban a comprender y que en situaciones determinadas supuso momentos de tensi\u00f3n: los saludos. En China, por una cuesti\u00f3n cultural, hay un respeto absoluto al cuerpo del otro. Cuando se saludan no hay contacto f\u00edsico, todo lo contrario que aqu\u00ed, que nos abrazamos y besamos efusivamente. Al principio imitaba mi comportamiento y el de los dem\u00e1s dando besos a cuantas personas iba conociendo, pero lleg\u00f3 un momento en que se cans\u00f3 y se neg\u00f3 a besar a nadie. Eso produjo cierto desconcierto, sobre todo en la familia, que no entend\u00edan por qu\u00e9 antes s\u00ed daba besos y luego no.<\/p>\n<p><strong>La adopci\u00f3n monoparental y las diferencias culturales.<\/strong><br \/>\n<strong> Pilar Gonz\u00e1lez Moreno. T\u00fa y yo: tan diferentes, tan iguales\u2026<\/strong><\/p>\n<p>&nbsp;<\/p>\n<h2><span style=\"color: #ed0e46;\">La escuela, fuente de estr\u00e9s<\/span><\/h2>\n<p><img loading=\"lazy\" decoding=\"async\" class=\" wp-image-7061 alignleft\" src=\"http:\/\/adopcionpuntodeencuentro.com\/web\/wp-content\/uploads\/mar\u00eda.jpg\" alt=\"\" width=\"377\" height=\"284\" srcset=\"https:\/\/adopcionpuntodeencuentro.com\/web\/wp-content\/uploads\/mar\u00eda.jpg 642w, https:\/\/adopcionpuntodeencuentro.com\/web\/wp-content\/uploads\/mar\u00eda-150x113.jpg 150w, https:\/\/adopcionpuntodeencuentro.com\/web\/wp-content\/uploads\/mar\u00eda-400x301.jpg 400w, https:\/\/adopcionpuntodeencuentro.com\/web\/wp-content\/uploads\/mar\u00eda-600x451.jpg 600w\" sizes=\"(max-width: 377px) 100vw, 377px\" \/>Mi hija lleg\u00f3 a Espa\u00f1a con casi seis a\u00f1os. Le correspond\u00eda entrar en primero de primaria. As\u00ed que, imaginaros la situaci\u00f3n. Hablaba en un ruso perfecto y ni una sola palabra de espa\u00f1ol. No sab\u00eda leer ni escribir. Casi no sab\u00eda sostener el l\u00e1piz. Nos movilizamos para que por lo menos entrara en un curso menos al que le correspond\u00eda por edad cronol\u00f3gica. No fue f\u00e1cil, pero lo logramos. As\u00ed que entr\u00f3 a tercero de infantil con ni\u00f1os de cinco a\u00f1os. Mientras las tardes de esos ni\u00f1os era jugar, mi hija ten\u00eda que pasar horas conmigo aprendiendo las vocales, los n\u00fameros. En un tiempo r\u00e9cord aprendi\u00f3 a leer y escribir. Fue un agotador esfuerzo, y lo conseguimos juntas. Juntas y sin la m\u00e1s m\u00ednima ayuda. Su maestra por entonces me explic\u00f3 que eran veintis\u00e9is ni\u00f1os en clase y no pod\u00eda estar pendiente de mi hija, ya que no ser\u00eda justo para los dem\u00e1s compa\u00f1eros. Esas palabras me asustaron, la verdad. As\u00ed que no tuve otra que dedicarle las tardes enteras a que mi hija aprendiera velozmente, cuando precisamente no era eso lo que m\u00e1s necesitaba.<br \/>\nNo es justo que quisieran ponerla en igualdad de condiciones que sus compa\u00f1eros. Mi hija, a la vez que estaba aprendiendo con seis a\u00f1os las vocales, tambi\u00e9n estaba aprendiendo qu\u00e9 era un centro comercial, ir al cine, ver la playa por primera vez, dormir rodeada de peluches, tener un cuarto propio\u2026 Su mente iba a mil por hora. En ocasiones se desesperaba mientras aprend\u00eda los n\u00fameros y se tiraba literalmente de los pelos, debido al estr\u00e9s al que era sometida. Bueno, no solo era estr\u00e9s para nuestra hija, tambi\u00e9n lo era para sus padres.<\/p>\n<p><strong>Elementos desequilibrantes en el proceso adoptivo.<\/strong><br \/>\n<strong><a href=\"http:\/\/mariamartintitos.com\" target=\"_blank\" rel=\"noopener noreferrer\"> Mar\u00eda Mart\u00edn Titos<\/a>. Con la luna de testigo.<\/strong><\/p>\n<p>&nbsp;<\/p>\n<h2><span style=\"color: #ed0e46;\">Ni mudable ni provisional<\/span><\/h2>\n<p><img loading=\"lazy\" decoding=\"async\" class=\" wp-image-7062 alignleft\" src=\"http:\/\/adopcionpuntodeencuentro.com\/web\/wp-content\/uploads\/mercedes.png\" alt=\"\" width=\"377\" height=\"286\" srcset=\"https:\/\/adopcionpuntodeencuentro.com\/web\/wp-content\/uploads\/mercedes.png 642w, https:\/\/adopcionpuntodeencuentro.com\/web\/wp-content\/uploads\/mercedes-150x114.png 150w, https:\/\/adopcionpuntodeencuentro.com\/web\/wp-content\/uploads\/mercedes-400x303.png 400w, https:\/\/adopcionpuntodeencuentro.com\/web\/wp-content\/uploads\/mercedes-600x455.png 600w\" sizes=\"(max-width: 377px) 100vw, 377px\" \/>Me horrorizaba ser para mis hijos s\u00f3lo un obst\u00e1culo, un incordio; poco m\u00e1s que alguien que les abastec\u00eda, les marcaba los l\u00edmites constantemente y les exig\u00eda cumplir unas inc\u00f3modas normas. Me entristec\u00eda que prefirieran quedarse en cualquier sitio donde creyeran que exist\u00eda una vida sin normas, una vida m\u00e1s divertida sin la pesada de mam\u00e1.<br \/>\n[&#8230;]Pese a conocer el nombre y diagn\u00f3stico de lo que me estaba pasando, cre\u00eda que no ten\u00eda derecho a sentirme as\u00ed. Y durante un tiempo me sent\u00ed desbordada con \u00abmis dos tazas\u00bb. Me costaba asimilar que enfadarme con nuestros hijos e incluso desilusionarme de alguna de sus aptitudes \u2013o de la falta de ellas\u2013 no era s\u00edntoma de menos cari\u00f1o. Simplemente estaba aprendiendo a amarlos como son, no como hab\u00eda imaginado que ser\u00edan.<br \/>\nEste aprendizaje tampoco fue f\u00e1cil. Tuve que aprender que pod\u00eda dudar de mis estrategias como madre sin temor a sentir que mi maternidad era menos leg\u00edtima. Que en cuesti\u00f3n de estrategias educativas no se trata de instinto \u2013nadie nace sabiendo ser madre o hijo\u2013, sino que se aprende con el roce. Adem\u00e1s, tenemos la obligaci\u00f3n extra de conseguir que nuestros hijos aprendan a querernos, que se vinculen a nosotros, una tarea a\u00f1adida con la que hay que hacer malabarismos, pues somos las mismas figuras que instauran las normas.<br \/>\nA veces parece que no vayamos a poder conseguirlo.<\/p>\n<p><strong>La creaci\u00f3n del v\u00ednculo.<\/strong><br \/>\n<strong><a href=\"https:\/\/mercedesmoya.com\/\" target=\"_blank\" rel=\"noopener noreferrer\"> Mercedes Moya Herrero<\/a>. Para siempre.<\/strong><\/p>\n<p>&nbsp;<\/p>\n<h2><span style=\"color: #ed0e46;\">Obra de caridad<\/span><\/h2>\n<p><img loading=\"lazy\" decoding=\"async\" class=\" wp-image-7063 alignleft\" src=\"http:\/\/adopcionpuntodeencuentro.com\/web\/wp-content\/uploads\/Loreto-1.jpg\" alt=\"\" width=\"377\" height=\"378\" srcset=\"https:\/\/adopcionpuntodeencuentro.com\/web\/wp-content\/uploads\/Loreto-1.jpg 481w, https:\/\/adopcionpuntodeencuentro.com\/web\/wp-content\/uploads\/Loreto-1-150x150.jpg 150w, https:\/\/adopcionpuntodeencuentro.com\/web\/wp-content\/uploads\/Loreto-1-398x400.jpg 398w, https:\/\/adopcionpuntodeencuentro.com\/web\/wp-content\/uploads\/Loreto-1-320x320.jpg 320w, https:\/\/adopcionpuntodeencuentro.com\/web\/wp-content\/uploads\/Loreto-1-80x80.jpg 80w, https:\/\/adopcionpuntodeencuentro.com\/web\/wp-content\/uploads\/Loreto-1-380x380.jpg 380w, https:\/\/adopcionpuntodeencuentro.com\/web\/wp-content\/uploads\/Loreto-1-67x67.jpg 67w\" sizes=\"(max-width: 377px) 100vw, 377px\" \/>\u00ab\u00bfSon tuyos, tuyos?\u00bb.<br \/>\n\u00abPero\u2026 \u00bfson hermanos?\u00bb.<br \/>\n\u00ab\u00bfEl de los ojos azules es tuyo?\u00bb.<br \/>\n\u00ab\u00a1Qu\u00e9 obra de caridad!\u00bb.<br \/>\n\u00abTienes el cielo ganado\u00bb.<br \/>\n\u00ab\u00a1Qu\u00e9 suerte han tenido los ni\u00f1os!\u00bb.<br \/>\nA todos, entendiendo las limitaciones que muchos tienen acerca de la adopci\u00f3n, les contestaba:<br \/>\n\u2013S\u00ed, son m\u00edos. M\u00edos. Los tres son hermanos y yo no estoy haciendo ninguna obra de caridad. Es m\u00e1s bien un acto de puro ego\u00edsmo. La suerte, sin duda, la he tenido yo.<br \/>\nHab\u00eda quien me miraba directamente como si estuviera loca.<br \/>\nNo necesariamente la gente ha de decir algo que resulte molesto para incomodarte. Simplemente una mirada o un comentario por lo bajo te hacen confirmar que a esta sociedad a\u00fan le queda mucho trabajo por delante, a pesar de la existencia del altruismo de las familias de acogida.<br \/>\nA d\u00eda de hoy lo que m\u00e1s me preocupa por mis hijos es el racismo. Hay que estar siempre alerta, preguntando, averiguando, a veces hasta intuyendo si hay dentro de ellos algo que no sean capaces de expresar que les ocurra en el aula, en el recreo, con los amigos\u2026, incluso dentro de la propia familia.<br \/>\nSiempre pendiente. Porque, aunque digan que nuestros hijos de distintas etnias est\u00e1n perfectamente adaptados a la sociedad y a su entorno, la realidad es que el racismo se vive cada d\u00eda.<br \/>\nA mis hijos siempre les estimulo de manera positiva, remarcando que sus \u00abdiferencias\u00bb son en realidad su mayor virtud. Si alguna vez han llegado cabizbajos del cole, esta ha sido siempre mi herramienta.<\/p>\n<p><strong>El altruismo de las familias de urgencia frente al racismo en la sociedad.<\/strong><br \/>\n<strong> Loreto Castillo Vallejo. El abrazo de la piel.<\/strong><\/p>\n<p>&nbsp;<\/p>\n<h2><span style=\"color: #ed0e46;\">El limbo de la legislaci\u00f3n espa\u00f1ola respecto a la adopci\u00f3n nacional<\/span><\/h2>\n<p><img loading=\"lazy\" decoding=\"async\" class=\"wp-image-7064 alignleft\" src=\"http:\/\/adopcionpuntodeencuentro.com\/web\/wp-content\/uploads\/inma-2.jpg\" alt=\"\" width=\"378\" height=\"285\" srcset=\"https:\/\/adopcionpuntodeencuentro.com\/web\/wp-content\/uploads\/inma-2.jpg 648w, https:\/\/adopcionpuntodeencuentro.com\/web\/wp-content\/uploads\/inma-2-150x113.jpg 150w, https:\/\/adopcionpuntodeencuentro.com\/web\/wp-content\/uploads\/inma-2-400x302.jpg 400w, https:\/\/adopcionpuntodeencuentro.com\/web\/wp-content\/uploads\/inma-2-600x453.jpg 600w\" sizes=\"(max-width: 378px) 100vw, 378px\" \/>En el momento en que iniciamos los tr\u00e1mites para la adopci\u00f3n nacional en el 2007, nadie nos explic\u00f3 con claridad las dificultades que pod\u00edan surgir como consecuencia de la legislaci\u00f3n espa\u00f1ola. En aquel momento solo nos mov\u00eda el deseo de querer ser padres, costase lo que costase. Aquella desinformaci\u00f3n hoy la pagamos cara, aunque, a pesar de ello, nos sentimos muy afortunados de, por lo menos, poder tener a mi hija en casa; otros padres quiz\u00e1s no puedan decir lo mismo.<br \/>\nPorque s\u00ed, si las cosas se ponen feas, el sistema puede llegar a quitarte a tu hijo. A diferencia de la tramitaci\u00f3n internacional, en Espa\u00f1a se pasa por un primer proceso de acogimiento preadoptivo que, en aquella \u00e9poca, pod\u00eda prolongarse cinco o seis a\u00f1os \u2013en la actualidad es alrededor de solo uno\u2013, durante el cual se hace un seguimiento del caso, tras el que un juez decide si se pasa a la condici\u00f3n de adopci\u00f3n definitiva.<br \/>\nTranscurridos unos meses desde que nuestra hija viviera plenamente con nosotros, los servicios sociales nos comunicaron que quer\u00edan vernos. Hasta ese momento hab\u00edamos firmado la preadopci\u00f3n. Seg\u00fan nos hab\u00edan dicho, los tr\u00e1mites para la definitiva ser\u00edan muy r\u00e1pidos, pues con la nueva legislaci\u00f3n, no tardar\u00edamos ni un a\u00f1o. As\u00ed que lo primero que pensamos al recibir la llamada era que se trataba del tr\u00e1mite final. Sin embargo, cuando llegamos al lugar de la cita las caras de funeral de los t\u00e9cnicos nos hicieron temer algo malo.<\/p>\n<p><strong>Senderos paralelos.<\/strong><br \/>\n<strong> Inmaculada Morales Morillas. Sin mi apellido pero con mi coraz\u00f3n.<\/strong><\/p>\n<p>&nbsp;<\/p>\n<div class='divider' > <\/div>\n<p>Del libro\u00a0<a href=\"http:\/\/mariposasenelcorazon.com\/\" target=\"_blank\" rel=\"noopener noreferrer\"><strong>Mariposas en el coraz\u00f3n. La adopci\u00f3n desde dentro.<\/strong><\/a><\/p>\n<p><a href=\"http:\/\/mariposasenelcorazon.com\/comprar\/\" target=\"_blank\" rel=\"attachment wp-att-4863 noopener noreferrer\"><br \/>\n<img loading=\"lazy\" decoding=\"async\" class=\"wp-image-4863 size-full alignnone\" src=\"http:\/\/adopcionpuntodeencuentro.com\/web\/wp-content\/uploads\/boton-compra-mariposas.png\" alt=\"boton compra mariposas\" width=\"161\" height=\"277\" srcset=\"https:\/\/adopcionpuntodeencuentro.com\/web\/wp-content\/uploads\/boton-compra-mariposas.png 161w, https:\/\/adopcionpuntodeencuentro.com\/web\/wp-content\/uploads\/boton-compra-mariposas-87x150.png 87w\" sizes=\"(max-width: 161px) 100vw, 161px\" \/><\/a><\/p>\n","protected":false},"excerpt":{"rendered":"<p>Ni la infertilidad, ni la ap\u00e1tica burocracia ni, en algunos casos la lejan\u00eda geogr\u00e1fica o los dif\u00edciles procesos judiciales, por nombrar algunos de los mayores obst\u00e1culos, fueron trabas suficientes para impedirles llegar hasta sus hijos y traerlos a vivir con ellas para siempre. Las cinco con una misma convicci\u00f3n:<br \/>\n\u201cNo cambiar\u00eda ni un instante de lo vivido si eso supusiera no llegar hasta ti\u201d.<\/p>\n","protected":false},"author":1,"featured_media":7080,"comment_status":"open","ping_status":"open","sticky":false,"template":"","format":"standard","meta":{"footnotes":""},"categories":[30,74,31,269,260,228,255,1,12],"tags":[27,45,93,41,230,55,28,70],"_links":{"self":[{"href":"https:\/\/adopcionpuntodeencuentro.com\/web\/wp-json\/wp\/v2\/posts\/7058"}],"collection":[{"href":"https:\/\/adopcionpuntodeencuentro.com\/web\/wp-json\/wp\/v2\/posts"}],"about":[{"href":"https:\/\/adopcionpuntodeencuentro.com\/web\/wp-json\/wp\/v2\/types\/post"}],"author":[{"embeddable":true,"href":"https:\/\/adopcionpuntodeencuentro.com\/web\/wp-json\/wp\/v2\/users\/1"}],"replies":[{"embeddable":true,"href":"https:\/\/adopcionpuntodeencuentro.com\/web\/wp-json\/wp\/v2\/comments?post=7058"}],"version-history":[{"count":10,"href":"https:\/\/adopcionpuntodeencuentro.com\/web\/wp-json\/wp\/v2\/posts\/7058\/revisions"}],"predecessor-version":[{"id":8846,"href":"https:\/\/adopcionpuntodeencuentro.com\/web\/wp-json\/wp\/v2\/posts\/7058\/revisions\/8846"}],"wp:featuredmedia":[{"embeddable":true,"href":"https:\/\/adopcionpuntodeencuentro.com\/web\/wp-json\/wp\/v2\/media\/7080"}],"wp:attachment":[{"href":"https:\/\/adopcionpuntodeencuentro.com\/web\/wp-json\/wp\/v2\/media?parent=7058"}],"wp:term":[{"taxonomy":"category","embeddable":true,"href":"https:\/\/adopcionpuntodeencuentro.com\/web\/wp-json\/wp\/v2\/categories?post=7058"},{"taxonomy":"post_tag","embeddable":true,"href":"https:\/\/adopcionpuntodeencuentro.com\/web\/wp-json\/wp\/v2\/tags?post=7058"}],"curies":[{"name":"wp","href":"https:\/\/api.w.org\/{rel}","templated":true}]}}