{"id":7168,"date":"2017-05-22T09:25:33","date_gmt":"2017-05-22T07:25:33","guid":{"rendered":"http:\/\/adopcionpuntodeencuentro.com\/web\/?p=7168"},"modified":"2019-04-07T14:06:18","modified_gmt":"2019-04-07T12:06:18","slug":"crianza-y-responsividad-mercedes-moya","status":"publish","type":"post","link":"https:\/\/adopcionpuntodeencuentro.com\/web\/crianza-y-responsividad-mercedes-moya\/","title":{"rendered":"Crianza y responsividad. Mercedes Moya."},"content":{"rendered":"<p><img loading=\"lazy\" decoding=\"async\" class=\" wp-image-7176 alignleft\" src=\"http:\/\/adopcionpuntodeencuentro.com\/web\/wp-content\/uploads\/respon01.png\" alt=\"\" width=\"508\" height=\"350\" srcset=\"https:\/\/adopcionpuntodeencuentro.com\/web\/wp-content\/uploads\/respon01.png 646w, https:\/\/adopcionpuntodeencuentro.com\/web\/wp-content\/uploads\/respon01-150x103.png 150w, https:\/\/adopcionpuntodeencuentro.com\/web\/wp-content\/uploads\/respon01-400x276.png 400w, https:\/\/adopcionpuntodeencuentro.com\/web\/wp-content\/uploads\/respon01-600x413.png 600w\" sizes=\"(max-width: 508px) 100vw, 508px\" \/>A veces cuando lees te cruzas con palabras, pasas por encima, las miras de soslayo o les atribuyes la identidad de una vieja conocida para seguir leyendo. Pero muchas veces acabado el cap\u00edtulo o cerrado el libro esa palabra se asoma a tu cabeza como un invitado rezagado que incomoda y que se niega a abandonar la reuni\u00f3n de nuevas ideas que la lectura te ha proporcionado. Y te tira de la falda en la memoria y rechina, y te impide disfrutar y acomodar los nuevos conceptos porque es como una pieza de un rompecabezas que no acaba de encajar.<br \/>\nEso me ha pasado con la palabra<strong> \u201cresponsividad\u201d,<\/strong> me la vengo encontrando en diversos libros y art\u00edculos, una palabra que conoc\u00eda s\u00f3lo en el \u00e1mbito inform\u00e1tico y que no se ha conformado con la definici\u00f3n sino que me ha hecho conocerla en profundidad.<br \/>\nHasta ahora para m\u00ed la palabra \u201cresponsivo\u201d ten\u00eda que ver con el dise\u00f1o de p\u00e1ginas web, responsivo quer\u00eda decir que un tema o \u201ctemplate\u201d (el esqueleto que soporta las p\u00e1ginas web) ten\u00eda un dise\u00f1o o desarrollo que permit\u00eda adaptar la apariencia de las p\u00e1ginas web al dispositivo que se utilice para visitarlas, (un smart-fone, una tablet, un PC).<\/p>\n<p>Claro, esta definici\u00f3n no encajaba en los textos en los que me la iba encontrando sobre familia, crianza, educaci\u00f3n y adopci\u00f3n, pero las primeras veces pude traducirla como como \u201crespuesta adaptativa\u201d, \u201cresponsabilidad\u201d, y aunque se me quedaba corta, me serv\u00eda para seguir con la lectura. Pero como con esas personas que un d\u00eda llaman tu atenci\u00f3n por lo que sea y con las que de pronto te empiezas a encontrar en todas partes, empec\u00e9 a tropezarme con la palabra en muchos de los textos que le\u00eda y mi curiosidad me llev\u00f3 a investigarla. Y me enamor\u00e9 del concepto.<\/p>\n<h2><strong>Responsividad hermosa palabra\u00a0<\/strong><\/h2>\n<p><img loading=\"lazy\" decoding=\"async\" class=\" wp-image-7178 alignleft\" src=\"http:\/\/adopcionpuntodeencuentro.com\/web\/wp-content\/uploads\/respon04.png\" alt=\"\" width=\"505\" height=\"350\" srcset=\"https:\/\/adopcionpuntodeencuentro.com\/web\/wp-content\/uploads\/respon04.png 654w, https:\/\/adopcionpuntodeencuentro.com\/web\/wp-content\/uploads\/respon04-150x104.png 150w, https:\/\/adopcionpuntodeencuentro.com\/web\/wp-content\/uploads\/respon04-400x277.png 400w, https:\/\/adopcionpuntodeencuentro.com\/web\/wp-content\/uploads\/respon04-600x416.png 600w\" sizes=\"(max-width: 505px) 100vw, 505px\" \/>Lo primero que hice fue buscarla en el diccionario y curiosamente \u00abresponsividad\u00bb es un t\u00e9rmino que no recoge la RAE, (s\u00ed contiene \u00abresponsivo\/responsiva\u00bb como \u201cperteneciente o relativo a la respuesta\u201d) pero es muy utilizado en psicolog\u00eda y muy debatido en filosof\u00eda.<br \/>\nHay incluso largos estudios, tratados y discusiones filos\u00f3ficas alrededor de esta palabra con eminentes y sesudas cabezas que tienen apasionadas discusiones por darle una explicaci\u00f3n objetiva y una significaci\u00f3n subjetiva en distintos \u00e1mbitos como en lo moral, lo social o lo pol\u00edtico. Hay incluso un movimiento de <strong>fenomenolog\u00eda responsiva<\/strong> de un fil\u00f3sofo alem\u00e1n contempor\u00e1neo (<a href=\"https:\/\/digitum.um.es\/jspui\/bitstream\/10201\/8816\/1\/Respuestas%20a%20lo%20extrano,%20rasgos%20fundamentales%20de%20una%20fenomenologia%20responsiva.pdf?sequence=1\" target=\"_blank\" rel=\"noopener noreferrer\">Bernhard Waldenfels<\/a> ) que se articula en torno al responder como dimensi\u00f3n fundamental de la existencia que apunta a una nueva comprensi\u00f3n de la responsabilidad, a una concepci\u00f3n nueva de la acci\u00f3n, que nos lleva a distinguir entre un responder fundamentalmente repetitivo y otro responder fundamentalmente innovador.<br \/>\nYa apunta maneras la palabra.<\/p>\n<p>Hay otro fil\u00f3sofo <a href=\"http:\/\/revistas.um.es\/daimon\/article\/view\/141851\" target=\"_blank\" rel=\"noopener noreferrer\">Lawrence Blum<\/a>,\u00a0Profesor de Filosof\u00eda de la Universidad de Massachusetts, Boston, para quien la responsividad ser\u00eda un\u00abprecursor del desarrollo\u00bb de toda una serie de virtudes morales, tales como la simpat\u00eda, la compasi\u00f3n, la amabilidad, la generosidad, la preocupaci\u00f3n por el otro, y que se\u00f1ala que un elemento fundamental del car\u00e1cter responsivo es el altruismo.<\/p>\n<p>La responsividad tiene seg\u00fan Blum, las siguientes caracter\u00edsticas:<\/p>\n<p>a)<strong> Responsividad no es el mero reaccionar ante otra persona<\/strong>, como por ejemplo, si sonr\u00edo a alguien que entra a la habitaci\u00f3n, porque lo responsivo implica alguna forma de preocupaci\u00f3n altruista.<br \/>\nb) <strong>Responsividad tampoco es simplemente la intenci\u00f3n de ayudar a otro<\/strong>, en la medida en que \u00e9sta puede estar completamente desprovista de altruismo en su motivaci\u00f3n subyacente.<br \/>\nc) <strong>Responsividad es<\/strong> pues, <strong>una preocupaci\u00f3n que se dirige a la situaci\u00f3n misma del otro<\/strong>, m\u00e1s que a una determinada emoci\u00f3n particular que el otro pueda estar sintiendo; no se limita a inquietarse por una circunstancia negativa concreta, ni por un cierto apuro efectivamente experimentado por el otro, pues el otro puede estar expuesto a riesgos, peligros e incluso sufrimientos, de los que tal vez no sea consciente.<br \/>\nd) <strong>Responsividad significa emprender acciones dirigidas a la situaci\u00f3n del otro<\/strong>; ser responsivo\/a implica una cierta capacidad de iniciativa, no simplemente una respuesta pasiva.<br \/>\ne) <strong>En fin, responsividad implica, seg\u00fan Blum, tanto dimensiones cognitivas como afectivas, en la medida en que de lo que se trata es de captar la situaci\u00f3n del otro.<\/strong><\/p>\n<p>El concepto de responsividad \u2013 entendido con matices diferentes seg\u00fan autores\/as \u2013 desempe\u00f1a un papel muy relevante en relaci\u00f3n con la manera de entender el cuidado ya sea del entorno o de alguien ajeno a nosotros.<\/p>\n<p>La responsividad va m\u00e1s all\u00e1 de la responsabilidad, o de la atenci\u00f3n esperada o estipulada, no es mera interacci\u00f3n, es presencia, incondicionalidad, va impregnada de sensibilidad y permanencia.<\/p>\n<h2><strong>Crianza y responsividad<\/strong><\/h2>\n<p><img loading=\"lazy\" decoding=\"async\" class=\" wp-image-7179 alignleft\" src=\"http:\/\/adopcionpuntodeencuentro.com\/web\/wp-content\/uploads\/respon02.png\" alt=\"\" width=\"505\" height=\"350\" srcset=\"https:\/\/adopcionpuntodeencuentro.com\/web\/wp-content\/uploads\/respon02.png 656w, https:\/\/adopcionpuntodeencuentro.com\/web\/wp-content\/uploads\/respon02-150x104.png 150w, https:\/\/adopcionpuntodeencuentro.com\/web\/wp-content\/uploads\/respon02-400x277.png 400w, https:\/\/adopcionpuntodeencuentro.com\/web\/wp-content\/uploads\/respon02-600x416.png 600w\" sizes=\"(max-width: 505px) 100vw, 505px\" \/>La crianza es una actividad compleja que incluye muchas conductas espec\u00edficas que trabajan individual y conjuntamente para influir en la sensibilidad o responsividad del ni\u00f1o (Darling, 1999). En la crianza se encuentran involucrados tres procesos: las pr\u00e1cticas propiamente dichas, las pautas y las creencias (Aguirre, 2002).<\/p>\n<ul>\n<li>La crianza involucra creencias como valores, mitos, prejuicios;<\/li>\n<li>Las pautas dentro de las cuales est\u00e1n los patrones, normas y costumbres;<\/li>\n<li>Y las pr\u00e1cticas que se refieren a las acciones, desde las cuales los grupos humanos determinan las formas de desarrollarse y las expectativas frente a su propio desarrollo (Myers, 1990 ).<\/li>\n<\/ul>\n<p>La capacidad de ser responsivo se caracteriza por un clima emocional en el que las expectativas son claras y los ni\u00f1os experimentan niveles altos de afecto y aceptaci\u00f3n por parte de sus cuidadores en respuesta a sus se\u00f1ales.<\/p>\n<p><em>Para vincularnos a alguien tenemos que aportar a esa relaci\u00f3n SENSIBILIDAD y PERMANENCIA, ser sensibles a sus necesidades y estar presentes en su vida. No s\u00f3lo crear una relaci\u00f3n con el ni\u00f1o, sino ser conscientes de la responsabilidad que conlleva el hacerlo y de que al hacerlo estamos ense\u00f1\u00e1ndole no s\u00f3lo una manera de comportarse, sino tambi\u00e9n de valorarse a uno mismo y lo que puede esperar de los dem\u00e1s.<\/em><br \/>\n<em> La vivencia de responsividad ha de ser la pauta com\u00fan en la relaci\u00f3n con el ni\u00f1o. Si el ni\u00f1o llora sus padres le atienden . Luego, en funci\u00f3n de porqu\u00e9 llora, pueden concederle o no lo que pide, pero el ni\u00f1o percibe que su llamada ha sido atendida.<\/em> (<a href=\"http:\/\/www.pepahorno.es\/perfil-profesional\/\" target=\"_blank\" rel=\"noopener noreferrer\"><strong>Educando el afecto. Pepa horno<\/strong><\/a>)<br \/>\nLa responsividad depende de la sensibilidad de los adultos para identificar e interpretar las conductas del ni\u00f1o, as\u00ed como para ajustar su propia conducta seg\u00fan el estado emocional de \u00e9ste. (<a href=\"http:\/\/www.redalyc.org\/html\/2430\/243020634012\/\" target=\"_blank\" rel=\"noopener noreferrer\">Bloom, Rusell y Wassenberg 1987<\/a>)<\/p>\n<h2><strong>Los estilos parentales tienen una gran repercusi\u00f3n y consecuencias sobre el desarrollo<\/strong><\/h2>\n<p>Fueron <a href=\"https:\/\/es.wikipedia.org\/wiki\/Estilo_parental\" target=\"_blank\" rel=\"noopener noreferrer\">MacCoby y Martin (1983)<\/a> que redefinireron los estilos parentales de <a href=\"https:\/\/es.slideshare.net\/yudiyunfi\/estilos-de-crianza-diana-baumrind\" target=\"_blank\" rel=\"noopener noreferrer\">Diana Baumrind<\/a> (1999) en funci\u00f3n de dos aspectos:<br \/>\n1. El control o exigencia, presi\u00f3n o n\u00famero de demandas que los padres ejercen sobre sus hijos para que alcancen determinados objetivos y metas.<br \/>\n2. El afecto o sensibilidad y calidez, grado de sensibilidad y capacidad de respuesta de los padres ante las necesidades de los hijos, sobre todo de naturaleza emocional.<\/p>\n<p><img loading=\"lazy\" decoding=\"async\" class=\"aligncenter size-full wp-image-7182\" src=\"http:\/\/adopcionpuntodeencuentro.com\/web\/wp-content\/uploads\/estilos-parentales1bb.png\" alt=\"\" width=\"429\" height=\"259\" srcset=\"https:\/\/adopcionpuntodeencuentro.com\/web\/wp-content\/uploads\/estilos-parentales1bb.png 429w, https:\/\/adopcionpuntodeencuentro.com\/web\/wp-content\/uploads\/estilos-parentales1bb-150x91.png 150w, https:\/\/adopcionpuntodeencuentro.com\/web\/wp-content\/uploads\/estilos-parentales1bb-400x241.png 400w\" sizes=\"(max-width: 429px) 100vw, 429px\" \/><br \/>\nPadres responsivos son aqu\u00e9llos que perciben adecuadamente las se\u00f1ales del ni\u00f1o y reaccionan de forma sensible a sus necesidades (Helen Bee, 1996). Estos padres se involucran en la educaci\u00f3n de los hijos respondiendo a las necesidades que el ni\u00f1o tiene de atenci\u00f3n, incentivo, auxilio, di\u00e1logo y diversi\u00f3n.<\/p>\n<p><em> <img loading=\"lazy\" decoding=\"async\" class=\" wp-image-7180 alignleft\" src=\"http:\/\/adopcionpuntodeencuentro.com\/web\/wp-content\/uploads\/responsi03.png\" alt=\"\" width=\"505\" height=\"348\" srcset=\"https:\/\/adopcionpuntodeencuentro.com\/web\/wp-content\/uploads\/responsi03.png 646w, https:\/\/adopcionpuntodeencuentro.com\/web\/wp-content\/uploads\/responsi03-150x103.png 150w, https:\/\/adopcionpuntodeencuentro.com\/web\/wp-content\/uploads\/responsi03-400x276.png 400w, https:\/\/adopcionpuntodeencuentro.com\/web\/wp-content\/uploads\/responsi03-600x413.png 600w\" sizes=\"(max-width: 505px) 100vw, 505px\" \/>Los padres exigentes supervisan y monitorean los comportamientos de los hijos, exigiendo la obediencia a las reglas y l\u00edmites y el cumplimiento de deberes. Bajo esta visi\u00f3n, los padres autorizados (democr\u00e1ticos) son exigentes y responsivos, es decir, hay una reciprocidad, en que los hijos deben responder a las exigencias de los padres, pero \u00e9stos tambi\u00e9n aceptan la responsabilidad de responder, lo antes posible, a los puntos de vista y a exigencias razonables de los hijos.<\/em><\/p>\n<p><em>La crianza de apego o responsiva es una filosof\u00eda de vida basada en la pr\u00e1ctica de m\u00e9todos de apego o responsivos en la crianza de los ni\u00f1os, los cuales crean fuertes lazos emocionales, o v\u00ednculos seguros, entre el ni\u00f1o y los padres. Este estilo de crianza promueve la sensibilidad a las necesidades emocionales del beb\u00e9 o del ni\u00f1o. El ni\u00f1o desarrolla confianza en los padres, y en el que sus necesidades emocionales ser\u00e1n satisfechas. Como resultado, este apego y v\u00ednculo fuerte, permite que el ni\u00f1o desarrolle relaciones seguras, sensibles, no violentas y duraderas<\/em>.(Ana M. Parrilla Rodr\u00edguez)<br \/>\n<strong>La responsividad define a los padres que responden de forma habitual y sensible a las demandas de sus hijos. Se trata de una actitud basada en el cari\u00f1o, la aceptaci\u00f3n y el apoyo. Los padres responsivos razonan sus actos y se comunican con sus hijos con cordialidad.<\/strong><\/p>\n<p><em>Pero en la mayor\u00eda de los casos, los \u00fanicos patrones que conocemos de relaci\u00f3n padres-hijos es lo que nosotros vivimos con nuestros padres, por eso uno de los factores m\u00e1s importantes para que seamos capaces de ser responsivos con otros es que lo hayan sido con nosotros<\/em> -(resulta que para que podamos ser responsivos con otros alguien ha tenido que serlo con nosotros)- <em>por eso es importante que tengamos clara la influencia de nuestra propia historia afectiva personal.<\/em>(<a href=\"http:\/\/www.pepahorno.es\/perfil-humano\/\" target=\"_blank\" rel=\"noopener noreferrer\">Pepa Horno<\/a>)<\/p>\n<p><strong>Responsividad hermosa palabra llena de significado, cargada de pasado, presente y de futuro.<\/strong><br \/>\n<div class='divider' > <\/div>\n<p><img loading=\"lazy\" decoding=\"async\" class=\"aligncenter size-full wp-image-6994\" src=\"http:\/\/adopcionpuntodeencuentro.com\/web\/wp-content\/uploads\/biografia-Mercedes-Moya-20.png\" alt=\"\" width=\"1416\" height=\"734\" srcset=\"https:\/\/adopcionpuntodeencuentro.com\/web\/wp-content\/uploads\/biografia-Mercedes-Moya-20.png 1416w, https:\/\/adopcionpuntodeencuentro.com\/web\/wp-content\/uploads\/biografia-Mercedes-Moya-20-150x78.png 150w, https:\/\/adopcionpuntodeencuentro.com\/web\/wp-content\/uploads\/biografia-Mercedes-Moya-20-400x207.png 400w, https:\/\/adopcionpuntodeencuentro.com\/web\/wp-content\/uploads\/biografia-Mercedes-Moya-20-768x398.png 768w, https:\/\/adopcionpuntodeencuentro.com\/web\/wp-content\/uploads\/biografia-Mercedes-Moya-20-600x311.png 600w\" sizes=\"(max-width: 1416px) 100vw, 1416px\" \/><\/p>\n<div class='divider' > <\/div>\n<p>&nbsp;<\/p>\n<p><a href=\"http:\/\/mariposasenelcorazon.com\/comprar\/\" target=\"_blank\" rel=\"attachment wp-att-4863 noopener noreferrer\"><img loading=\"lazy\" decoding=\"async\" class=\" wp-image-5781 alignleft\" src=\"http:\/\/adopcionpuntodeencuentro.com\/web\/wp-content\/uploads\/boton-comprade-yo-tengo-dos.png\" alt=\"boton comprade yo tengo dos\" width=\"136\" height=\"234\" srcset=\"https:\/\/adopcionpuntodeencuentro.com\/web\/wp-content\/uploads\/boton-comprade-yo-tengo-dos.png 161w, https:\/\/adopcionpuntodeencuentro.com\/web\/wp-content\/uploads\/boton-comprade-yo-tengo-dos-87x150.png 87w\" sizes=\"(max-width: 136px) 100vw, 136px\" \/><img loading=\"lazy\" decoding=\"async\" class=\"alignleft wp-image-4863 \" src=\"http:\/\/adopcionpuntodeencuentro.com\/web\/wp-content\/uploads\/boton-compra-mariposas.png\" alt=\"boton compra mariposas\" width=\"139\" height=\"239\" srcset=\"https:\/\/adopcionpuntodeencuentro.com\/web\/wp-content\/uploads\/boton-compra-mariposas.png 161w, https:\/\/adopcionpuntodeencuentro.com\/web\/wp-content\/uploads\/boton-compra-mariposas-87x150.png 87w\" sizes=\"(max-width: 139px) 100vw, 139px\" \/><\/a><img loading=\"lazy\" decoding=\"async\" class=\" wp-image-5575 alignleft\" src=\"http:\/\/adopcionpuntodeencuentro.com\/web\/wp-content\/uploads\/boton-comprade-que-color-es.png\" alt=\"boton comprade que color es\" width=\"137\" height=\"236\" srcset=\"https:\/\/adopcionpuntodeencuentro.com\/web\/wp-content\/uploads\/boton-comprade-que-color-es.png 161w, https:\/\/adopcionpuntodeencuentro.com\/web\/wp-content\/uploads\/boton-comprade-que-color-es-87x150.png 87w\" sizes=\"(max-width: 137px) 100vw, 137px\" \/><\/p>\n<p><a href=\"http:\/\/adopcionpuntodeencuentro.com\/web\/adquisicion-del-libro\/\"><img loading=\"lazy\" decoding=\"async\" class=\"alignleft wp-image-8261 \" src=\"http:\/\/adopcionpuntodeencuentro.com\/web\/wp-content\/uploads\/BOTON-DE-COMPRA-COMPARTIENO.png\" alt=\"\" width=\"132\" height=\"228\" srcset=\"https:\/\/adopcionpuntodeencuentro.com\/web\/wp-content\/uploads\/BOTON-DE-COMPRA-COMPARTIENO.png 161w, https:\/\/adopcionpuntodeencuentro.com\/web\/wp-content\/uploads\/BOTON-DE-COMPRA-COMPARTIENO-87x150.png 87w\" sizes=\"(max-width: 132px) 100vw, 132px\" \/><\/a><iframe loading=\"lazy\" style=\"width: 120px; height: 240px;\" src=\"https:\/\/rcm-eu.amazon-adsystem.com\/e\/cm?ref=qf_sp_asin_til&amp;t=adopcionpunto-21&amp;m=amazon&amp;o=30&amp;p=8&amp;l=as1&amp;IS2=1&amp;asins=8478273549&amp;linkId=116a102447d1d4149b7ba2eca6f91769&amp;bc1=000000&amp;lt1=_blank&amp;fc1=333333&amp;lc1=0066C0&amp;bg1=FFFFFF&amp;f=ifr\" width=\"300\" height=\"150\" frameborder=\"0\" marginwidth=\"0\" marginheight=\"0\" scrolling=\"no\"><br \/>\n<\/iframe><\/p>\n","protected":false},"excerpt":{"rendered":"<p>El concepto de responsividad \u2013 entendido con matices diferentes seg\u00fan autores\/as \u2013, desempe\u00f1a un papel muy relevante en relaci\u00f3n con la manera de entender el cuidado, ya sea del entorno o de alguien ajeno a nosotros. Va m\u00e1s all\u00e1 de la responsabilidad, o de la atenci\u00f3n esperada o estipulada, no es mera interacci\u00f3n, es presencia, incondicionalidad, va impregnada de sensibilidad y permanencia.<\/p>\n","protected":false},"author":1,"featured_media":7175,"comment_status":"open","ping_status":"open","sticky":false,"template":"","format":"standard","meta":{"footnotes":""},"categories":[74,269,255],"tags":[49,230,37,55,20,70],"_links":{"self":[{"href":"https:\/\/adopcionpuntodeencuentro.com\/web\/wp-json\/wp\/v2\/posts\/7168"}],"collection":[{"href":"https:\/\/adopcionpuntodeencuentro.com\/web\/wp-json\/wp\/v2\/posts"}],"about":[{"href":"https:\/\/adopcionpuntodeencuentro.com\/web\/wp-json\/wp\/v2\/types\/post"}],"author":[{"embeddable":true,"href":"https:\/\/adopcionpuntodeencuentro.com\/web\/wp-json\/wp\/v2\/users\/1"}],"replies":[{"embeddable":true,"href":"https:\/\/adopcionpuntodeencuentro.com\/web\/wp-json\/wp\/v2\/comments?post=7168"}],"version-history":[{"count":11,"href":"https:\/\/adopcionpuntodeencuentro.com\/web\/wp-json\/wp\/v2\/posts\/7168\/revisions"}],"predecessor-version":[{"id":10545,"href":"https:\/\/adopcionpuntodeencuentro.com\/web\/wp-json\/wp\/v2\/posts\/7168\/revisions\/10545"}],"wp:featuredmedia":[{"embeddable":true,"href":"https:\/\/adopcionpuntodeencuentro.com\/web\/wp-json\/wp\/v2\/media\/7175"}],"wp:attachment":[{"href":"https:\/\/adopcionpuntodeencuentro.com\/web\/wp-json\/wp\/v2\/media?parent=7168"}],"wp:term":[{"taxonomy":"category","embeddable":true,"href":"https:\/\/adopcionpuntodeencuentro.com\/web\/wp-json\/wp\/v2\/categories?post=7168"},{"taxonomy":"post_tag","embeddable":true,"href":"https:\/\/adopcionpuntodeencuentro.com\/web\/wp-json\/wp\/v2\/tags?post=7168"}],"curies":[{"name":"wp","href":"https:\/\/api.w.org\/{rel}","templated":true}]}}