{"id":720,"date":"2014-10-25T10:20:43","date_gmt":"2014-10-25T08:20:43","guid":{"rendered":"http:\/\/adopcionpuntodeencuentro.com\/web\/?p=720"},"modified":"2014-10-25T10:20:43","modified_gmt":"2014-10-25T08:20:43","slug":"iii-jornada-del-viii-congreso-internacional-afin-15a-sesion","status":"publish","type":"post","link":"https:\/\/adopcionpuntodeencuentro.com\/web\/iii-jornada-del-viii-congreso-internacional-afin-15a-sesion\/","title":{"rendered":"III Jornada del VIII Congreso Internacional AFIN (15\u00aa sesi\u00f3n)"},"content":{"rendered":"<h2><span style=\"color: #f20c46;\"><strong>GESTIONAR LAS DIFICULTADES DERIVADAS\u00a0<\/strong><strong>DEL FASD<\/strong><\/span><\/h2>\n<p><img loading=\"lazy\" decoding=\"async\" class=\"alignleft size-medium wp-image-722\" src=\"http:\/\/adopcionpuntodeencuentro.com\/web\/wp-content\/uploads\/diana-blacK3D-300x235.jpg\" alt=\"diana blacK3D\" width=\"300\" height=\"235\" srcset=\"https:\/\/adopcionpuntodeencuentro.com\/web\/wp-content\/uploads\/diana-blacK3D-300x235.jpg 300w, https:\/\/adopcionpuntodeencuentro.com\/web\/wp-content\/uploads\/diana-blacK3D-150x117.jpg 150w, https:\/\/adopcionpuntodeencuentro.com\/web\/wp-content\/uploads\/diana-blacK3D.jpg 723w\" sizes=\"(max-width: 300px) 100vw, 300px\" \/><\/p>\n<p><strong>Comienza la \u00faltima de las jornadas de este congreso con un tema de significativa importancia para muchos padres cuyos hijos sufren un s\u00edndrome poco conocido en nuestro\u00a0<\/strong><b>pa\u00eds<\/b><\/p>\n<p><strong>Presentado por <a title=\"FAS, Natalia Barcons\" href=\"http:\/\/adopcionpuntodeencuentro.com\/web\/que-es-fasd-saf-teaf\/\" target=\"_blank\">Natalia Barcons<\/a><\/strong><\/p>\n<p>Existe una evidencia creciente de que los mayores \u00edndices de dificultades \u00a0adaptativas y de aprendizaje en ni\u00f1os, ni\u00f1as y adolescentes\u00a0adoptados en determinados pa\u00edses pueden estar relacionados con las dificultades derivadas de los<strong> Trastornos del Espectro Alcoh\u00f3lico Fetal\u00a0(TEAF o FASD por sus siglas en ingl\u00e9s)<\/strong>, es decir, de la exposici\u00f3n prenatal\u00a0al alcohol. Los TEAF son una condici\u00f3n de por vida, cuya gesti\u00f3n\u00a0supone un reto nada desde\u00f1able tanto para las personas afectadas\u00a0como para sus familias.<\/p>\n<p><strong>Diane Black\u00a0<\/strong>es madre adoptiva de tres ni\u00f1os con S\u00edndrome de Alcoholismo Fetal y presidenta de la <strong>European FASD Alliance<\/strong>, una organizaci\u00f3n sin fines lucrativos cuyo objetivo principal es apoyar a las asociaciones que forman parte de ella en diversos pa\u00edses europeos en sus esfuerzos por prevenir el FASD y mejorar la calidad de vida de las personas que lo viven. Es miembro de la junta directiva de la Fetal Alcohol Syndrome Foundation of the Netherlands, cuyas actividades incluyen una web en holand\u00e9s, newsletters, informaci\u00f3n para profesionales en el asesoramiento de mujeres embarazadas y la coordinaci\u00f3n de grupos de padres y madres de ni\u00f1os con TEAF. Uno de sus principales intereses es el papel de la nutrici\u00f3n en la gesti\u00f3n de TEAF. Tiene un doctorado de la Universidad de Purdue (1986) y ha trabajado como investigadora en la Universidad de San Diego, Hoefer Cient\u00edfico (San Francisco), el INSERM (Estrasburgo) y Marion Merrell Dow Research Institute (Estrasburgo). Desde la adopci\u00f3n de sus tres hijos con discapacidad, ha dedicado su tiempo a sus hijos y a otras actividades relacionadas con los TEAF.<\/p>\n<p>&nbsp;<\/p>\n<p><a title=\"Natalia Barcons\" href=\"http:\/\/grupsderecerca.uab.cat\/afin\/content\/natalia-barcons\" target=\"_blank\">Natalia Barcons<\/a><a href=\"https:\/\/byeink.com\/b\/WE\" target=\"_blank\"><img loading=\"lazy\" decoding=\"async\" class=\"alignleft wp-image-520\" src=\"http:\/\/adopcionpuntodeencuentro.com\/web\/wp-content\/uploads\/neuropsicolo11-220x300.jpg\" alt=\"neuropsicolo1\" width=\"122\" height=\"166\" srcset=\"https:\/\/adopcionpuntodeencuentro.com\/web\/wp-content\/uploads\/neuropsicolo11-220x300.jpg 220w, https:\/\/adopcionpuntodeencuentro.com\/web\/wp-content\/uploads\/neuropsicolo11-110x150.jpg 110w, https:\/\/adopcionpuntodeencuentro.com\/web\/wp-content\/uploads\/neuropsicolo11.jpg 694w\" sizes=\"(max-width: 122px) 100vw, 122px\" \/><\/a> es Doctora en Psicolog\u00eda Cl\u00ednica y de la Salud por la Universidad Aut\u00f3noma de Barcelona. Desde el a\u00f1o 2008 es investigadora del grupo AFIN-UAB (Adopciones, Familias e Infancias) donde ha desarrollado la investigaci\u00f3n sobre la adaptaci\u00f3n de menores procedentes de adopci\u00f3n internacional y que ha conducido a la publicaci\u00f3n de numerosos art\u00edculos cient\u00edficos. Actualmente combina la investigaci\u00f3n sobre S\u00edndrome Alcoh\u00f3lico Fetal y la pr\u00e1ctica cl\u00ednica como especialista en Psicolog\u00eda de la Adopci\u00f3n. Ejerce en la Unidad de Adopci\u00f3n del Instituto Pedi\u00e1trico del Hospital de Sant Joan de D\u00e9u de Barcelona, y en el Gabinete de Psicolog\u00eda GRAP de la misma ciudad.<\/p>\n<p>&nbsp;<\/p>\n<p>&nbsp;<\/p>\n<p><img loading=\"lazy\" decoding=\"async\" class=\"alignleft wp-image-637\" src=\"http:\/\/adopcionpuntodeencuentro.com\/web\/wp-content\/uploads\/twitter-logoazul.jpg\" alt=\"twitter logoazul\" width=\"50\" height=\"50\" srcset=\"https:\/\/adopcionpuntodeencuentro.com\/web\/wp-content\/uploads\/twitter-logoazul.jpg 204w, https:\/\/adopcionpuntodeencuentro.com\/web\/wp-content\/uploads\/twitter-logoazul-150x150.jpg 150w, https:\/\/adopcionpuntodeencuentro.com\/web\/wp-content\/uploads\/twitter-logoazul-80x80.jpg 80w, https:\/\/adopcionpuntodeencuentro.com\/web\/wp-content\/uploads\/twitter-logoazul-67x67.jpg 67w\" sizes=\"(max-width: 50px) 100vw, 50px\" \/><\/p>\n<h4><\/h4>\n<h4>Se pueden seguir las sesiones a trav\u00e9s de twitter @GrupoAFIN \u00a0con el hashstag \u00a0<a class=\"twitter-hashtag pretty-link js-nav\" dir=\"ltr\" href=\"https:\/\/twitter.com\/hashtag\/8congresoAFIN?src=hash\" data-query-source=\"hashtag_click\"><s>#<\/s><b>8congresoAFIN<\/b><\/a><\/h4>\n<p>&nbsp;<\/p>\n<p>&nbsp;<\/p>\n","protected":false},"excerpt":{"rendered":"<p>GESTIONAR LAS DIFICULTADES DERIVADAS\u00a0DEL FASD Comienza la \u00faltima de las jornadas de este congreso con un tema de significativa importancia para muchos padres cuyos hijos sufren un s\u00edndrome poco conocido en nuestro\u00a0pa\u00eds Presentado por Natalia Barcons Existe una evidencia creciente de que los mayores \u00edndices de dificultades \u00a0adaptativas y de aprendizaje en ni\u00f1os, ni\u00f1as y &#8230;<\/p>\n","protected":false},"author":1,"featured_media":721,"comment_status":"open","ping_status":"open","sticky":false,"template":"","format":"standard","meta":{"footnotes":""},"categories":[40,31,35],"tags":[45,41,36,20,58],"_links":{"self":[{"href":"https:\/\/adopcionpuntodeencuentro.com\/web\/wp-json\/wp\/v2\/posts\/720"}],"collection":[{"href":"https:\/\/adopcionpuntodeencuentro.com\/web\/wp-json\/wp\/v2\/posts"}],"about":[{"href":"https:\/\/adopcionpuntodeencuentro.com\/web\/wp-json\/wp\/v2\/types\/post"}],"author":[{"embeddable":true,"href":"https:\/\/adopcionpuntodeencuentro.com\/web\/wp-json\/wp\/v2\/users\/1"}],"replies":[{"embeddable":true,"href":"https:\/\/adopcionpuntodeencuentro.com\/web\/wp-json\/wp\/v2\/comments?post=720"}],"version-history":[{"count":3,"href":"https:\/\/adopcionpuntodeencuentro.com\/web\/wp-json\/wp\/v2\/posts\/720\/revisions"}],"predecessor-version":[{"id":725,"href":"https:\/\/adopcionpuntodeencuentro.com\/web\/wp-json\/wp\/v2\/posts\/720\/revisions\/725"}],"wp:featuredmedia":[{"embeddable":true,"href":"https:\/\/adopcionpuntodeencuentro.com\/web\/wp-json\/wp\/v2\/media\/721"}],"wp:attachment":[{"href":"https:\/\/adopcionpuntodeencuentro.com\/web\/wp-json\/wp\/v2\/media?parent=720"}],"wp:term":[{"taxonomy":"category","embeddable":true,"href":"https:\/\/adopcionpuntodeencuentro.com\/web\/wp-json\/wp\/v2\/categories?post=720"},{"taxonomy":"post_tag","embeddable":true,"href":"https:\/\/adopcionpuntodeencuentro.com\/web\/wp-json\/wp\/v2\/tags?post=720"}],"curies":[{"name":"wp","href":"https:\/\/api.w.org\/{rel}","templated":true}]}}