{"id":7299,"date":"2017-06-16T09:00:20","date_gmt":"2017-06-16T07:00:20","guid":{"rendered":"http:\/\/adopcionpuntodeencuentro.com\/web\/?p=7299"},"modified":"2017-06-16T09:04:23","modified_gmt":"2017-06-16T07:04:23","slug":"adopcine-con-jose-ignacio-diaz-carvajal-el-aceite-de-la-vida-lorenzos-oil-1992","status":"publish","type":"post","link":"https:\/\/adopcionpuntodeencuentro.com\/web\/adopcine-con-jose-ignacio-diaz-carvajal-el-aceite-de-la-vida-lorenzos-oil-1992\/","title":{"rendered":"ADOPCINE con Jos\u00e9 Ignacio D\u00edaz Carvajal. El aceite de la vida (Lorenzo&#8217;s Oil) (1992)"},"content":{"rendered":"<h2>Una met\u00e1fora sobre la lucha de las familias en los trastornos de apego: El aceite de la vida (Lorenzo&#8217;s Oil) (1992)<\/h2>\n<p>En esta ocasi\u00f3n quiero homenajear a las familias con hijos o hijas con trastornos de apego. Por sus dificultades a\u00f1adidas de desconocimiento, de la falta de ayuda de los profesionales, de las dificultades escolares y de tantas cosas que les hacen sentir muy solos, incomprendidos e incluso rechazados por la sociedad. Y especialmente a los socios de <a href=\"http:\/\/petales.es\/\" target=\"_blank\" rel=\"noopener noreferrer\">Petales<\/a>, que est\u00e1n haciendo una labor encomiable para difundir, ayudar y apoyarse para salir de sus atolladeros y de tanta soledad y angustia.<\/p>\n<p>La pel\u00edcula es El aceite de la vida, de 1992, con dos grandes actores, Nick Nolte y Susan Sarandon. Como padres de un ni\u00f1o que tiene una enfermedad incurable e incomprendida, que los dejan impotentes ante su casi inmediato deterioro y muerte y ellos consiguen , de una forma resiliente y extraordinaria, luchando contra el reloj, encontrar soluciones para la supervivencia y el desarrollo de su hijo.<\/p>\n<p>Una verdadera met\u00e1fora de las familias con trastornos de apego en su seno.<\/p>\n<p><strong><a title=\"JIgnacio biograf\u00eda\" href=\"http:\/\/wp.me\/p56Gk1-p9\" target=\"_blank\" rel=\"noopener noreferrer\"><img loading=\"lazy\" decoding=\"async\" class=\" wp-image-6544 alignleft\" src=\"http:\/\/adopcionpuntodeencuentro.com\/web\/wp-content\/uploads\/ADOPCINE-1.png\" sizes=\"(max-width: 300px) 100vw, 300px\" srcset=\"http:\/\/adopcionpuntodeencuentro.com\/web\/wp-content\/uploads\/ADOPCINE-1.png 1136w, http:\/\/adopcionpuntodeencuentro.com\/web\/wp-content\/uploads\/ADOPCINE-1-600x279.png 600w\" alt=\"\" width=\"300\" height=\"140\" \/>J.Ignacio D\u00edaz Carvajal,<\/a>\u00a0 Gran colaborador y<a href=\"http:\/\/adopcionpuntodeencuentro.com\/web\/presentacion\/\" target=\"_blank\" rel=\"noopener noreferrer\"> socio de AAPE <\/a>dirige esta secci\u00f3n y \u00a0cada semana aprendemos mucho a trav\u00e9s de las historias \u00a0con tem\u00e1tica adoptiva que \u00e9l nos sugiere.<br \/>\nAdopcine es el cine desde la mirada adoptiva.\u00a0Pel\u00edculas, documentales y v\u00eddeos que tratan la tem\u00e1tica de adopci\u00f3n y de acogimiento.<\/strong><\/p>\n<p>&nbsp;<\/p>\n<h1><span style=\"color: #f20a44;\">\u00a0El aceite de la vida (Lorenzo&#8217;s Oil) (1992)<\/span><\/h1>\n<p><img loading=\"lazy\" decoding=\"async\" class=\" wp-image-7301 alignleft\" src=\"http:\/\/adopcionpuntodeencuentro.com\/web\/wp-content\/uploads\/lorenzo_s_oil-212259138-large.jpg\" alt=\"\" width=\"451\" height=\"691\" srcset=\"https:\/\/adopcionpuntodeencuentro.com\/web\/wp-content\/uploads\/lorenzo_s_oil-212259138-large.jpg 500w, https:\/\/adopcionpuntodeencuentro.com\/web\/wp-content\/uploads\/lorenzo_s_oil-212259138-large-98x150.jpg 98w, https:\/\/adopcionpuntodeencuentro.com\/web\/wp-content\/uploads\/lorenzo_s_oil-212259138-large-261x400.jpg 261w, https:\/\/adopcionpuntodeencuentro.com\/web\/wp-content\/uploads\/lorenzo_s_oil-212259138-large-392x600.jpg 392w\" sizes=\"(max-width: 451px) 100vw, 451px\" \/>Director: George Miller<br \/>\nEEUU<br \/>\n1992<br \/>\n135 min<br \/>\nDrama<\/p>\n<p>Sinopsis: Lorenzo Odone, hijo \u00fanico de unos inmigrantes italianos que viven en los Estados Unidos, comienza a desarrollar a los tres a\u00f1os una grave enfermedad neurol\u00f3gica para la cual no existe ning\u00fan tratamiento conocido. En muy poco tiempo, el ni\u00f1o, que era absolutamente normal, queda postrado en la cama: no puede andar, ni ver ni hablar. Sus padres, sin embargo, no se rinden y luchan sin tregua hasta agotar todos los recursos a su alcance. A pesar de que ninguno de los dos es m\u00e9dico, empiezan a estudiar gen\u00e9tica, biolog\u00eda, neurolog\u00eda&#8230; y buscan ayuda en todos los frentes m\u00e9dicos posibles. (FILMAFFINITY)<\/p>\n<p>Valoraci\u00f3n cin\u00e9fila 7\/10<br \/>\nValoraci\u00f3n adopci\u00f3n( en la medida que lo uso como met\u00e1fora 10)<\/p>\n<p>Esta pel\u00edcula no la incluyo por ser una pel\u00edcula de adopci\u00f3n, pues el tema no se toca en ning\u00fan momento, sino por que me parece una met\u00e1fora perfecta sobre el trabajo que tenemos los padres adoptivos en los casos de hijos e hijas con trastornos de apego. (Sobre todo si este es grave)<\/p>\n<p>En la pel\u00edcula unos padres creen que su hijo es tan normal como los dem\u00e1s y ellos una familia m\u00e1s y de repente la historia empieza a torcerse con los problemas de conducta al principio y luego los problemas f\u00edsicos y mentales que va sufriendo su hijo progresivamente y sin que se sepa porqu\u00e9.<br \/>\nLuego, con dificultad encontraran un diagn\u00f3stico, (adrenoleucodistrofia) pero el problema ahora es que no tiene cura.<br \/>\nY contra todo pron\u00f3stico (pesimista total) y actitudes, en los m\u00e9dicos y enfermeras, y otras personas de la familia que les rodean , que creen que est\u00e1n actuando mal por seguir luchando y buscar otros tratamientos y alternativas, intentan conseguir sacar adelante a su hijo.<br \/>\nEn este caso se van quedando un poco solos en el camino, incluso frente a la asociaci\u00f3n de afectados por la enfermedad que encuentran y que quieren ser fieles a los m\u00e9dicos y la instituci\u00f3n a\u00fan sabiendo que sus hijos no avanzan adecuadamente.<br \/>\nY como \u00faltimo recurso deciden ser ellos mismos los que estudien los aspectos m\u00e9dicos y fisiol\u00f3gicos, incluso bioqu\u00edmicos, de la enfermedad del hijo, para intentar ayudarle y encontrar a las personas espec\u00edficas que realizen lo que necesitan para la cura.<br \/>\nEllos siguen y siguen, con una confianza y una esperanza, que a veces se quiebra, pero que les lleva a luchar contra todos los obst\u00e1culos que se van presentando.<br \/>\nIncluso convocan una reuni\u00f3n de cient\u00edficos especializados para proponerles alternativas de investigaci\u00f3n.<br \/>\nUna verdadera pasi\u00f3n loca, por amor a un hijo.<br \/>\nQue tiene un resultado positivo.<\/p>\n<p>Pues eso es lo que me encuentro cuando veo a mis compa\u00f1eras y compa\u00f1eros en la lucha a favor de la situaci\u00f3n de nuestros hijos e hijas con trastorno de apego. Y en concreto con los que me encuentro en nuestra asociaci\u00f3n <a href=\"http:\/\/petales.es\/\" target=\"_blank\" rel=\"noopener noreferrer\">PETALES<\/a> (asociaci\u00f3n de ayuda mutua en trastornos de apego)<\/p>\n<p><img loading=\"lazy\" decoding=\"async\" class=\"size-full wp-image-7302 alignleft\" src=\"http:\/\/adopcionpuntodeencuentro.com\/web\/wp-content\/uploads\/petales1.jpg\" alt=\"\" width=\"228\" height=\"221\" srcset=\"https:\/\/adopcionpuntodeencuentro.com\/web\/wp-content\/uploads\/petales1.jpg 228w, https:\/\/adopcionpuntodeencuentro.com\/web\/wp-content\/uploads\/petales1-150x145.jpg 150w, https:\/\/adopcionpuntodeencuentro.com\/web\/wp-content\/uploads\/petales1-52x50.jpg 52w\" sizes=\"(max-width: 228px) 100vw, 228px\" \/>Gente con una generosidad y una dedicaci\u00f3n y entrega por sus hijos extraordinaria. Que intentan que salgan adelante. Que buscan conseguir que puedan estudiar integrados y que les traten bien los profesionales (m\u00e9dicos, pediatras, neur\u00f3logos, psiquitras, psic\u00f3logos, profesores y maestros&#8230;) (que no saben en la mayor\u00eda de los casos que es eso de \u00bfTrastorno de apego? (como si se hablara de una enfermedad tan rara como la de la pel\u00edcula))<br \/>\nNuestros padres y madres de hijos con trastorno de apego tienen la sensaci\u00f3n , como en la pel\u00edcula, que son ellos los que tienen que acabar estudiando sobre la enfermedad de sus hijos (y de hecho hacen cursos de todo tipo: de PNL de MDR, de psicolog\u00eda infantil o adolescente, de gestalt , de yoga, de mindfulness, de pedagog\u00eda. Y se documentan legalmente con las leyes de educaci\u00f3n de sus respectivas comunidades, para ver como ayudan a esos hijos e hijas que no reciben la atenci\u00f3n adecuadas y que van siendo expulsados o maltratados en los colegios o institutos, que deber\u00edan integrarles y cuidarles.<br \/>\nPadres y madres que con una devoci\u00f3n increible, pero que la gente que no conoce les ataca con comentarios de todo tipo: que son permisivos, que no ponen bien los l\u00edmites a sus hijos e hijas, que no los educan bien y que si son trastos o cafres o peque\u00f1os delincuentes es porque lo estar\u00e1n haciendo fatal: \u00ab\u00bb\u00bbellos\u00bb\u00bb\u00bb.<br \/>\n\u00a1Ay! si supieran que es todo lo contrario, que son padres y madres que no paran de leer, de asistir a cursos, de buscar profesionales, de peregrinar por todas la consultas y ciudades en las que se les da un rayo de esperanza, que est\u00e1n dispuestas a sacrificar sus econom\u00edas, su tiempo, su salud, su descanso, su vida al fin y al cabo por sacar adelante a ni\u00f1os y ni\u00f1as da\u00f1ados por su historia y de los que a veces no ten\u00edan la suficiente informaci\u00f3n de ese pasado, para haber comprendido mejor su padecimiento y para haber podido reaccionar antes de lo que se les avecinaba.<br \/>\nEs el caso terrible de los que padecen SAF (S\u00edndrome de alcoholismo fetal) por no saber la historia de alcoholismo de la madre. Y que cuesta diagnosticar si no tienen determinados rasgos aparentes y no se sabe ese dato de la madre. Pero que pueden llegar a mostrar mucho da\u00f1o a medida que crecen.<\/p>\n<p>Y es increible que muchas familias que adoptan se encuentren descubriendo una cantidad de problemas que ni esperaban ni pueden comprender. Y se ven solos, sin entender, confusos, y que tienen que ser ellos los que busquen las soluciones, pues el sistema, las agencias de adopci\u00f3n, las instituciones y los profesionales no sabe bien ayudarles y a veces m\u00e1s bien les hacen perder el tiempo y el dinero, as\u00ed como las esperanzas de que puedan encontrar una soluci\u00f3n a tiempo.<\/p>\n<p>Por eso , frente a lo que pasa en la pel\u00edcula, que la asociaci\u00f3n de afectados no les ayuda, propongo a la gente que se sienta reflejada por lo que contaba antes, que se asocien, que busquen grupos de padres afectados, que no se queden solos y que no crean que tienen que ser los pioneros de todo, pues ya hay gente trabajando y enfocando bien estos problemas, para evitar que todos los que vienen detr\u00e1s tengan que empezar de cero y encuentren un cierto camino hecho.<\/p>\n<p><iframe loading=\"lazy\" src=\"https:\/\/www.youtube.com\/embed\/5KoS5CjNPzY\" width=\"560\" height=\"315\" frameborder=\"0\" allowfullscreen=\"allowfullscreen\"><\/iframe><\/p>\n<h1>\u00a0<div class='divider' > <\/div><\/h1>\n<p style=\"text-align: center;\"><a href=\"http:\/\/peliculasyadopcion.blogspot.com.es\/\" target=\"_blank\" rel=\"noopener noreferrer\"><img loading=\"lazy\" decoding=\"async\" class=\"alignleft wp-image-6538 size-full\" src=\"http:\/\/adopcionpuntodeencuentro.com\/web\/wp-content\/uploads\/JOSEIGNACIOBIOGRAF\u00cda-con-possit.jpg\" alt=\"\" width=\"889\" height=\"438\" srcset=\"https:\/\/adopcionpuntodeencuentro.com\/web\/wp-content\/uploads\/JOSEIGNACIOBIOGRAF\u00cda-con-possit.jpg 889w, https:\/\/adopcionpuntodeencuentro.com\/web\/wp-content\/uploads\/JOSEIGNACIOBIOGRAF\u00cda-con-possit-150x74.jpg 150w, https:\/\/adopcionpuntodeencuentro.com\/web\/wp-content\/uploads\/JOSEIGNACIOBIOGRAF\u00cda-con-possit-400x197.jpg 400w, https:\/\/adopcionpuntodeencuentro.com\/web\/wp-content\/uploads\/JOSEIGNACIOBIOGRAF\u00cda-con-possit-768x378.jpg 768w, https:\/\/adopcionpuntodeencuentro.com\/web\/wp-content\/uploads\/JOSEIGNACIOBIOGRAF\u00cda-con-possit-600x296.jpg 600w\" sizes=\"(max-width: 889px) 100vw, 889px\" \/><\/a><\/p>\n<h3><\/h3>\n<h3><\/h3>\n<h3><\/h3>\n<h3><\/h3>\n<h3><\/h3>\n<h3><\/h3>\n<h3><\/h3>\n<h3><\/h3>\n<h3><\/h3>\n<h3><\/h3>\n<h3><strong>Para saber m\u00e1s pincha en la imagen.<\/strong><\/h3>\n<div class='divider' > <\/div>\n","protected":false},"excerpt":{"rendered":"<p>Una pel\u00edcula con dos grandes actores, Nick Nolte y Susan Sarandon. Como padres de un ni\u00f1o que tiene una enfermedad incurable e incomprendida, que los dejan impotentes ante su casi inmediato deterioro y muerte y ellos consiguen , de una forma resiliente y extraordinaria, luchando contra el reloj, encontrar soluciones para la supervivencia y el desarrollo de su hijo. <\/p>\n","protected":false},"author":1,"featured_media":7303,"comment_status":"open","ping_status":"open","sticky":false,"template":"","format":"standard","meta":{"footnotes":""},"categories":[86,148,267,113,1],"tags":[],"_links":{"self":[{"href":"https:\/\/adopcionpuntodeencuentro.com\/web\/wp-json\/wp\/v2\/posts\/7299"}],"collection":[{"href":"https:\/\/adopcionpuntodeencuentro.com\/web\/wp-json\/wp\/v2\/posts"}],"about":[{"href":"https:\/\/adopcionpuntodeencuentro.com\/web\/wp-json\/wp\/v2\/types\/post"}],"author":[{"embeddable":true,"href":"https:\/\/adopcionpuntodeencuentro.com\/web\/wp-json\/wp\/v2\/users\/1"}],"replies":[{"embeddable":true,"href":"https:\/\/adopcionpuntodeencuentro.com\/web\/wp-json\/wp\/v2\/comments?post=7299"}],"version-history":[{"count":3,"href":"https:\/\/adopcionpuntodeencuentro.com\/web\/wp-json\/wp\/v2\/posts\/7299\/revisions"}],"predecessor-version":[{"id":7310,"href":"https:\/\/adopcionpuntodeencuentro.com\/web\/wp-json\/wp\/v2\/posts\/7299\/revisions\/7310"}],"wp:featuredmedia":[{"embeddable":true,"href":"https:\/\/adopcionpuntodeencuentro.com\/web\/wp-json\/wp\/v2\/media\/7303"}],"wp:attachment":[{"href":"https:\/\/adopcionpuntodeencuentro.com\/web\/wp-json\/wp\/v2\/media?parent=7299"}],"wp:term":[{"taxonomy":"category","embeddable":true,"href":"https:\/\/adopcionpuntodeencuentro.com\/web\/wp-json\/wp\/v2\/categories?post=7299"},{"taxonomy":"post_tag","embeddable":true,"href":"https:\/\/adopcionpuntodeencuentro.com\/web\/wp-json\/wp\/v2\/tags?post=7299"}],"curies":[{"name":"wp","href":"https:\/\/api.w.org\/{rel}","templated":true}]}}