{"id":745,"date":"2014-10-25T14:50:41","date_gmt":"2014-10-25T12:50:41","guid":{"rendered":"http:\/\/adopcionpuntodeencuentro.com\/web\/?p=745"},"modified":"2014-10-25T14:50:41","modified_gmt":"2014-10-25T12:50:41","slug":"clausura-el-viii-congreso-internacional-afin","status":"publish","type":"post","link":"https:\/\/adopcionpuntodeencuentro.com\/web\/clausura-el-viii-congreso-internacional-afin\/","title":{"rendered":"Clausura el VIII Congreso internacional AFIN"},"content":{"rendered":"<h3><span style=\"color: #e81760;\"><strong>El acto de clausura a cargo de <\/strong><\/span><\/h3>\n<p><span style=\"color: #000000;\"><strong><img loading=\"lazy\" decoding=\"async\" class=\"alignleft wp-image-759 size-medium\" src=\"http:\/\/adopcionpuntodeencuentro.com\/web\/wp-content\/uploads\/LOGO-RECT-300x273.jpg\" alt=\"LOGO RECT\" width=\"300\" height=\"273\" srcset=\"https:\/\/adopcionpuntodeencuentro.com\/web\/wp-content\/uploads\/LOGO-RECT-300x273.jpg 300w, https:\/\/adopcionpuntodeencuentro.com\/web\/wp-content\/uploads\/LOGO-RECT-150x136.jpg 150w, https:\/\/adopcionpuntodeencuentro.com\/web\/wp-content\/uploads\/LOGO-RECT.jpg 363w\" sizes=\"(max-width: 300px) 100vw, 300px\" \/>Dolors Comas d\u2019Argemir.\u00a0<\/strong><\/span>Doctora en Filosof\u00eda y Letras por la Universitat de Barcelona y Catedr\u00e1tica\u00a0de Antropolog\u00eda Social y Cultural de la Universitat Rovira i Virgili, ha\u00a0trabajado y publicado ampliamente sobre cambios en la familia, situaci\u00f3n\u00a0social de las mujeres, pol\u00edticas p\u00fablicas de bienestar, antropolog\u00eda\u00a0econ\u00f3mica, ecolog\u00eda pol\u00edtica y medios de comunicaci\u00f3n y ha ejercido\u00a0diversos cargos pol\u00edticos en el \u00e1mbito municipal y auton\u00f3mico.<\/p>\n<p><strong>Dolors Comas cierra el congreso agradeciendo a AFADA\u00a0<a class=\"twitter-atreply pretty-link\" dir=\"ltr\" href=\"https:\/\/twitter.com\/GrupoAFIN\">GrupoAFIN<\/a>\u00a0y a Zaragoza, voluntarias, ponentes, asistentes!<\/strong><\/p>\n<p><strong>\u00ab\u00a1Y el a\u00f1o que viene en Valladolid!\u00bb\u00a0<\/strong><a class=\"twitter-hashtag pretty-link js-nav\" dir=\"ltr\" href=\"https:\/\/twitter.com\/hashtag\/8congresoAFIN?src=hash\" data-query-source=\"hashtag_click\"><strong><s>#<\/s><\/strong><b><strong>8congresoAFIN<\/strong><\/b><\/a><\/p>\n<h3><span style=\"color: #e81760;\"><strong>Durante la tarde continuaran los actos dentro del marco de las VII Jornadas aragonesas de postadopci\u00f3n<\/strong><\/span><\/h3>\n<p><img loading=\"lazy\" decoding=\"async\" class=\"alignleft wp-image-637\" src=\"http:\/\/adopcionpuntodeencuentro.com\/web\/wp-content\/uploads\/twitter-logoazul.jpg\" alt=\"twitter logoazul\" width=\"50\" height=\"50\" srcset=\"https:\/\/adopcionpuntodeencuentro.com\/web\/wp-content\/uploads\/twitter-logoazul.jpg 204w, https:\/\/adopcionpuntodeencuentro.com\/web\/wp-content\/uploads\/twitter-logoazul-150x150.jpg 150w, https:\/\/adopcionpuntodeencuentro.com\/web\/wp-content\/uploads\/twitter-logoazul-80x80.jpg 80w, https:\/\/adopcionpuntodeencuentro.com\/web\/wp-content\/uploads\/twitter-logoazul-67x67.jpg 67w\" sizes=\"(max-width: 50px) 100vw, 50px\" \/><\/p>\n<h4><\/h4>\n<h4>Y pod\u00e9is buscar en twitter el hashtag \u00a0\u00a0<a class=\"twitter-hashtag pretty-link js-nav\" dir=\"ltr\" href=\"https:\/\/twitter.com\/hashtag\/8congresoAFIN?src=hash\" data-query-source=\"hashtag_click\"><s>#<\/s><b>8congresoAFIN<\/b><\/a>\u00a0 para informaros de todo lo relacionado y sucedido en este VIII Congreso Internacional AFIN<\/h4>\n<p>&nbsp;<\/p>\n<h3><img loading=\"lazy\" decoding=\"async\" class=\"alignleft wp-image-746\" src=\"http:\/\/adopcionpuntodeencuentro.com\/web\/wp-content\/uploads\/gracias.png\" alt=\"gracias\" width=\"70\" height=\"52\" \/>\u00a0 Damos las gracias a <span style=\"color: #e81760;\"><strong>Bruna \u00c1lvarez<\/strong> <\/span>que nos ha estado informando en tiempo real sobre \u00a0cada \u00a0una de las mesas y de los actos y nos ha \u00a0proporcionado muchas de las im\u00e1genes para \u00a0que \u00a0pudi\u00e9ramos ilustrar las informaciones. \u00a1Desde aqu\u00ed un abrazo y un mill\u00f3n de gracias!<\/h3>\n<p>&nbsp;<\/p>\n","protected":false},"excerpt":{"rendered":"<p>El acto de clausura a cargo de Dolors Comas d\u2019Argemir.\u00a0Doctora en Filosof\u00eda y Letras por la Universitat de Barcelona y Catedr\u00e1tica\u00a0de Antropolog\u00eda Social y Cultural de la Universitat Rovira i Virgili, ha\u00a0trabajado y publicado ampliamente sobre cambios en la familia, situaci\u00f3n\u00a0social de las mujeres, pol\u00edticas p\u00fablicas de bienestar, antropolog\u00eda\u00a0econ\u00f3mica, ecolog\u00eda pol\u00edtica y medios de comunicaci\u00f3n &#8230;<\/p>\n","protected":false},"author":1,"featured_media":759,"comment_status":"open","ping_status":"open","sticky":false,"template":"","format":"standard","meta":{"footnotes":""},"categories":[40,35],"tags":[36,26],"_links":{"self":[{"href":"https:\/\/adopcionpuntodeencuentro.com\/web\/wp-json\/wp\/v2\/posts\/745"}],"collection":[{"href":"https:\/\/adopcionpuntodeencuentro.com\/web\/wp-json\/wp\/v2\/posts"}],"about":[{"href":"https:\/\/adopcionpuntodeencuentro.com\/web\/wp-json\/wp\/v2\/types\/post"}],"author":[{"embeddable":true,"href":"https:\/\/adopcionpuntodeencuentro.com\/web\/wp-json\/wp\/v2\/users\/1"}],"replies":[{"embeddable":true,"href":"https:\/\/adopcionpuntodeencuentro.com\/web\/wp-json\/wp\/v2\/comments?post=745"}],"version-history":[{"count":3,"href":"https:\/\/adopcionpuntodeencuentro.com\/web\/wp-json\/wp\/v2\/posts\/745\/revisions"}],"predecessor-version":[{"id":761,"href":"https:\/\/adopcionpuntodeencuentro.com\/web\/wp-json\/wp\/v2\/posts\/745\/revisions\/761"}],"wp:featuredmedia":[{"embeddable":true,"href":"https:\/\/adopcionpuntodeencuentro.com\/web\/wp-json\/wp\/v2\/media\/759"}],"wp:attachment":[{"href":"https:\/\/adopcionpuntodeencuentro.com\/web\/wp-json\/wp\/v2\/media?parent=745"}],"wp:term":[{"taxonomy":"category","embeddable":true,"href":"https:\/\/adopcionpuntodeencuentro.com\/web\/wp-json\/wp\/v2\/categories?post=745"},{"taxonomy":"post_tag","embeddable":true,"href":"https:\/\/adopcionpuntodeencuentro.com\/web\/wp-json\/wp\/v2\/tags?post=745"}],"curies":[{"name":"wp","href":"https:\/\/api.w.org\/{rel}","templated":true}]}}