{"id":7505,"date":"2018-07-09T09:17:42","date_gmt":"2018-07-09T07:17:42","guid":{"rendered":"http:\/\/adopcionpuntodeencuentro.com\/web\/?p=7505"},"modified":"2018-07-09T09:59:51","modified_gmt":"2018-07-09T07:59:51","slug":"abookcion-educando-el-afecto-pepa-horno","status":"publish","type":"post","link":"https:\/\/adopcionpuntodeencuentro.com\/web\/abookcion-educando-el-afecto-pepa-horno\/","title":{"rendered":"ABOOKCI\u00d3N. Educando el afecto. Pepa Horno"},"content":{"rendered":"<p><a href=\"http:\/\/adopcionpuntodeencuentro.com\/web\/wp-content\/uploads\/educando-001.jpg\"><img loading=\"lazy\" decoding=\"async\" class=\" wp-image-7573 alignleft\" src=\"http:\/\/adopcionpuntodeencuentro.com\/web\/wp-content\/uploads\/educando-001.jpg\" alt=\"\" width=\"458\" height=\"305\" srcset=\"https:\/\/adopcionpuntodeencuentro.com\/web\/wp-content\/uploads\/educando-001.jpg 600w, https:\/\/adopcionpuntodeencuentro.com\/web\/wp-content\/uploads\/educando-001-150x100.jpg 150w, https:\/\/adopcionpuntodeencuentro.com\/web\/wp-content\/uploads\/educando-001-400x267.jpg 400w\" sizes=\"(max-width: 458px) 100vw, 458px\" \/><\/a>Pensemos por un momento en un cohete que est\u00e1 a punto de despegar. Cuando lo hace llegar muy arriba s\u00f3lo, pero para sostenerse y adquirir la fuerza que le permite volar ha necesitado una serie de pilares y motores de los que luego debe desprenderse. Eso y no otra cosa son los v\u00ednculos afectivos.<br \/>\nNuestro psiquismo se construye desde las relaciones que vamos estableciendo en nuestra vida a trav\u00e9s de las que integramos los est\u00edmulos, los modelos de referencia en los esquemas que nos van a permitir empezar a desenvolvernos, a adquirir experiencia. Esta, a su vez, modificar\u00e1 nuestros esquemas, nuestros modelos y nuestra percepci\u00f3n de la vida, pero el modo en que llegamos a ella, como llegamos a la \u00f3rbita correspondiente, depende de haber tenido o no los motores adecuados.<\/p>\n<h2><span style=\"color: #ff004c;\"><strong>El papel del afecto<\/strong><\/span><\/h2>\n<p>El prop\u00f3sito de las p\u00e1ginas que conforman \u201cEducando el afecto. Reflexiones para familias, profesorado, pediatras\u2026\u201d No es establecer un tratado, sino ayudar a comprender el papel que el afecto juega en nuestra vida, el compromiso que adquirimos con aquellos a quienes amamos y que nos aman, sobre todo si son nuestros hijos, y entender que las ganancias y las heridas afectivas son nuestro primer bagaje, el que configura nuestro universo y, sobre todo, el que nos brinda una forma de enfrentarnos al mundo y a los dem\u00e1s como parte de ese mundo.<\/p>\n<p>Formar parte del relato de otra persona, de ese segundo registro del que hemos hablado, implica ser real para \u00e9l o ella, permanecer y configurar su universo. El desarrollo evolutivo de cada persona es un proceso en el que construimos nuestra independencia, vincul\u00e1ndonos y olvidando, y nuestra identidad desde nuestras relaciones. El cohete vuela solo, el edificio no son los pilares, tiene entidad pero sin pilares no se sostiene, sin motores no tiene fuerza para volar. Formar parte de sus pilares, ser motor, es un privilegio pero tambi\u00e9n un compromiso.<\/p>\n<h2><span style=\"color: #ff004c;\"><strong>La educaci\u00f3n del afecto<\/strong><\/span><\/h2>\n<p>Debemos entender que el afecto, aunque tiene una base biol\u00f3gica que lo favorece, tambi\u00e9n se educa, se fomenta, se construye y se da\u00f1a.<br \/>\nHemos de comprender que las heridas que causamos a nivel afectivo tienen consecuencias sobre el resto de las \u00e1reas de la persona, porque el desarrollo efectivo es la base de todo lo dem\u00e1s<\/p>\n<h2><strong><span style=\"color: #ff004c;\">El v\u00ednculo afectivo<\/span><\/strong><\/h2>\n<p>El proceso de construcci\u00f3n de un v\u00ednculo afectivo incluye a las personas, donde cada una aporta, aunque sea un beb\u00e9, sus caracter\u00edsticas diferenciales que hace la relaci\u00f3n \u00fanica e irrepetible. Ese v\u00ednculo nos da la seguridad b\u00e1sica, la base desde la que lanzarnos al mundo, y configurar un modo de mirarnos en el espejo y de acercarnos a los dem\u00e1s.<br \/>\nHemos de vivir los conflictos como parte ineludible de las relaciones afectivas, desterrando la culpabilidad que nos paraliza y entendiendo que todo conflicto tiene una base efectiva y un proceso psicol\u00f3gico que debe seguir. Esa base efectiva no siempre puede ser abordada, y es entonces cuando se impone la negociaci\u00f3n.<br \/>\n<img loading=\"lazy\" decoding=\"async\" class=\" wp-image-7575 alignleft\" src=\"http:\/\/adopcionpuntodeencuentro.com\/web\/wp-content\/uploads\/HUELLAS022.jpg\" alt=\"\" width=\"456\" height=\"357\" srcset=\"https:\/\/adopcionpuntodeencuentro.com\/web\/wp-content\/uploads\/HUELLAS022.jpg 869w, https:\/\/adopcionpuntodeencuentro.com\/web\/wp-content\/uploads\/HUELLAS022-150x117.jpg 150w, https:\/\/adopcionpuntodeencuentro.com\/web\/wp-content\/uploads\/HUELLAS022-400x313.jpg 400w, https:\/\/adopcionpuntodeencuentro.com\/web\/wp-content\/uploads\/HUELLAS022-768x601.jpg 768w, https:\/\/adopcionpuntodeencuentro.com\/web\/wp-content\/uploads\/HUELLAS022-600x470.jpg 600w\" sizes=\"(max-width: 456px) 100vw, 456px\" \/>Ser conscientes de nuestros \u201cpuntos d\u00e9biles\u201d nos hace comprender por qu\u00e9 y en qu\u00e9 momento del conflicto estamos, y nos proporciona herramientas para resolverlo.<br \/>\nLas posibilidades de cambio de una persona son grandes, pero vienen dadas por la asunci\u00f3n afectiva del compromiso con el cambio, y cualquier intervenci\u00f3n que como profesionales nos planteemos viene condicionada por la implicaci\u00f3n afectiva de la persona y el trabajo con sus modelos efectivos de referencia.<br \/>\n[\u2026]\nSi olvidamos la dimensi\u00f3n afectiva de nuestras vidas, perdemos su sentido. Si, por el contrario, somos conscientes de esa dimensi\u00f3n, adquiriremos un compromiso vital no s\u00f3lo respecto a nuestra propia historia, compromiso en gran medida liberador, sino tambi\u00e9n respecto a la huella que queremos dejar en aquellos que comparten nuestras vidas.<br \/>\nEducar el afecto, construir un relato, un edificio. Y comprometerse con el.<\/p>\n<p><strong><a href=\"http:\/\/www.pepahorno.es\/perfil-profesional\/\" target=\"_blank\" rel=\"noopener\">Pepa Horno<\/a>. <a href=\"http:\/\/www.grao.com\/llibres\/educando-el-afecto\" target=\"_blank\" rel=\"noopener\">Educando el afecto. Reflexiones para familias, profesorado, pediatras\u2026Editorial Grao<\/a><\/strong><\/p>\n<p>&nbsp;<\/p>\n<div class='divider' > <\/div>\n<p><strong><a href=\"http:\/\/adopcionpuntodeencuentro.com\/web\/wp-content\/uploads\/libro-educando-el-afecto.jpg\"><img loading=\"lazy\" decoding=\"async\" class=\" wp-image-7508 alignleft\" src=\"http:\/\/adopcionpuntodeencuentro.com\/web\/wp-content\/uploads\/libro-educando-el-afecto.jpg\" alt=\"\" width=\"451\" height=\"593\" srcset=\"https:\/\/adopcionpuntodeencuentro.com\/web\/wp-content\/uploads\/libro-educando-el-afecto.jpg 608w, https:\/\/adopcionpuntodeencuentro.com\/web\/wp-content\/uploads\/libro-educando-el-afecto-114x150.jpg 114w, https:\/\/adopcionpuntodeencuentro.com\/web\/wp-content\/uploads\/libro-educando-el-afecto-304x400.jpg 304w, https:\/\/adopcionpuntodeencuentro.com\/web\/wp-content\/uploads\/libro-educando-el-afecto-456x600.jpg 456w\" sizes=\"(max-width: 451px) 100vw, 451px\" \/><\/a>Titulo:<\/strong>Educando el afecto: Reflexiones para familias, profesorado, pediatras&#8230;<br \/>\n<b>Autores: <\/b>Pepa Horno Goicoechea<br \/>\n<b>Editorial <\/b>Grao<br \/>\n<b>ISBN:<\/b>\u00a084-7827-354-9<\/p>\n<p><strong>Indice resumido:<\/strong><\/p>\n<ol>\n<li>El desarrollo evolutivo\u00a0 \u00bfC\u00f3mo construimos nuestro propio edificio?<\/li>\n<li>La construcci\u00f3n de v\u00ednculos afectivos\u00a0 \u00bfC\u00f3mo y para qu\u00e9 vincularnos a los dem\u00e1s?<\/li>\n<li>\u00a0El papel de los conflictos en las relaciones afectivas\u00a0\u00bfEs posible una relaci\u00f3n afectiva sin conflictos?<\/li>\n<li>\u00a0Para terminar&#8230;<\/li>\n<\/ol>\n<p>El afecto se educa, se fomenta, se\u00a0construye y se da\u00f1a. Las relaciones\u00a0afectivas son un proceso de dos,\u00a0\u00fanico e irrepetible, que da la seguridad\u00a0b\u00e1sica para relacionarse con el mundo\u00a0y los modelos de referencia para\u00a0entenderlo, para absorber el\u00a0conocimiento y aprender a\u00a0relacionarse.<\/p>\n<p>&nbsp;<\/p>\n<p>&nbsp;<\/p>\n<div class='divider' > <\/div>\n<a href=\"http:\/\/adopcionpuntodeencuentro.com\/web\/wp-content\/uploads\/Pepa-horno-BIOGRAF\u00cdA002.jpg\"><img loading=\"lazy\" decoding=\"async\" class=\"aligncenter size-full wp-image-6928\" src=\"http:\/\/adopcionpuntodeencuentro.com\/web\/wp-content\/uploads\/Pepa-horno-BIOGRAF\u00cdA002.jpg\" alt=\"\" width=\"1289\" height=\"374\" srcset=\"https:\/\/adopcionpuntodeencuentro.com\/web\/wp-content\/uploads\/Pepa-horno-BIOGRAF\u00cdA002.jpg 1289w, https:\/\/adopcionpuntodeencuentro.com\/web\/wp-content\/uploads\/Pepa-horno-BIOGRAF\u00cdA002-150x44.jpg 150w, https:\/\/adopcionpuntodeencuentro.com\/web\/wp-content\/uploads\/Pepa-horno-BIOGRAF\u00cdA002-400x116.jpg 400w, https:\/\/adopcionpuntodeencuentro.com\/web\/wp-content\/uploads\/Pepa-horno-BIOGRAF\u00cdA002-768x223.jpg 768w, https:\/\/adopcionpuntodeencuentro.com\/web\/wp-content\/uploads\/Pepa-horno-BIOGRAF\u00cdA002-600x174.jpg 600w\" sizes=\"(max-width: 1289px) 100vw, 1289px\" \/><\/a><\/p>\n<div class='divider' > <\/div>\n<p><iframe loading=\"lazy\" style=\"width: 120px; height: 240px;\" src=\"https:\/\/rcm-eu.amazon-adsystem.com\/e\/cm?ref=qf_sp_asin_til&amp;t=httpadopcionp-21&amp;m=amazon&amp;o=30&amp;p=8&amp;l=as1&amp;IS1=1&amp;asins=8478273549&amp;linkId=a3e46032058825cb8476ce494ba6efa7&amp;bc1=FFFFFF&amp;lt1=_top&amp;fc1=333333&amp;lc1=0066C0&amp;bg1=FFFFFF&amp;f=ifr\" width=\"300\" height=\"150\" frameborder=\"0\" marginwidth=\"0\" marginheight=\"0\" scrolling=\"no\"><br \/>\n<\/iframe> <iframe loading=\"lazy\" style=\"width: 120px; height: 240px;\" src=\"https:\/\/rcm-eu.amazon-adsystem.com\/e\/cm?ref=qf_sp_asin_til&amp;t=httpadopcionp-21&amp;m=amazon&amp;o=30&amp;p=8&amp;l=as1&amp;IS1=1&amp;asins=8433029207&amp;linkId=b812ed6bec585f204340c04af29701de&amp;bc1=FFFFFF&amp;lt1=_top&amp;fc1=333333&amp;lc1=0066C0&amp;bg1=FFFFFF&amp;f=ifr\" width=\"300\" height=\"150\" frameborder=\"0\" marginwidth=\"0\" marginheight=\"0\" scrolling=\"no\"><br \/>\n<\/iframe><\/p>\n","protected":false},"excerpt":{"rendered":"<p>El afecto se educa, se fomenta, se construye y se da\u00f1a. Las relaciones afectivas son un proceso de dos, \u00fanico e irrepetible, que da la seguridad b\u00e1sica para relacionarse con el mundo y los modelos de referencia para entenderlo, para absorber el conocimiento y aprender a relacionarse con los dem\u00e1s. Las heridas que dejemos en ese proceso afectan al resto del desarrollo del ni\u00f1o.<\/p>\n","protected":false},"author":1,"featured_media":9605,"comment_status":"open","ping_status":"open","sticky":false,"template":"","format":"standard","meta":{"footnotes":""},"categories":[145,31,269,1],"tags":[69,230,37,55,32,15],"_links":{"self":[{"href":"https:\/\/adopcionpuntodeencuentro.com\/web\/wp-json\/wp\/v2\/posts\/7505"}],"collection":[{"href":"https:\/\/adopcionpuntodeencuentro.com\/web\/wp-json\/wp\/v2\/posts"}],"about":[{"href":"https:\/\/adopcionpuntodeencuentro.com\/web\/wp-json\/wp\/v2\/types\/post"}],"author":[{"embeddable":true,"href":"https:\/\/adopcionpuntodeencuentro.com\/web\/wp-json\/wp\/v2\/users\/1"}],"replies":[{"embeddable":true,"href":"https:\/\/adopcionpuntodeencuentro.com\/web\/wp-json\/wp\/v2\/comments?post=7505"}],"version-history":[{"count":19,"href":"https:\/\/adopcionpuntodeencuentro.com\/web\/wp-json\/wp\/v2\/posts\/7505\/revisions"}],"predecessor-version":[{"id":9609,"href":"https:\/\/adopcionpuntodeencuentro.com\/web\/wp-json\/wp\/v2\/posts\/7505\/revisions\/9609"}],"wp:featuredmedia":[{"embeddable":true,"href":"https:\/\/adopcionpuntodeencuentro.com\/web\/wp-json\/wp\/v2\/media\/9605"}],"wp:attachment":[{"href":"https:\/\/adopcionpuntodeencuentro.com\/web\/wp-json\/wp\/v2\/media?parent=7505"}],"wp:term":[{"taxonomy":"category","embeddable":true,"href":"https:\/\/adopcionpuntodeencuentro.com\/web\/wp-json\/wp\/v2\/categories?post=7505"},{"taxonomy":"post_tag","embeddable":true,"href":"https:\/\/adopcionpuntodeencuentro.com\/web\/wp-json\/wp\/v2\/tags?post=7505"}],"curies":[{"name":"wp","href":"https:\/\/api.w.org\/{rel}","templated":true}]}}