{"id":7515,"date":"2017-09-25T09:42:34","date_gmt":"2017-09-25T07:42:34","guid":{"rendered":"http:\/\/adopcionpuntodeencuentro.com\/web\/?p=7515"},"modified":"2020-01-24T18:00:14","modified_gmt":"2020-01-24T17:00:14","slug":"lo-real-y-lo-ideal-en-la-transmision-de-los-origenes-de-los-ninos-adoptados-resumen-montse-lapastora","status":"publish","type":"post","link":"https:\/\/adopcionpuntodeencuentro.com\/web\/lo-real-y-lo-ideal-en-la-transmision-de-los-origenes-de-los-ninos-adoptados-resumen-montse-lapastora\/","title":{"rendered":"Lo real y lo ideal en la transmisi\u00f3n de los or\u00edgenes de los ni\u00f1os adoptados. Montse Lapastora"},"content":{"rendered":"<p><strong><a href=\"http:\/\/adopcionpuntodeencuentro.com\/web\/wp-content\/uploads\/001ORIGENES.jpg\"><img loading=\"lazy\" decoding=\"async\" class=\"alignleft wp-image-7523 size-medium\" src=\"http:\/\/adopcionpuntodeencuentro.com\/web\/wp-content\/uploads\/001ORIGENES-400x225.jpg\" alt=\"\" width=\"400\" height=\"225\" srcset=\"https:\/\/adopcionpuntodeencuentro.com\/web\/wp-content\/uploads\/001ORIGENES-400x225.jpg 400w, https:\/\/adopcionpuntodeencuentro.com\/web\/wp-content\/uploads\/001ORIGENES-150x84.jpg 150w, https:\/\/adopcionpuntodeencuentro.com\/web\/wp-content\/uploads\/001ORIGENES-768x432.jpg 768w, https:\/\/adopcionpuntodeencuentro.com\/web\/wp-content\/uploads\/001ORIGENES-600x338.jpg 600w, https:\/\/adopcionpuntodeencuentro.com\/web\/wp-content\/uploads\/001ORIGENES.jpg 960w\" sizes=\"(max-width: 400px) 100vw, 400px\" \/><\/a>Titulo: Lo real y lo ideal en la transmisi\u00f3n de los or\u00edgenes de los ni\u00f1os adoptados en\u00a0 preadopci\u00f3n y\u00a0 postadopci\u00f3n. <a href=\"http:\/\/www.mlapastora.com\/\" target=\"_blank\" rel=\"noopener noreferrer\">Montse Lapastora<\/a><\/strong><\/p>\n<p><strong>Resumen:<\/strong><\/p>\n<p>La experiencia diaria en el proceso de valoraci\u00f3n con solicitantes de adopci\u00f3n, pone de manifiesto que mediante un proceso de reflexi\u00f3n llegan al convencimiento de lo importante que es, para la formaci\u00f3n de la identidad de sus futuros hijos, el hacer una adecuada transmisi\u00f3n de los or\u00edgenes. Es decir, que el ni\u00f1o comprenda y acepte su historia anterior a la adopci\u00f3n.<\/p>\n<p>Por otro lado, cuando los solicitantes se convierten en padres, y el hijo pasa a formar parte de su mundo real, tambi\u00e9n la experiencia diaria muestra que ese convencimiento que ten\u00edan de lo importante que era informar a sus hijos de su historia preadoptiva, pierde fuerza, y los padres no son capaces de enfrentarse a esa transmisi\u00f3n de los or\u00edgenes, tal y como hab\u00edan intuido anteriormente, porque eso implica afrontar las caracter\u00edsticas especiales que supone un hijo adoptado, el cual remueve heridas no cerradas, duelos no superados y conflictos no resueltos.<\/p>\n<p>Todas las angustias y temores de los padres repercuten en sus hijos, deteriorando el desarrollo de su identidad.<\/p>\n<p>En este proceso de comunicaci\u00f3n, un elemento muy importante es la empat\u00eda con la que se acompa\u00f1a la informaci\u00f3n que se da al hijo. No es tan importante el dato en s\u00ed, sino que el menor se sienta acompa\u00f1ado en el sentimiento que le produce lo que para \u00e9l significa ese dato.<\/p>\n<p>En este proceso, dif\u00edcil proceso de la transmisi\u00f3n de los or\u00edgenes de los ni\u00f1os adoptados, se puede hablar una vez m\u00e1s de c\u00f3mo los tan manidos conceptos de \u201clo real\u201d y \u201clo ideal\u201d se pueden ver en la pr\u00e1ctica diaria en el trabajo con padres pre y postadoptivos.<\/p>\n<p>Cuando hablo de \u201clo ideal\u201d me refiero a lo que los solicitantes de adopci\u00f3n, cuando est\u00e1n sumergidos en el proceso de valoraci\u00f3n, tienen intenci\u00f3n de decir a sus hijos sobre su condici\u00f3n de adoptados, y con \u201clo real\u201d hago referencia a lo que verdaderamente pueden decir cuando ejercen el rol de padres.<\/p>\n<p>En mi experiencia diaria con ni\u00f1os adoptados y con sus padres, muchos de ellos con amplio recorrido en asociaciones de adoptantes, psicoterapia, asistencia a grupos de formaci\u00f3n, a charlas y otros eventos relacionados con el mundo de la adopci\u00f3n, no dejo de sorprenderme al comprobar la enorme resistencia que tienen al tratar el tema de los or\u00edgenes, tambi\u00e9n llamado proceso de revelaci\u00f3n, con sus hijos.<\/p>\n<p>En el momento de la valoraci\u00f3n psicol\u00f3gica, por el que pasan todas las personas que inician un proceso de adopci\u00f3n, no todos los solicitantes, desde un principio, son conscientes de la importancia de dicho proceso. Como propone Palacios (2007), durante las entrevistas se les va explicando la relevancia de que el menor conozca\u00a0 su condici\u00f3n de adoptado, sus or\u00edgenes, su derecho a saber cu\u00e1l es su historia y todo aquello que est\u00e1 relacionado con su vida anterior, es decir, se incide en la importancia de que sus padres no le oculten datos que le pertenezcan.<\/p>\n<p><a href=\"http:\/\/adopcionpuntodeencuentro.com\/web\/wp-content\/uploads\/origenes001marco.jpg\"><img loading=\"lazy\" decoding=\"async\" class=\" wp-image-7531 alignleft\" src=\"http:\/\/adopcionpuntodeencuentro.com\/web\/wp-content\/uploads\/origenes001marco.jpg\" alt=\"\" width=\"451\" height=\"325\" srcset=\"https:\/\/adopcionpuntodeencuentro.com\/web\/wp-content\/uploads\/origenes001marco.jpg 592w, https:\/\/adopcionpuntodeencuentro.com\/web\/wp-content\/uploads\/origenes001marco-150x108.jpg 150w, https:\/\/adopcionpuntodeencuentro.com\/web\/wp-content\/uploads\/origenes001marco-400x289.jpg 400w\" sizes=\"(max-width: 451px) 100vw, 451px\" \/><\/a>En este proceso se observan diferentes reacciones, algunos solicitantes dicen que s\u00ed a todo, piensan que la valoraci\u00f3n es un tr\u00e1mite y no escuchan (Lapastora 2008).<\/p>\n<p>Hay muchas formas de no escuchar, de no querer o no poder o\u00edr lo que estamos diciendo porque chocamos con resistencias que no se pueden vencer en el periodo preadoptivo Una de ellas es simplemente la ignorancia: al referirles que a pesar de ser ni\u00f1os muy peque\u00f1os <em>saben <\/em>\u00a0o <em>sienten<\/em> que han sido abandonados y que eso puede tener consecuencias en su futuro y su comportamiento responden cosas como: \u201c<em>eso no es posible, lo que pasa es que los psic\u00f3logos sois muy retorcidos y mi hijo, desde luego, cuanto menos sepa, mejor<\/em>\u201d. Argumentan que si ellos no se acuerdan de nada de cuando eran tan peque\u00f1os, sus hijos tampoco lo har\u00e1n.<\/p>\n[\u2026]\n<p>En el trabajo diario me encuentro con muchos padres que manifiestan serias dificultades en el manejo de la transmisi\u00f3n de los or\u00edgenes. Habr\u00eda un amplio abanico de actuaciones que ir\u00eda desde aquellos que mantienen semioculto el hecho de la adopci\u00f3n, (aunque he trabajado con alg\u00fan caso de adopci\u00f3n nacional, la mayor parte de mi experiencia se circunscribe a la adopci\u00f3n internacional y en este \u00e1mbito es muy dif\u00edcil mantenerla totalmente oculta) hasta aquellos que son capaces de transmitir a su hijo la importancia de su pasado acompa\u00f1\u00e1ndole emp\u00e1ticamente (Winnicott 1998).<\/p>\n<p>En este sentido quisiera se\u00f1alar que el proceso de revelaci\u00f3n no se refiere simplemente a la transmisi\u00f3n de datos, a comunicar una serie de fechas, fotos\u00a0 o lugares, sino a que, como dec\u00eda m\u00e1s arriba, vayan acompa\u00f1ados del sentimiento de que esos padres conceden a ese dato, a ese pasado. Los padres han de hacer comprender y sentir al hijo que para ellos tambi\u00e9n es importante que \u00e9l pueda saber y entender su historia, pues eso le har\u00e1 sentirse m\u00e1s completo como persona, la relaci\u00f3n familiar se ver\u00e1 enriquecida y el proceso adoptivo tendr\u00e1 muchas posibilidades de \u00e9xito.<\/p>\n[\u2026]\n<p><a href=\"http:\/\/adopcionpuntodeencuentro.com\/web\/wp-content\/uploads\/comunicaci\u00f3n001.jpg\"><img loading=\"lazy\" decoding=\"async\" class=\" wp-image-7533 alignleft\" src=\"http:\/\/adopcionpuntodeencuentro.com\/web\/wp-content\/uploads\/comunicaci\u00f3n001.jpg\" alt=\"\" width=\"450\" height=\"334\" srcset=\"https:\/\/adopcionpuntodeencuentro.com\/web\/wp-content\/uploads\/comunicaci\u00f3n001.jpg 637w, https:\/\/adopcionpuntodeencuentro.com\/web\/wp-content\/uploads\/comunicaci\u00f3n001-150x111.jpg 150w, https:\/\/adopcionpuntodeencuentro.com\/web\/wp-content\/uploads\/comunicaci\u00f3n001-400x297.jpg 400w, https:\/\/adopcionpuntodeencuentro.com\/web\/wp-content\/uploads\/comunicaci\u00f3n001-600x446.jpg 600w\" sizes=\"(max-width: 450px) 100vw, 450px\" \/><\/a>En la mayor\u00eda de las dificultades en la transmisi\u00f3n de los or\u00edgenes se encuentran implicadas muchas de las emociones, antiguas y presentes de los padres, sentimientos y conflictos afectivos no resueltos, temores no enfrentados, duelos no superados y una serie de dificultades emocionales proyectadas en los hijos que interfieren en el proceso de revelaci\u00f3n, dificultando tanto la integraci\u00f3n adoptiva familiar, como la aceptaci\u00f3n del menor de su condici\u00f3n de adoptado.<\/p>\n<p>Cuando los padres llevan a cabo el proceso de revelaci\u00f3n, informando a los hijos de lo que saben de su historia pasada, en muchos casos la comunicaci\u00f3n se hace con veracidad, pero sin empat\u00eda. Considero que uno de los grandes errores a la hora de transmitir los or\u00edgenes del menor es, por un lado, el no saber recoger los sentimientos que dichos or\u00edgenes provocan en \u00e9l; y por otro, no hacerle llegar la importancia que la informaci\u00f3n de su vida anterior tambi\u00e9n tiene para los padres. Lo que quiz\u00e1 pueda explicarse porque no se puede transmitir lo que no se siente.<\/p>\n<p>Debido a la importancia que este proceso de revelaci\u00f3n tiene, y a la frecuencia con la que surgen problemas en las familias adoptivas al abordar esta cuesti\u00f3n, considero necesario invitar a la reflexi\u00f3n a los t\u00e9cnicos implicados en la valoraci\u00f3n de adopci\u00f3n, a que enfaticen, durante la valoraci\u00f3n\u00a0 psicosocial, en la importancia que tiene la transmisi\u00f3n de los or\u00edgenes.<\/p>\n<p><a href=\"http:\/\/www.mlapastora.com\/\" target=\"_blank\" rel=\"noopener noreferrer\"><strong>Montserrat Lapastora<\/strong><\/a><\/p>\n<h2><strong><span style=\"color: #f0184a;\"><br \/>\n<a href=\"http:\/\/adopcionpuntodeencuentro.com\/web\/wp-content\/uploads\/PORTADA-LO-REAL-Y.png\"><img loading=\"lazy\" decoding=\"async\" class=\"alignleft wp-image-7517 \" src=\"http:\/\/adopcionpuntodeencuentro.com\/web\/wp-content\/uploads\/PORTADA-LO-REAL-Y-105x150.png\" alt=\"\" width=\"79\" height=\"113\" srcset=\"https:\/\/adopcionpuntodeencuentro.com\/web\/wp-content\/uploads\/PORTADA-LO-REAL-Y-105x150.png 105w, https:\/\/adopcionpuntodeencuentro.com\/web\/wp-content\/uploads\/PORTADA-LO-REAL-Y-280x400.png 280w, https:\/\/adopcionpuntodeencuentro.com\/web\/wp-content\/uploads\/PORTADA-LO-REAL-Y.png 393w\" sizes=\"(max-width: 79px) 100vw, 79px\" \/><\/a><span style=\"color: #000000;\">LO REAL Y LO IDEAL EN LA TRANSMISI\u00d3N\u00a0DE LOS OR\u00cdGENES DE LOS NI\u00d1OS\u00a0ADOPTADOS EN\u00a0PREADOPCI\u00d3N Y\u00a0POSTADOPCI\u00d3N.<\/span><\/span>\u00a0<span style=\"color: #000000;\"><a href=\"http:\/\/adopcionpuntodeencuentro.com\/web\/wp-content\/uploads\/LO-REAL-Y-LO-IDEAL-EN-LA-TRANSMISI\u00d3N-DE-LOS-OR\u00cdGENES-.pdf\" target=\"_blank\" rel=\"noopener noreferrer\">LEER EL ART\u00cdCULO COMPLETO<\/a> <\/span><\/strong><span style=\"color: #000000;\">.<\/span><\/h2>\n<p>&nbsp;<\/p>\n<h2><strong>LEER ART\u00cdCULO POR TEMAS:<\/strong><\/h2>\n<ol>\n<li><a href=\"http:\/\/adopcionpuntodeencuentro.com\/web\/?p=7535&amp;preview=true\" target=\"_blank\" rel=\"noopener noreferrer\"><strong>DIFICULTADES EN LA COMUNICACI\u00d3N DE LA REVELACI\u00d3N. La madre biol\u00f3gica<\/strong><\/a><\/li>\n<\/ol>\n<ol start=\"2\">\n<li><a href=\"http:\/\/adopcionpuntodeencuentro.com\/web\/?p=7544&amp;preview=true\" target=\"_blank\" rel=\"noopener noreferrer\"><strong>DIFICULTADES EN LA COMUNICACI\u00d3N DE LA REVELACI\u00d3N<\/strong>.<strong> Hermanos biol\u00f3gicos y hermanos adoptados.<\/strong><\/a><\/li>\n<\/ol>\n<ol start=\"3\">\n<li><a href=\"http:\/\/adopcionpuntodeencuentro.com\/web\/?p=7556&amp;preview=true\" target=\"_blank\" rel=\"noopener noreferrer\"><strong>DIFICULTADES EN LA COMUNICACI\u00d3N DE LA REVELACI\u00d3N.<\/strong> La resistencia de algunos padres a hablar simple y llanamente de adopci\u00f3n.<\/a><\/li>\n<\/ol>\n<ol start=\"4\">\n<li><a href=\"http:\/\/adopcionpuntodeencuentro.com\/web\/?p=7610&amp;preview=true\" target=\"_blank\" rel=\"noopener noreferrer\"><strong>DIFICULTADES EN LA COMUNICACI\u00d3N DE LA REVELACI\u00d3N. Cuando el ni\u00f1o no pregunta.<\/strong><\/a><\/li>\n<\/ol>\n<ol start=\"5\">\n<li><a href=\"http:\/\/adopcionpuntodeencuentro.com\/web\/?p=7616&amp;preview=true\" target=\"_blank\" rel=\"noopener noreferrer\"><strong>DIFICULTADES EN LA COMUNICACI\u00d3N DE LA REVELACI\u00d3N.<\/strong> Diferencia de razas entre adoptantes y adoptados.<\/a><\/li>\n<\/ol>\n<ol start=\"6\">\n<li><a href=\"http:\/\/adopcionpuntodeencuentro.com\/web\/?p=7626&amp;preview=true\" target=\"_blank\" rel=\"noopener noreferrer\"><strong>DIFICULTADES EN LA COMUNICACI\u00d3N DE LA REVELACI\u00d3N<\/strong>. Hablar del maltrato que han sufrido los ni\u00f1os.<\/a><\/li>\n<\/ol>\n<ol start=\"7\">\n<li><a href=\"http:\/\/adopcionpuntodeencuentro.com\/web\/?p=7632&amp;preview=true\" target=\"_blank\" rel=\"noopener noreferrer\"><strong>DIFICULTADES EN LA COMUNICACI\u00d3N DE LA REVELACI\u00d3N. <\/strong>Los silencios y las mentiras.<\/a><\/li>\n<\/ol>\n<div class='divider' > <\/div>\n<p><a href=\"http:\/\/adopcionpuntodeencuentro.com\/web\/wp-content\/uploads\/biografiaMontse-Lapastora-1.png\"><img loading=\"lazy\" decoding=\"async\" class=\"aligncenter size-full wp-image-7527\" src=\"http:\/\/adopcionpuntodeencuentro.com\/web\/wp-content\/uploads\/biografiaMontse-Lapastora-1.png\" alt=\"\" width=\"1316\" height=\"545\" srcset=\"https:\/\/adopcionpuntodeencuentro.com\/web\/wp-content\/uploads\/biografiaMontse-Lapastora-1.png 1316w, https:\/\/adopcionpuntodeencuentro.com\/web\/wp-content\/uploads\/biografiaMontse-Lapastora-1-150x62.png 150w, https:\/\/adopcionpuntodeencuentro.com\/web\/wp-content\/uploads\/biografiaMontse-Lapastora-1-400x166.png 400w, https:\/\/adopcionpuntodeencuentro.com\/web\/wp-content\/uploads\/biografiaMontse-Lapastora-1-768x318.png 768w, https:\/\/adopcionpuntodeencuentro.com\/web\/wp-content\/uploads\/biografiaMontse-Lapastora-1-600x248.png 600w\" sizes=\"(max-width: 1316px) 100vw, 1316px\" \/><\/a><\/p>\n<div class='divider' > <\/div>\n<h2><span style=\"color: #00ffff;\"><strong>Comprar libro<\/strong><\/span><\/h2>\n<p><iframe loading=\"lazy\" style=\"width: 120px; height: 240px;\" src=\"https:\/\/rcm-eu.amazon-adsystem.com\/e\/cm?ref=qf_sp_asin_til&amp;t=httpadopcionp-21&amp;m=amazon&amp;o=30&amp;p=8&amp;l=as1&amp;IS1=1&amp;asins=8497564588&amp;linkId=4a99590e4156ef250a5a2fa1d8a25f27&amp;bc1=FFFFFF&amp;lt1=_top&amp;fc1=333333&amp;lc1=0066C0&amp;bg1=FFFFFF&amp;f=ifr\" width=\"300\" height=\"150\" frameborder=\"0\" marginwidth=\"0\" marginheight=\"0\" scrolling=\"no\"><br \/>\n<\/iframe><\/p>\n<p>&nbsp;<\/p>\n<p>&nbsp;<\/p>\n","protected":false},"excerpt":{"rendered":"<p>En la mayor\u00eda de las dificultades en la transmisi\u00f3n de los or\u00edgenes se encuentran implicadas muchas de las emociones, antiguas y presentes de los padres, sentimientos y conflictos afectivos no resueltos, temores no enfrentados, duelos no superados y una serie de dificultades emocionales proyectadas en los hijos que interfieren en el proceso de revelaci\u00f3n.<\/p>\n","protected":false},"author":1,"featured_media":7529,"comment_status":"open","ping_status":"open","sticky":false,"template":"","format":"standard","meta":{"footnotes":""},"categories":[267,113,75,102,1],"tags":[27,49,55,20,125,16,28],"_links":{"self":[{"href":"https:\/\/adopcionpuntodeencuentro.com\/web\/wp-json\/wp\/v2\/posts\/7515"}],"collection":[{"href":"https:\/\/adopcionpuntodeencuentro.com\/web\/wp-json\/wp\/v2\/posts"}],"about":[{"href":"https:\/\/adopcionpuntodeencuentro.com\/web\/wp-json\/wp\/v2\/types\/post"}],"author":[{"embeddable":true,"href":"https:\/\/adopcionpuntodeencuentro.com\/web\/wp-json\/wp\/v2\/users\/1"}],"replies":[{"embeddable":true,"href":"https:\/\/adopcionpuntodeencuentro.com\/web\/wp-json\/wp\/v2\/comments?post=7515"}],"version-history":[{"count":21,"href":"https:\/\/adopcionpuntodeencuentro.com\/web\/wp-json\/wp\/v2\/posts\/7515\/revisions"}],"predecessor-version":[{"id":11741,"href":"https:\/\/adopcionpuntodeencuentro.com\/web\/wp-json\/wp\/v2\/posts\/7515\/revisions\/11741"}],"wp:featuredmedia":[{"embeddable":true,"href":"https:\/\/adopcionpuntodeencuentro.com\/web\/wp-json\/wp\/v2\/media\/7529"}],"wp:attachment":[{"href":"https:\/\/adopcionpuntodeencuentro.com\/web\/wp-json\/wp\/v2\/media?parent=7515"}],"wp:term":[{"taxonomy":"category","embeddable":true,"href":"https:\/\/adopcionpuntodeencuentro.com\/web\/wp-json\/wp\/v2\/categories?post=7515"},{"taxonomy":"post_tag","embeddable":true,"href":"https:\/\/adopcionpuntodeencuentro.com\/web\/wp-json\/wp\/v2\/tags?post=7515"}],"curies":[{"name":"wp","href":"https:\/\/api.w.org\/{rel}","templated":true}]}}