{"id":7610,"date":"2017-09-21T09:34:20","date_gmt":"2017-09-21T07:34:20","guid":{"rendered":"http:\/\/adopcionpuntodeencuentro.com\/web\/?p=7610"},"modified":"2020-01-24T17:50:36","modified_gmt":"2020-01-24T16:50:36","slug":"cuando-el-nino-no-pregunta-dificultades-en-la-comunicacion-de-la-revelacion-montse-lapastora","status":"publish","type":"post","link":"https:\/\/adopcionpuntodeencuentro.com\/web\/cuando-el-nino-no-pregunta-dificultades-en-la-comunicacion-de-la-revelacion-montse-lapastora\/","title":{"rendered":"Cuando el ni\u00f1o no pregunta. Dificultades en la comunicaci\u00f3n de la revelaci\u00f3n. Montse Lapastora"},"content":{"rendered":"<p><a href=\"http:\/\/adopcionpuntodeencuentro.com\/web\/wp-content\/uploads\/no-pregunta22.jpg\"><img loading=\"lazy\" decoding=\"async\" class=\" wp-image-7612 alignleft\" src=\"http:\/\/adopcionpuntodeencuentro.com\/web\/wp-content\/uploads\/no-pregunta22.jpg\" alt=\"\" width=\"464\" height=\"309\" srcset=\"https:\/\/adopcionpuntodeencuentro.com\/web\/wp-content\/uploads\/no-pregunta22.jpg 960w, https:\/\/adopcionpuntodeencuentro.com\/web\/wp-content\/uploads\/no-pregunta22-150x100.jpg 150w, https:\/\/adopcionpuntodeencuentro.com\/web\/wp-content\/uploads\/no-pregunta22-400x267.jpg 400w, https:\/\/adopcionpuntodeencuentro.com\/web\/wp-content\/uploads\/no-pregunta22-768x512.jpg 768w, https:\/\/adopcionpuntodeencuentro.com\/web\/wp-content\/uploads\/no-pregunta22-600x400.jpg 600w\" sizes=\"(max-width: 464px) 100vw, 464px\" \/><\/a>Una forma muy generalizada de no enfrentarse al hecho adoptivo, es el argumento de que el ni\u00f1o no pregunta, de que ya preguntar\u00e1 cuando sienta la necesidad. Los ni\u00f1os son curiosos por naturaleza y preguntan sobre cualquier cosa, pero tambi\u00e9n son muy intuitivos y perciben si el objeto de su demanda es algo que incomoda o genera malestar en su interlocutor. Si el ni\u00f1o capta, a trav\u00e9s del lenguaje no verbal, que la pregunta que ha hecho provoca tensi\u00f3n, o recibe una respuesta de evitaci\u00f3n: \u201c<em>eso te lo explicar\u00e1 mejor tu madre<\/em>\u201d o \u201c<em>ahora estoy muy ocupado<\/em>\u201d, aprender\u00e1 a callar y no preguntar, y los padres olvidar\u00e1n el momento en que empez\u00f3 a hacerlo. Pero el ni\u00f1o pregunt\u00f3. Todos los hacen, y los padres, con su actitud, silencian el tema adoptivo porque probablemente les genera ansiedad.<\/p>\n<p>Otra explicaci\u00f3n al silencio de los padres, es que el menor pregunt\u00f3 cuando era peque\u00f1o y se le respondi\u00f3 a todas sus preguntas, por lo que los adultos entienden que cuando necesite saber algo volver\u00e1 a preguntar. Las preguntas de un ni\u00f1o de 3 a 5 a\u00f1os son f\u00e1ciles de responder, corresponden a datos concretos donde los padres se sienten c\u00f3modos y sueltos. Pero cuando el hijo se convierte en adolescente, la profundidad y la forma de las preguntas son otras y ante estas los padres ya no se sienten tan c\u00f3modos. Ante este tipo de preguntas \u201cinc\u00f3modas\u201d lo que observo en la consulta son estrategias de postergaci\u00f3n de la respuesta, desinter\u00e9s u otra forma de desmotivar a los hijos para que\u00a0 no contin\u00faen con preguntas inconvenientes.<\/p>\n<p>Recuerdo una adolescente que de repente empez\u00f3 a volver a interesarse por las embarazadas y preguntaba reiteradamente a su madre por las circunstancias de su nacimiento. La madre esquivaba la conversaci\u00f3n dici\u00e9ndole que ya le hab\u00eda explicado mil veces lo que sab\u00eda de sus circunstancias natales\u00a0 y no le daba oportunidad a su hija de seguir hablando. Si la hubiera escuchado, se habr\u00eda dado cuenta de que lo que verdaderamente le preocupaba no era su nacimiento, sino su propia fertilidad, la adolescente tem\u00eda que ella no pudiera tener hijos y esto\u00a0 la inquietaba, pero debido a que su madre no hab\u00eda superado el duelo de su propia infertilidad este tema no se pudo hablar, y una vez m\u00e1s el silencio fue la manera de abordar un duelo no resuelto. Vemos c\u00f3mo el dolor no afrontado por parte de uno de los padres, repercute en los hijos no permiti\u00e9ndoles expresar sus dudas y temores.<\/p>\n<p><a href=\"http:\/\/www.mlapastora.com\/\" target=\"_blank\" rel=\"noopener noreferrer\"><strong>Montse Lapastora<\/strong><\/a><\/p>\n<h2><strong>Extracto del art\u00edculo<\/strong><strong><span style=\"color: #f0184a;\"><br \/>\n<a href=\"http:\/\/adopcionpuntodeencuentro.com\/web\/wp-content\/uploads\/PORTADA-LO-REAL-Y.png\"><img loading=\"lazy\" decoding=\"async\" class=\"alignleft wp-image-7517 \" src=\"http:\/\/adopcionpuntodeencuentro.com\/web\/wp-content\/uploads\/PORTADA-LO-REAL-Y-105x150.png\" alt=\"\" width=\"79\" height=\"113\" srcset=\"https:\/\/adopcionpuntodeencuentro.com\/web\/wp-content\/uploads\/PORTADA-LO-REAL-Y-105x150.png 105w, https:\/\/adopcionpuntodeencuentro.com\/web\/wp-content\/uploads\/PORTADA-LO-REAL-Y-280x400.png 280w, https:\/\/adopcionpuntodeencuentro.com\/web\/wp-content\/uploads\/PORTADA-LO-REAL-Y.png 393w\" sizes=\"(max-width: 79px) 100vw, 79px\" \/><\/a>LO REAL Y LO IDEAL EN LA TRANSMISI\u00d3N\u00a0DE LOS OR\u00cdGENES DE LOS NI\u00d1OS\u00a0ADOPTADOS EN\u00a0PREADOPCI\u00d3N Y\u00a0POSTADOPCI\u00d3N.<\/span>\u00a0<\/strong><\/h2>\n<h2><strong><a href=\"http:\/\/adopcionpuntodeencuentro.com\/web\/wp-content\/uploads\/LO-REAL-Y-LO-IDEAL-EN-LA-TRANSMISI\u00d3N-DE-LOS-OR\u00cdGENES-.pdf\" target=\"_blank\" rel=\"noopener noreferrer\">LEER EL ART\u00cdCULO COMPLETO<\/a>\u00a0<\/strong><\/h2>\n<h2><a href=\"http:\/\/adopcionpuntodeencuentro.com\/web\/?p=7515&amp;preview=true\" target=\"_blank\" rel=\"noopener noreferrer\">LEER RESUMEN Y TEMAS<\/a><\/h2>\n<div class='divider' > <\/div>\n<p><a href=\"http:\/\/adopcionpuntodeencuentro.com\/web\/wp-content\/uploads\/biografiaMontse-Lapastora-1.png\"><br \/>\n<img loading=\"lazy\" decoding=\"async\" class=\"aligncenter size-full wp-image-7527\" src=\"http:\/\/adopcionpuntodeencuentro.com\/web\/wp-content\/uploads\/biografiaMontse-Lapastora-1.png\" alt=\"\" width=\"1316\" height=\"545\" srcset=\"https:\/\/adopcionpuntodeencuentro.com\/web\/wp-content\/uploads\/biografiaMontse-Lapastora-1.png 1316w, https:\/\/adopcionpuntodeencuentro.com\/web\/wp-content\/uploads\/biografiaMontse-Lapastora-1-150x62.png 150w, https:\/\/adopcionpuntodeencuentro.com\/web\/wp-content\/uploads\/biografiaMontse-Lapastora-1-400x166.png 400w, https:\/\/adopcionpuntodeencuentro.com\/web\/wp-content\/uploads\/biografiaMontse-Lapastora-1-768x318.png 768w, https:\/\/adopcionpuntodeencuentro.com\/web\/wp-content\/uploads\/biografiaMontse-Lapastora-1-600x248.png 600w\" sizes=\"(max-width: 1316px) 100vw, 1316px\" \/><\/a><\/p>\n<div class='divider' > <\/div>\n<p><iframe loading=\"lazy\" style=\"width: 120px; height: 240px;\" src=\"https:\/\/rcm-eu.amazon-adsystem.com\/e\/cm?ref=qf_sp_asin_til&amp;t=httpadopcionp-21&amp;m=amazon&amp;o=30&amp;p=8&amp;l=as1&amp;IS1=1&amp;asins=8497564588&amp;linkId=4a99590e4156ef250a5a2fa1d8a25f27&amp;bc1=FFFFFF&amp;lt1=_top&amp;fc1=333333&amp;lc1=0066C0&amp;bg1=FFFFFF&amp;f=ifr\" width=\"300\" height=\"150\" frameborder=\"0\" marginwidth=\"0\" marginheight=\"0\" scrolling=\"no\"><br \/>\n<\/iframe><\/p>\n","protected":false},"excerpt":{"rendered":"<p> Los ni\u00f1os son curiosos por naturaleza y preguntan sobre cualquier cosa, pero tambi\u00e9n son muy intuitivos y perciben si el objeto de su demanda es algo que incomoda o genera malestar en su interlocutor. Si el ni\u00f1o capta, a trav\u00e9s del lenguaje no verbal, que la pregunta que ha hecho provoca tensi\u00f3n, o recibe una respuesta de evitaci\u00f3n aprender\u00e1 a callar y no preguntar.<\/p>\n","protected":false},"author":1,"featured_media":7640,"comment_status":"open","ping_status":"open","sticky":false,"template":"","format":"standard","meta":{"footnotes":""},"categories":[267,113,75,1],"tags":[27,45,230,37,55,16,28],"_links":{"self":[{"href":"https:\/\/adopcionpuntodeencuentro.com\/web\/wp-json\/wp\/v2\/posts\/7610"}],"collection":[{"href":"https:\/\/adopcionpuntodeencuentro.com\/web\/wp-json\/wp\/v2\/posts"}],"about":[{"href":"https:\/\/adopcionpuntodeencuentro.com\/web\/wp-json\/wp\/v2\/types\/post"}],"author":[{"embeddable":true,"href":"https:\/\/adopcionpuntodeencuentro.com\/web\/wp-json\/wp\/v2\/users\/1"}],"replies":[{"embeddable":true,"href":"https:\/\/adopcionpuntodeencuentro.com\/web\/wp-json\/wp\/v2\/comments?post=7610"}],"version-history":[{"count":7,"href":"https:\/\/adopcionpuntodeencuentro.com\/web\/wp-json\/wp\/v2\/posts\/7610\/revisions"}],"predecessor-version":[{"id":11737,"href":"https:\/\/adopcionpuntodeencuentro.com\/web\/wp-json\/wp\/v2\/posts\/7610\/revisions\/11737"}],"wp:featuredmedia":[{"embeddable":true,"href":"https:\/\/adopcionpuntodeencuentro.com\/web\/wp-json\/wp\/v2\/media\/7640"}],"wp:attachment":[{"href":"https:\/\/adopcionpuntodeencuentro.com\/web\/wp-json\/wp\/v2\/media?parent=7610"}],"wp:term":[{"taxonomy":"category","embeddable":true,"href":"https:\/\/adopcionpuntodeencuentro.com\/web\/wp-json\/wp\/v2\/categories?post=7610"},{"taxonomy":"post_tag","embeddable":true,"href":"https:\/\/adopcionpuntodeencuentro.com\/web\/wp-json\/wp\/v2\/tags?post=7610"}],"curies":[{"name":"wp","href":"https:\/\/api.w.org\/{rel}","templated":true}]}}