{"id":7878,"date":"2017-09-22T09:33:23","date_gmt":"2017-09-22T07:33:23","guid":{"rendered":"http:\/\/adopcionpuntodeencuentro.com\/web\/?p=7878"},"modified":"2017-09-22T09:33:24","modified_gmt":"2017-09-22T07:33:24","slug":"adopcine-con-jose-ignacio-diaz-carvajal-verano-1993","status":"publish","type":"post","link":"https:\/\/adopcionpuntodeencuentro.com\/web\/adopcine-con-jose-ignacio-diaz-carvajal-verano-1993\/","title":{"rendered":"ADOPCINE con Jos\u00e9 Ignacio D\u00edaz Carvajal. Verano 1993"},"content":{"rendered":"<p>Verano 1993, (2017) de la realizadora Carla Sim\u00f3n, es una extraordinaria pel\u00edcula sobre un acogimiento sobrevenido por la p\u00e9rdida de los padres.<\/p>\n<p>Refleja la historia de su directora, con una sensibilidad, belleza y captaci\u00f3n del mundo infantil y de sus sentimientos ocultos, que son excepcionales. La pel\u00edcula es muy emotiva y da una comprensi\u00f3n del proceso doloroso por el que tiene que pasar esta ni\u00f1a, ahora hu\u00e9rfana, injertada a la fuerza en otra casa. Y a la que no saben comprender, pues ni ella misma sabe expresar lo que le pasa.<\/p>\n<p>Una pel\u00edcula preciosa. A veces algo lenta, pues refleja la lentitud y morosidad de un verano l\u00e1nguido y vivido desde los ojos de esta ni\u00f1a. Pero veraz y testimonio honesto de la confusi\u00f3n y el sufrimiento de una ni\u00f1a perdida en su propio dolor.<\/p>\n<p>Aprovechen para verla ahora que est\u00e1 todav\u00eda en pantalla grande.<\/p>\n<p><img loading=\"lazy\" decoding=\"async\" class=\"alignleft\" src=\"http:\/\/adopcionpuntodeencuentro.com\/web\/wp-content\/uploads\/ADOPCINE-1.png\" width=\"395\" height=\"184\" \/><\/p>\n<p>&nbsp;<\/p>\n<p>&nbsp;<\/p>\n<p><strong><a title=\"JIgnacio biograf\u00eda\" href=\"http:\/\/wp.me\/p56Gk1-p9\" target=\"_blank\" rel=\"noopener noreferrer\">J.Ignacio D\u00edaz Carvajal,<\/a>\u00a0 Gran colaborador y<a href=\"http:\/\/adopcionpuntodeencuentro.com\/web\/presentacion\/\" target=\"_blank\" rel=\"noopener noreferrer\">\u00a0socio de AAPE\u00a0<\/a>dirige esta secci\u00f3n y \u00a0cada semana aprendemos mucho a trav\u00e9s de las historias \u00a0con tem\u00e1tica adoptiva que \u00e9l nos sugiere.<br \/>\nAdopcine es el cine desde la mirada adoptiva.\u00a0Pel\u00edculas, documentales y v\u00eddeos que tratan la tem\u00e1tica de adopci\u00f3n y de acogimiento.<\/strong><\/p>\n<p>&nbsp;<\/p>\n<h1><span style=\"color: #f20736;\"><strong>Estiu 1993 (Verano 1993) (2017)<\/strong><\/span><\/h1>\n<p><a href=\"http:\/\/adopcionpuntodeencuentro.com\/web\/adopcine-con-jose-ignacio-diaz-carvajal-verano-1993\/verano-1993-cartel\/\" rel=\"attachment wp-att-7879\"><img loading=\"lazy\" decoding=\"async\" class=\" wp-image-7879 alignleft\" src=\"http:\/\/adopcionpuntodeencuentro.com\/web\/wp-content\/uploads\/Verano-1993-cartel.jpg\" alt=\"\" width=\"472\" height=\"668\" srcset=\"https:\/\/adopcionpuntodeencuentro.com\/web\/wp-content\/uploads\/Verano-1993-cartel.jpg 848w, https:\/\/adopcionpuntodeencuentro.com\/web\/wp-content\/uploads\/Verano-1993-cartel-106x150.jpg 106w, https:\/\/adopcionpuntodeencuentro.com\/web\/wp-content\/uploads\/Verano-1993-cartel-283x400.jpg 283w, https:\/\/adopcionpuntodeencuentro.com\/web\/wp-content\/uploads\/Verano-1993-cartel-768x1087.jpg 768w, https:\/\/adopcionpuntodeencuentro.com\/web\/wp-content\/uploads\/Verano-1993-cartel-424x600.jpg 424w\" sizes=\"(max-width: 472px) 100vw, 472px\" \/><\/a>Directora: Carla Sim\u00f3n<br \/>\nEspa\u00f1a<br \/>\n97 min<br \/>\nEn catal\u00e1n<br \/>\nDrama<br \/>\nBasado en hechos reales<\/p>\n<p>Sinopsis: Frida (Laia Artigas), una ni\u00f1a de seis a\u00f1os, afronta el primer verano de su vida con su nueva familia adoptiva tras la muerte de su madre. Lejos de su entorno cercano, en pleno campo, la ni\u00f1a deber\u00e1 adaptarse a su nueva vida. (FILMAFFINITY)<\/p>\n<p>Valoraci\u00f3n cin\u00e9fila: 8\/10<br \/>\nValoraci\u00f3n adopci\u00f3n: 10\/10<\/p>\n<p>Estupenda pel\u00edcula que refleja con una extraordinaria sensibilidad, las vicisitudes de los sentimientos y de los comportamientos de una ni\u00f1a que sufre la p\u00e9rdida de sus padres y tiene que afrontar una nueva realidad de vida. Ahora sin padres y viviendo con sus padres acogedores, que son sus t\u00edos.<br \/>\nVamos viendo los comportamientos, a veces extra\u00f1os, que hacen pensar si la ni\u00f1a no ser\u00e1 especialmente destructiva y celosa con su prima\/hermana, o si no ser\u00e1 una desagradecida, por no expresar a sus t\u00edos\/padres su afecto y cari\u00f1o. Y como manipula, para conseguir cosas, en vez de confiar que tiene los mismos derechos que su prima\/hermana.<br \/>\nTodo esto se puede explicar bien, por el duelo no resuelto que tiene esta ni\u00f1a, que se ve entregada a otras personas, que aunque la quieren, no son sus padres,a los que todav\u00eda a\u00f1ora. Yc\u00f3mo tiene que lidiar con sus sentimientos de pena, que no puede soportar a\u00fan, y los trasforma en otras cosas.<br \/>\nPor lo visto la realizadora Carla Sim\u00f3n, refleja su historia en todo este film, pues perdi\u00f3 tambi\u00e9n a sus padres y fue criada por sus t\u00edos.<br \/>\nUna pel\u00edcula que refleja el mundo infantil, los juegos, los descubrimientos, las identificaciones&#8230;con un encanto y una veracidad, que maravillan. Y a pesar de la lentitud de algunas escenas, la pel\u00edcula toca y atre y atrapa.<br \/>\nMerece la pena verse.<br \/>\nVa a ser presentada a los Oscar de Hollywood, a mejor pel\u00edcula extranjera. Premiada en Berlin y M\u00e1laga.<\/p>\n<p><iframe loading=\"lazy\" src=\"https:\/\/www.youtube.com\/embed\/1_MUzxe3NRU\" width=\"560\" height=\"315\" frameborder=\"0\" allowfullscreen=\"allowfullscreen\"><\/iframe><br \/>\n&nbsp;<\/p>\n<p><a href=\"http:\/\/peliculasyadopcion.blogspot.com.es\/\" target=\"_blank\" rel=\"noopener noreferrer\"> <div class='divider' > <\/div> <img loading=\"lazy\" decoding=\"async\" class=\"wp-image-6538 size-full aligncenter\" src=\"http:\/\/adopcionpuntodeencuentro.com\/web\/wp-content\/uploads\/JOSEIGNACIOBIOGRAF\u00cda-con-possit.jpg\" alt=\"\" width=\"889\" height=\"438\" srcset=\"https:\/\/adopcionpuntodeencuentro.com\/web\/wp-content\/uploads\/JOSEIGNACIOBIOGRAF\u00cda-con-possit.jpg 889w, https:\/\/adopcionpuntodeencuentro.com\/web\/wp-content\/uploads\/JOSEIGNACIOBIOGRAF\u00cda-con-possit-150x74.jpg 150w, https:\/\/adopcionpuntodeencuentro.com\/web\/wp-content\/uploads\/JOSEIGNACIOBIOGRAF\u00cda-con-possit-400x197.jpg 400w, https:\/\/adopcionpuntodeencuentro.com\/web\/wp-content\/uploads\/JOSEIGNACIOBIOGRAF\u00cda-con-possit-768x378.jpg 768w, https:\/\/adopcionpuntodeencuentro.com\/web\/wp-content\/uploads\/JOSEIGNACIOBIOGRAF\u00cda-con-possit-600x296.jpg 600w\" sizes=\"(max-width: 889px) 100vw, 889px\" \/><\/a><\/p>\n<h3><strong>Para saber m\u00e1s sobre Jos\u00e9 Ignacio D\u00edaz Carvajal pincha en la imagen.<\/strong><\/h3>\n<div class='divider' > <\/div>\n","protected":false},"excerpt":{"rendered":"<p>Una pel\u00edcula que refleja la historia de su directora, con una sensibilidad, belleza y captaci\u00f3n del mundo infantil y de sus sentimientos ocultos, que son excepcionales. La pel\u00edcula es muy emotiva y da una comprensi\u00f3n del proceso doloroso por el que tiene que pasar esta ni\u00f1a, ahora hu\u00e9rfana, injertada a la fuerza en otra casa. Y a la que no saben comprender, pues ni ella misma sabe expresar lo que le pasa.<\/p>\n","protected":false},"author":1,"featured_media":7879,"comment_status":"open","ping_status":"open","sticky":false,"template":"","format":"standard","meta":{"footnotes":""},"categories":[86,267,113],"tags":[],"_links":{"self":[{"href":"https:\/\/adopcionpuntodeencuentro.com\/web\/wp-json\/wp\/v2\/posts\/7878"}],"collection":[{"href":"https:\/\/adopcionpuntodeencuentro.com\/web\/wp-json\/wp\/v2\/posts"}],"about":[{"href":"https:\/\/adopcionpuntodeencuentro.com\/web\/wp-json\/wp\/v2\/types\/post"}],"author":[{"embeddable":true,"href":"https:\/\/adopcionpuntodeencuentro.com\/web\/wp-json\/wp\/v2\/users\/1"}],"replies":[{"embeddable":true,"href":"https:\/\/adopcionpuntodeencuentro.com\/web\/wp-json\/wp\/v2\/comments?post=7878"}],"version-history":[{"count":2,"href":"https:\/\/adopcionpuntodeencuentro.com\/web\/wp-json\/wp\/v2\/posts\/7878\/revisions"}],"predecessor-version":[{"id":7881,"href":"https:\/\/adopcionpuntodeencuentro.com\/web\/wp-json\/wp\/v2\/posts\/7878\/revisions\/7881"}],"wp:featuredmedia":[{"embeddable":true,"href":"https:\/\/adopcionpuntodeencuentro.com\/web\/wp-json\/wp\/v2\/media\/7879"}],"wp:attachment":[{"href":"https:\/\/adopcionpuntodeencuentro.com\/web\/wp-json\/wp\/v2\/media?parent=7878"}],"wp:term":[{"taxonomy":"category","embeddable":true,"href":"https:\/\/adopcionpuntodeencuentro.com\/web\/wp-json\/wp\/v2\/categories?post=7878"},{"taxonomy":"post_tag","embeddable":true,"href":"https:\/\/adopcionpuntodeencuentro.com\/web\/wp-json\/wp\/v2\/tags?post=7878"}],"curies":[{"name":"wp","href":"https:\/\/api.w.org\/{rel}","templated":true}]}}