{"id":8296,"date":"2017-12-04T09:33:06","date_gmt":"2017-12-04T08:33:06","guid":{"rendered":"http:\/\/adopcionpuntodeencuentro.com\/web\/?p=8296"},"modified":"2018-01-12T10:59:55","modified_gmt":"2018-01-12T09:59:55","slug":"descripcion-del-impacto-de-la-adversidad-temprana-en-el-presente","status":"publish","type":"post","link":"https:\/\/adopcionpuntodeencuentro.com\/web\/descripcion-del-impacto-de-la-adversidad-temprana-en-el-presente\/","title":{"rendered":"Descripci\u00f3n del impacto de la adversidad temprana en el presente. Podcast."},"content":{"rendered":"<p><a href=\"http:\/\/margamunizaguilar.com\/web\/\" target=\"_blank\" rel=\"noopener\">Marga Mu\u00f1iz<\/a> Orientadora educativa. Terapeuta y Escritora. Fundadora y presidenta de <a href=\"https:\/\/toleranciacero.org.es\" target=\"_blank\" rel=\"noopener\">Tolerancia Cero.org.es<\/a> Habla con <a href=\"https:\/\/rarezasdelaadopcion.blogspot.com.es\/\" target=\"_blank\" rel=\"noopener\">Rosa Fern\u00e1ndez,<\/a> profesora del \u00c1rea de Psicobiolog\u00eda de la Universidad da Coru\u00f1a y autora de dos libros muy interesantes: \u00ab<a href=\"http:\/\/adopcionpuntodeencuentro.com\/web\/entre-hipocampos-y-neurogenesis\/\" target=\"_blank\" rel=\"noopener\"><strong>Entre Hipocampos y Neurog\u00e9nesis<\/strong><\/a>\u00bb y \u00abLas huellas de las Experiencias Tempranas en el cerebro\u00bb.<\/p>\n<div class=\"dropdown-info\">\n<div id=\"scroll-programa\" class=\"tiny-scrollbar\" data-collapsed=\"60\" data-uncollapsed=\"200\">\n<div class=\"viewport viewport-md\">\n<div class=\"overview\">\n<p class=\"description\">No se trata de un \u00f3rgano m\u00e1s, del cerebro depende nuestra personalidad, nuestro comportamiento, nuestra forma de afrontar los problemas en la vida, toda nuestra \u2018individualidad\u2019 proviene de \u00e9l.<br \/>\nPor eso es importante saber c\u00f3mo influyen en las conductas actuales las experiencias adversas vividas en los primeros a\u00f1os de sus vidas por los ni\u00f1os, adolescentes y j\u00f3venes adoptados y, lo m\u00e1s importante, qu\u00e9 podemos hacer nosotros, como familia o profesionales relacionados con ellos, para ayudarles a superar el impacto de esas experiencias pasadas en sus vidas presentes.<\/p>\n<p>Este audio es interesant\u00edsimo y no te lo puedes perder.<\/p>\n<p><a href=\"https:\/\/www.ivoox.com\/impacto-adversidad-temprana-el-audios-mp3_rf_22112953_1.html?autoplay=true\"><img loading=\"lazy\" decoding=\"async\" class=\"alignleft wp-image-8300 size-full\" src=\"http:\/\/adopcionpuntodeencuentro.com\/web\/wp-content\/uploads\/ivoox-rosa-fdz.jpg\" alt=\"\" width=\"778\" height=\"464\" srcset=\"https:\/\/adopcionpuntodeencuentro.com\/web\/wp-content\/uploads\/ivoox-rosa-fdz.jpg 778w, https:\/\/adopcionpuntodeencuentro.com\/web\/wp-content\/uploads\/ivoox-rosa-fdz-150x89.jpg 150w, https:\/\/adopcionpuntodeencuentro.com\/web\/wp-content\/uploads\/ivoox-rosa-fdz-450x268.jpg 450w, https:\/\/adopcionpuntodeencuentro.com\/web\/wp-content\/uploads\/ivoox-rosa-fdz-768x458.jpg 768w\" sizes=\"(max-width: 778px) 100vw, 778px\" \/><\/a><\/p>\n<p>&nbsp;<\/p>\n<p>&nbsp;<\/p>\n<p>&nbsp;<\/p>\n<p>&nbsp;<\/p>\n<p>&nbsp;<\/p>\n<p>&nbsp;<\/p>\n<p>&nbsp;<\/p>\n<p>&nbsp;<\/p>\n<p><a href=\"https:\/\/www.ivoox.com\/impacto-adversidad-temprana-el-audios-mp3_rf_22112953_1.html?autoplay=true\" target=\"_blank\" rel=\"noopener\"><strong>Pincha aqu\u00ed y empieza\u00a0 o\u00edr la entrevista<\/strong><\/a><\/p>\n<p>&nbsp;<\/p>\n<\/div>\n<\/div>\n<p>&nbsp;<\/p>\n<\/div>\n<\/div>\n<p>&nbsp;<\/p>\n<div class=\"dropdown-info\">\n<div id=\"scroll-programa\" class=\"tiny-scrollbar\" data-collapsed=\"60\" data-uncollapsed=\"200\">\n<div class=\"viewport viewport-md\">\n<div class=\"overview\">\n<p><img loading=\"lazy\" decoding=\"async\" class=\"alignleft size-full wp-image-8298\" src=\"http:\/\/adopcionpuntodeencuentro.com\/web\/wp-content\/uploads\/rmaria_fernandezTHUMB.jpg\" alt=\"\" width=\"308\" height=\"450\" srcset=\"https:\/\/adopcionpuntodeencuentro.com\/web\/wp-content\/uploads\/rmaria_fernandezTHUMB.jpg 308w, https:\/\/adopcionpuntodeencuentro.com\/web\/wp-content\/uploads\/rmaria_fernandezTHUMB-103x150.jpg 103w\" sizes=\"(max-width: 308px) 100vw, 308px\" \/><\/p>\n<p>Y no os perd\u00e1is el \u00faltimo libro de\u00a0\u00a0<strong>Rosa M\u00aa Fern\u00e1ndez Garc\u00eda<\/strong> con\u00a0<strong>Pr\u00f3logo<\/strong>: <strong>M\u00aa Elena Rodr\u00edguez Borrajo<\/strong><a href=\"https:\/\/mapascolectivos.com\/portfolio\/lashuellasdelasexperienciastempanasenelaprendizaje\/\" target=\"_blank\" rel=\"noopener\"><strong>\u00abLas huellas de las experiencias tempranas en el aprendizaje. \u00bfQu\u00e9 efectos tienen en el aprendizaje escolar?<\/strong><\/a> \u00bb Un libro que\u00a0recoge la conferencia que Rosa M\u00aa Fern\u00e1ndez ofreci\u00f3 en las \u00abJornadas de apego, resiliencia y parentalidad positiva\u00bb que la Asociaci\u00f3n <a href=\"http:\/\/www.biraka.org\/\" target=\"_blank\" rel=\"noopener\"><strong>Biraka<\/strong><\/a> organiz\u00f3 en Vitoria-Gasteiz (febrero 2017). Entre el elenco de profesionales que hablaron sobre el arte de conectar, posibilitar y ver al otro m\u00e1s all\u00e1 de sus dificultades, la bi\u00f3loga Rosa M\u00aa Fern\u00e1ndez comparti\u00f3 contenidos cient\u00edficos actuales sobre el cerebro y su funcionamiento, pero lo hizo llegando al coraz\u00f3n de todos; si no se llega al coraz\u00f3n, no se aprende.<\/p>\n<p>De este libro\u00a0 os facilitaremos rese\u00f1a y comentarios muy pronto en esta web dentro dela secci\u00f3n ABOOKCI\u00d3N.<\/p>\n<p>&nbsp;<\/p>\n<\/div>\n<\/div>\n<\/div>\n<\/div>\n","protected":false},"excerpt":{"rendered":"<p>Marga Mu\u00f1iz y Rosa Fern\u00e1ndez, en una charla sobre c\u00f3mo influyen en las conductas actuales las experiencias adversas vividas en los primeros a\u00f1os de sus vidas por los ni\u00f1os, adolescentes y j\u00f3venes adoptados y, lo m\u00e1s importante, qu\u00e9 podemos hacer nosotros, como familia o profesionales relacionados con ellos, para ayudarles a superar el impacto de esas experiencias pasadas en sus vidas presentes.<\/p>\n","protected":false},"author":1,"featured_media":8303,"comment_status":"open","ping_status":"open","sticky":false,"template":"","format":"standard","meta":{"footnotes":""},"categories":[145,267,113,75,281,1],"tags":[64,27,45,93,38,49,230,37,28],"_links":{"self":[{"href":"https:\/\/adopcionpuntodeencuentro.com\/web\/wp-json\/wp\/v2\/posts\/8296"}],"collection":[{"href":"https:\/\/adopcionpuntodeencuentro.com\/web\/wp-json\/wp\/v2\/posts"}],"about":[{"href":"https:\/\/adopcionpuntodeencuentro.com\/web\/wp-json\/wp\/v2\/types\/post"}],"author":[{"embeddable":true,"href":"https:\/\/adopcionpuntodeencuentro.com\/web\/wp-json\/wp\/v2\/users\/1"}],"replies":[{"embeddable":true,"href":"https:\/\/adopcionpuntodeencuentro.com\/web\/wp-json\/wp\/v2\/comments?post=8296"}],"version-history":[{"count":8,"href":"https:\/\/adopcionpuntodeencuentro.com\/web\/wp-json\/wp\/v2\/posts\/8296\/revisions"}],"predecessor-version":[{"id":8652,"href":"https:\/\/adopcionpuntodeencuentro.com\/web\/wp-json\/wp\/v2\/posts\/8296\/revisions\/8652"}],"wp:featuredmedia":[{"embeddable":true,"href":"https:\/\/adopcionpuntodeencuentro.com\/web\/wp-json\/wp\/v2\/media\/8303"}],"wp:attachment":[{"href":"https:\/\/adopcionpuntodeencuentro.com\/web\/wp-json\/wp\/v2\/media?parent=8296"}],"wp:term":[{"taxonomy":"category","embeddable":true,"href":"https:\/\/adopcionpuntodeencuentro.com\/web\/wp-json\/wp\/v2\/categories?post=8296"},{"taxonomy":"post_tag","embeddable":true,"href":"https:\/\/adopcionpuntodeencuentro.com\/web\/wp-json\/wp\/v2\/tags?post=8296"}],"curies":[{"name":"wp","href":"https:\/\/api.w.org\/{rel}","templated":true}]}}