{"id":8404,"date":"2017-12-15T09:03:04","date_gmt":"2017-12-15T08:03:04","guid":{"rendered":"http:\/\/adopcionpuntodeencuentro.com\/web\/?p=8404"},"modified":"2017-12-15T09:03:04","modified_gmt":"2017-12-15T08:03:04","slug":"adopcine-con-jose-ignacio-diaz-carvajal-la-luz-entre-los-oceanos","status":"publish","type":"post","link":"https:\/\/adopcionpuntodeencuentro.com\/web\/adopcine-con-jose-ignacio-diaz-carvajal-la-luz-entre-los-oceanos\/","title":{"rendered":"ADOPCINE con Jos\u00e9 Ignacio D\u00edaz Carvajal. La luz entre los oc\u00e9anos"},"content":{"rendered":"<p>\u00abLa luz entre los oc\u00e9anos\u00bb de 2016, es una magn\u00edfica pel\u00edcula, protagonizada por Michael Fassbender , Alicia Vikander y Rachel Weisz, que toca un mont\u00f3n de temas relacionados con la paternidad y la adopci\u00f3n: los duelos por los hijos, tenidos o no; la obnubilaci\u00f3n , hasta el delito, por conseguir ser madre; el no tener en cuenta el mayor inter\u00e9s del menor; las repercusiones que tiene en un menor el haber vivido forzadamente en otra familia y volver a la de origen&#8230;.etc.<br \/>\nLa pel\u00edcula, con su bella fotograf\u00eda y m\u00fasica, nos embarga y nos traslada emocionalmente a identificarnos con cada uno de los personajes y nos hace m\u00e1s dif\u00edcil encontrar salidas a los dilemas morales y afectivos que nos trae a cada paso.<br \/>\nLa recomiendo v\u00edvamente.<\/p>\n<p><img loading=\"lazy\" decoding=\"async\" class=\"alignleft\" src=\"http:\/\/adopcionpuntodeencuentro.com\/web\/wp-content\/uploads\/ADOPCINE-1.png\" width=\"395\" height=\"184\" \/><\/p>\n<p><strong><a title=\"JIgnacio biograf\u00eda\" href=\"http:\/\/wp.me\/p56Gk1-p9\" target=\"_blank\" rel=\"noopener noreferrer\">J.Ignacio D\u00edaz Carvajal,<\/a>\u00a0 Gran colaborador y<a href=\"http:\/\/adopcionpuntodeencuentro.com\/web\/presentacion\/\" target=\"_blank\" rel=\"noopener noreferrer\">\u00a0socio de AAPE\u00a0<\/a>dirige esta secci\u00f3n y \u00a0cada semana aprendemos mucho a trav\u00e9s de las historias \u00a0con tem\u00e1tica adoptiva que \u00e9l nos sugiere.<br \/>\nAdopcine es el cine desde la mirada adoptiva.\u00a0Pel\u00edculas, documentales y v\u00eddeos que tratan la tem\u00e1tica de adopci\u00f3n y de acogimiento.<\/strong><\/p>\n<h1><\/h1>\n<p>&nbsp;<\/p>\n<h1 class=\"post-title entry-title\"><span style=\"color: #f50a50;\">La luz entre los oc\u00e9anos (2016)<\/span><\/h1>\n<p><img loading=\"lazy\" decoding=\"async\" class=\" wp-image-8410 alignleft\" src=\"http:\/\/adopcionpuntodeencuentro.com\/web\/wp-content\/uploads\/la-luz.jpg\" alt=\"\" width=\"499\" height=\"719\" srcset=\"https:\/\/adopcionpuntodeencuentro.com\/web\/wp-content\/uploads\/la-luz.jpg 749w, https:\/\/adopcionpuntodeencuentro.com\/web\/wp-content\/uploads\/la-luz-104x150.jpg 104w, https:\/\/adopcionpuntodeencuentro.com\/web\/wp-content\/uploads\/la-luz-312x450.jpg 312w, https:\/\/adopcionpuntodeencuentro.com\/web\/wp-content\/uploads\/la-luz-533x768.jpg 533w\" sizes=\"(max-width: 499px) 100vw, 499px\" \/>Director: Derek Cianfrance<br \/>\nEEUU<br \/>\n2016<br \/>\n130 min<\/p>\n<p>Drama<\/p>\n<p>Sinopsis:<br \/>\nAustralia, 1926. Un bote encalla en una isla remota y a su encuentro acuden el farero Tom Sherbourne y su joven esposa Isabel. En el interior del bote yacen un hombre muerto y un beb\u00e9 que llora con desesperaci\u00f3n. Tom e Isabel adoptan al ni\u00f1o y deciden criarlo sin informar a las autoridades. Todo se complica cuando descubren que la madre biol\u00f3gica del beb\u00e9 est\u00e1 viva. (FILMAFFINITY)<\/p>\n<p>Valoraci\u00f3n cin\u00e9fila 6\/10<br \/>\nValoraci\u00f3n adopci\u00f3n 9\/10<\/p>\n<p>En la trama de esta pel\u00edcula encontramos diversos temas interesantes relacionados con la adopci\u00f3n: la imposibilidad de la madre de que sus embarazos lleguen a buen t\u00e9rmino, con lo que implica de duelos sucesivos, por los no natos que pierde. El ansia de maternidad y el cegamiento al que puede llevar a algunas mujeres, como para poder plantearse apropiarse de un ni\u00f1o, sin hacerlo de forma legal y contando con la eventualidad de que tenga madre.<br \/>\nLa complicidad de algunos hombres, para dar satisfacci\u00f3n a esa necesidad imperiosa de su mujer, rindiendo su moral y sus convicciones. La culpa cuando se dan cuenta que su apropiaci\u00f3n del ni\u00f1o implic\u00f3 realmente un robo. Y el da\u00f1o que est\u00e1n haciendo a una madre desesperada por su p\u00e9rdida.La situaci\u00f3n de dilema sin soluci\u00f3n al haber criado a esa ni\u00f1a como suya y que ahora pueda tener que incorporarse a una familia biol\u00f3gica que la reclama, pero que ella no lo reconoce como familia.<br \/>\nY la evoluci\u00f3n de los sentimientos de todos los personajes, hacia posturas m\u00e1s ecu\u00e1nimes, m\u00e1s compasivas, m\u00e1s honestas, m\u00e1s verdaderas, a pesar del dolor que puedan provocar. Y que gracias a esa evoluci\u00f3n, puedan encontrar la paz y puedan reparar parte del da\u00f1o que cre\u00f3 esta acci\u00f3n desesperada.<\/p>\n<p>Recomiendo mucho verla. Y a pesar de no tener una valoraci\u00f3n cin\u00e9fila enorme, es una buen\u00edsima pel\u00edcula, con estupenda ambientaci\u00f3n y fotograf\u00eda, as\u00ed como m\u00fasica. Y buenos actores.<\/p>\n<p>&nbsp;<\/p>\n<p><iframe loading=\"lazy\" src=\"https:\/\/www.youtube.com\/embed\/BkDImkIwX78?rel=0\" width=\"560\" height=\"315\" frameborder=\"0\" allowfullscreen=\"allowfullscreen\"><\/iframe><br \/>\n<a href=\"http:\/\/peliculasyadopcion.blogspot.com.es\/\" target=\"_blank\" rel=\"noopener noreferrer\"> <div class='divider' > <\/div> <\/a><a href=\"http:\/\/peliculasyadopcion.blogspot.com.es\/\" target=\"_blank\" rel=\"noopener noreferrer\"><img loading=\"lazy\" decoding=\"async\" class=\"aligncenter wp-image-6538 size-full\" src=\"http:\/\/adopcionpuntodeencuentro.com\/web\/wp-content\/uploads\/JOSEIGNACIOBIOGRAF\u00cda-con-possit.jpg\" alt=\"\" width=\"889\" height=\"438\" srcset=\"https:\/\/adopcionpuntodeencuentro.com\/web\/wp-content\/uploads\/JOSEIGNACIOBIOGRAF\u00cda-con-possit.jpg 889w, https:\/\/adopcionpuntodeencuentro.com\/web\/wp-content\/uploads\/JOSEIGNACIOBIOGRAF\u00cda-con-possit-150x74.jpg 150w, https:\/\/adopcionpuntodeencuentro.com\/web\/wp-content\/uploads\/JOSEIGNACIOBIOGRAF\u00cda-con-possit-400x197.jpg 400w, https:\/\/adopcionpuntodeencuentro.com\/web\/wp-content\/uploads\/JOSEIGNACIOBIOGRAF\u00cda-con-possit-768x378.jpg 768w, https:\/\/adopcionpuntodeencuentro.com\/web\/wp-content\/uploads\/JOSEIGNACIOBIOGRAF\u00cda-con-possit-600x296.jpg 600w\" sizes=\"(max-width: 889px) 100vw, 889px\" \/><\/a><\/p>\n<h3><strong>Para saber m\u00e1s sobre Jos\u00e9 Ignacio D\u00edaz Carvajal pincha en la imagen.<\/strong><\/h3>\n<p>&nbsp;<\/p>\n","protected":false},"excerpt":{"rendered":"<p>Una magn\u00edfica pel\u00edcula, protagonizada por Michael Fassbender , Alicia Vikander y Rachel Weisz, que toca un mont\u00f3n de temas relacionados con la paternidad y la adopci\u00f3n: los duelos por los hijos, tenidos o no; la obnubilaci\u00f3n , hasta el delito, por conseguir ser madre; el no tener en cuenta el mayor inter\u00e9s del menor; las repercusiones que tiene en un menor el haber vivido forzadamente en otra familia y volver a la de origen&#8230;.<\/p>\n","protected":false},"author":1,"featured_media":8410,"comment_status":"open","ping_status":"open","sticky":false,"template":"","format":"standard","meta":{"footnotes":""},"categories":[86,267,113],"tags":[],"_links":{"self":[{"href":"https:\/\/adopcionpuntodeencuentro.com\/web\/wp-json\/wp\/v2\/posts\/8404"}],"collection":[{"href":"https:\/\/adopcionpuntodeencuentro.com\/web\/wp-json\/wp\/v2\/posts"}],"about":[{"href":"https:\/\/adopcionpuntodeencuentro.com\/web\/wp-json\/wp\/v2\/types\/post"}],"author":[{"embeddable":true,"href":"https:\/\/adopcionpuntodeencuentro.com\/web\/wp-json\/wp\/v2\/users\/1"}],"replies":[{"embeddable":true,"href":"https:\/\/adopcionpuntodeencuentro.com\/web\/wp-json\/wp\/v2\/comments?post=8404"}],"version-history":[{"count":3,"href":"https:\/\/adopcionpuntodeencuentro.com\/web\/wp-json\/wp\/v2\/posts\/8404\/revisions"}],"predecessor-version":[{"id":8412,"href":"https:\/\/adopcionpuntodeencuentro.com\/web\/wp-json\/wp\/v2\/posts\/8404\/revisions\/8412"}],"wp:featuredmedia":[{"embeddable":true,"href":"https:\/\/adopcionpuntodeencuentro.com\/web\/wp-json\/wp\/v2\/media\/8410"}],"wp:attachment":[{"href":"https:\/\/adopcionpuntodeencuentro.com\/web\/wp-json\/wp\/v2\/media?parent=8404"}],"wp:term":[{"taxonomy":"category","embeddable":true,"href":"https:\/\/adopcionpuntodeencuentro.com\/web\/wp-json\/wp\/v2\/categories?post=8404"},{"taxonomy":"post_tag","embeddable":true,"href":"https:\/\/adopcionpuntodeencuentro.com\/web\/wp-json\/wp\/v2\/tags?post=8404"}],"curies":[{"name":"wp","href":"https:\/\/api.w.org\/{rel}","templated":true}]}}