{"id":9098,"date":"2018-04-24T09:31:13","date_gmt":"2018-04-24T07:31:13","guid":{"rendered":"http:\/\/adopcionpuntodeencuentro.com\/web\/?p=9098"},"modified":"2018-07-05T10:26:51","modified_gmt":"2018-07-05T08:26:51","slug":"problemas-derivados-de-la-situacion-de-divorcio-entre-los-padres-adoptivos-por-jose-antonio-reguilon","status":"publish","type":"post","link":"https:\/\/adopcionpuntodeencuentro.com\/web\/problemas-derivados-de-la-situacion-de-divorcio-entre-los-padres-adoptivos-por-jose-antonio-reguilon\/","title":{"rendered":"Problemas derivados de la situaci\u00f3n de divorcio entre los padres adoptivos. Por Jos\u00e9 Antonio Reguil\u00f3n"},"content":{"rendered":"<h1>Problemas de los padres que se desencadenan en la relaci\u00f3n con sus hijos.<\/h1>\n<p><a href=\"http:\/\/adopcionpuntodeencuentro.com\/web\/wp-content\/uploads\/divorcio000001.jpg\"><img loading=\"lazy\" decoding=\"async\" class=\"alignleft wp-image-9112\" src=\"http:\/\/adopcionpuntodeencuentro.com\/web\/wp-content\/uploads\/divorcio000001-450x337.jpg\" alt=\"\" width=\"550\" height=\"412\" srcset=\"https:\/\/adopcionpuntodeencuentro.com\/web\/wp-content\/uploads\/divorcio000001-450x337.jpg 450w, https:\/\/adopcionpuntodeencuentro.com\/web\/wp-content\/uploads\/divorcio000001-150x112.jpg 150w, https:\/\/adopcionpuntodeencuentro.com\/web\/wp-content\/uploads\/divorcio000001-768x575.jpg 768w, https:\/\/adopcionpuntodeencuentro.com\/web\/wp-content\/uploads\/divorcio000001-1024x768.jpg 1024w\" sizes=\"(max-width: 550px) 100vw, 550px\" \/><\/a>El <em><strong>desencadenamiento<\/strong><\/em> es una palabra important\u00edsima que debemos tener muy en cuenta a lo largo de todo el proceso de adopci\u00f3n, desde el momento en el que nos proponemos adoptar hasta la edad adulta en nuestro hijo.<br \/>\nA lo largo de estos a\u00f1os de trabajo, nos parece fundamental se\u00f1alar a los padres adoptivos <strong>la distinci\u00f3n entre la <em>creaci\u00f3n<\/em> de un problema y el <em>desencadenamiento<\/em> del mismo<\/strong>.<br \/>\nDe cara a la convivencia con nuestro hijo es importante que hagamos un esfuerzo de reflexi\u00f3n para poder ver que no es lo mismo la consideraci\u00f3n de que nuestro hijo nos est\u00e1 creando un problema a plantearnos que nos desencadena algo que no estaba del todo solucionado o suficientemente elaborado en nuestra vida.<\/p>\n<p>En este sentido, podemos incluir una situaci\u00f3n que actualmente parece ir en aumento; nos referimos a los divorcios entre los padres adoptivos, aumento paralelo al de los divorcios en general.<br \/>\nPodemos decir, con la experiencia de estos a\u00f1os transcurridos, que en los divorcios existen causas que son de los padres, y que el ni\u00f1o viene a ocupar el lugar de desencadenante de los conflictos anteriormente no elaborados.<br \/>\nTambi\u00e9n es evidente que el ni\u00f1o pone de su parte y que ya sabemos: el modo de vincularse de algunos ni\u00f1os haci\u00e9ndose expulsar en vez de dejarse acoger.<br \/>\nLa vivencia para un ni\u00f1o adoptado tras la ruptura de los padres, es de desprotecci\u00f3n.<br \/>\nLo que representaban los padres para el ni\u00f1o, esto es, un lugar real y simb\u00f3lico de asegurarse el abandono sufrido, se convierte ahora, con el divorcio en el lugar donde se repite el abandono primero.<br \/>\nPor lo tanto la vivencia es de desprotecci\u00f3n. Como consecuencia, es frecuente que, en todas y cada una de las etapas del desarrollo, desde la infancia, pasando por la etapa de latencia* y hasta la adolescencia, el ni\u00f1o pase por momentos regresivos y tambi\u00e9n agresivos.<\/p>\n<p>El ni\u00f1o tiene que defenderse de esta vivencia de desprotecci\u00f3n y por eso es frecuente que se refugie en una coraza protectora. Coraza que puede adoptar varias actitudes: desde la negaci\u00f3n del problema y la huida de la realidad, hasta la indiferencia m\u00e1s absoluta.<br \/>\nDe cualquier modo, la ansiedad, la tristeza y los miedos pueden aparecer como derivados de la situaci\u00f3n del divorcio de los padres.<\/p>\n<p><a href=\"http:\/\/adopcionpuntodeencuentro.com\/web\/wp-content\/uploads\/CAcustodia001.jpg\"><img loading=\"lazy\" decoding=\"async\" class=\"alignleft wp-image-9113\" src=\"http:\/\/adopcionpuntodeencuentro.com\/web\/wp-content\/uploads\/CAcustodia001-450x336.jpg\" alt=\"\" width=\"550\" height=\"410\" srcset=\"https:\/\/adopcionpuntodeencuentro.com\/web\/wp-content\/uploads\/CAcustodia001-450x336.jpg 450w, https:\/\/adopcionpuntodeencuentro.com\/web\/wp-content\/uploads\/CAcustodia001-150x112.jpg 150w, https:\/\/adopcionpuntodeencuentro.com\/web\/wp-content\/uploads\/CAcustodia001.jpg 677w\" sizes=\"(max-width: 550px) 100vw, 550px\" \/><\/a>As\u00ed por ejemplo, observamos que se producen rupturas en parejas que en el momento de la adopci\u00f3n no presentaban un proyecto com\u00fan en cuanto a la intensidad del deseo de adopci\u00f3n, por lo tanto no abordan bien los problemas del hijo.<br \/>\nEsto ocurre cuando uno de los miembros de la pareja hace suyo el deseo de adoptar y el otro es s\u00f3lo un acompa\u00f1ante pasivo de tal deseo y decisi\u00f3n.<br \/>\nDel mismo modo, observamos que tambi\u00e9n se producen rupturas en parejas cuyos miembros mantienen roles de funcionamiento familiar muy r\u00edgidos, con dificultades para dialogar sobre lo que cada cual hace o piensa ante los problemas del hijo.<br \/>\nEn esta situaci\u00f3n se producen alianzas entre los tres miembros de la familia que trastocan los lugares que cada cual debe ocupar: padre, madre e hijo. De manera que la alianza puede ir contra la madre o el padre, y tambi\u00e9n contra el hijo, lo que es sin duda, una agresi\u00f3n para el ni\u00f1o que ya ha sufrido un primer abandono.<br \/>\nPodemos decir entonces que, en algunas ocasiones, los padres se unen contra el ni\u00f1o o se separan por el ni\u00f1o. En ambos casos el causante de su ruptura, seg\u00fan los padres, es el ni\u00f1o.<\/p>\n<p>Ante estas situaciones la reflexi\u00f3n y el di\u00e1logo entre los padres son fundamentales. El esclarecimiento de lo que cada cual aporta como causa o como desencadenante es vital para la continuidad o la ruptura del v\u00ednculo familiar.<br \/>\nEl ni\u00f1o tiene a veces en sus manos la posibilidad de retraerse de la relaci\u00f3n, de no entregarse del todo al v\u00ednculo paternofilial, de suspender la relaci\u00f3n por temor o desconfianza derivados del abandono sufrido, tambi\u00e9n tenemos que decir que<strong> los padres con la ruptura de su relaci\u00f3n, se retiran de lo que no es posible retirarse: de las funciones materna y paterna, necesarias para el hijo, m\u00e1s all\u00e1 de su buena o mala relaci\u00f3n como pareja.<\/strong><\/p>\n<p>Estas situaciones de conflicto se pueden abordar, hay recursos para hacerles frente. La consulta en estos casos es importante, y los padres tienen a su disposici\u00f3n grupos de trabajo en las diferentes asociaciones y organismos dedicados a la adopci\u00f3n para atender estas situaciones de crisis. La experiencia de estos a\u00f1os nos ha permitido comprobar que a veces se rompe una familia sin haber analizado en su verdadera dimensi\u00f3n los problemas con los conflictos que producen la ruptura.<\/p>\n<p><em><a href=\"http:\/\/adopcionpuntodeencuentro.com\/web\/wp-content\/uploads\/divorcio00033.jpg\"><img loading=\"lazy\" decoding=\"async\" class=\"alignleft wp-image-9117\" src=\"http:\/\/adopcionpuntodeencuentro.com\/web\/wp-content\/uploads\/divorcio00033-450x299.jpg\" alt=\"\" width=\"550\" height=\"365\" srcset=\"https:\/\/adopcionpuntodeencuentro.com\/web\/wp-content\/uploads\/divorcio00033-450x299.jpg 450w, https:\/\/adopcionpuntodeencuentro.com\/web\/wp-content\/uploads\/divorcio00033-150x100.jpg 150w, https:\/\/adopcionpuntodeencuentro.com\/web\/wp-content\/uploads\/divorcio00033-768x510.jpg 768w, https:\/\/adopcionpuntodeencuentro.com\/web\/wp-content\/uploads\/divorcio00033-1024x680.jpg 1024w, https:\/\/adopcionpuntodeencuentro.com\/web\/wp-content\/uploads\/divorcio00033.jpg 2048w\" sizes=\"(max-width: 550px) 100vw, 550px\" \/><\/a>Los padres de Nicol\u00e1s, un ni\u00f1o b\u00falgaro de seis a\u00f1os, adoptado hace dos, est\u00e1n al borde de la separaci\u00f3n y argumentan de entrada razones de peso para la ruptura: el ni\u00f1o atiende, no aprende y se muestra indisciplinado siempre.<\/em><br \/>\n<em> El padre no tolera estas conductas y se muestra r\u00edgida en su forma de tratar al ni\u00f1o. La madre est\u00e1 medicada despu\u00e9s de una depresi\u00f3n posparto. Tuvo un embarazo, al a\u00f1o de llegar Nicol\u00e1s a la casa del que naci\u00f3 una ni\u00f1a.<\/em><br \/>\n<em>Para el padre, la causa de la separaci\u00f3n es el comportamiento de Nicol\u00e1s. El padre considera que la madre se lleva muy bien con el ni\u00f1o y lo consciente, lo que produce en \u00e9l\u00a0<\/em><em>una situaci\u00f3n de celos y de autoexclusi\u00f3n, aunque no lo reconoce.<\/em><\/p>\n<p>Cuando el padre reflexiona durante m\u00e1s tiempo sobre la rigidez de sus planteamientos educativos y sobre los motivos personales por los que no tolera la conducta de su hijo, es cuando la amenaza de separaci\u00f3n se disuelve, o al menos se retrasa, y se intenta establecer entre los miembros de la familia una relaci\u00f3n basada en un v\u00ednculo m\u00e1s maduro.<\/p>\n<p>Por ese motivo, <strong>hay que distinguir entre la <em>causa<\/em> de los problemas y de los conflictos y el <em>desencadenante<\/em> de los mismos<\/strong>.<br \/>\nLos<strong> desencadenantes<\/strong> pueden ser motivos graves, pero a veces tambi\u00e9n circunstancias o contingencias de la vida de las que no estamos nunca libres de todo. Las causas siempre hay que buscarlas, en \u00faltima instancia, en la realidad ps\u00edquica de los padres y del hijo, y no tanto en las razones objetivas de la realidad; porque, a fin de cuentas, el v\u00ednculo entre ellos se deber\u00e1 cuidar a lo largo de toda la vida.<\/p>\n<h4>De cualquier forma, podemos hablar de tres etapas en el v\u00ednculo entre los padres adoptivos hijos:<\/h4>\n<p>1. Una etapa de adaptaci\u00f3n e integraci\u00f3n primera, derivada del deseo de tener un hijo y del deseo de tener unos padres.<\/p>\n<p>2. Otra etapa en la que aparece el ni\u00f1o con sus peculiaridades, lo que hemos denominado la diferencia entre el ni\u00f1o ideal o esperado y el ni\u00f1o real.<\/p>\n<p>3. Una tercera etapa, la etapa adolescente en la que se recolocan de manera definitiva las relaciones entre los padres y los hijos en la que la adopci\u00f3n se define claramente por ambas partes. El ni\u00f1o adopta definitivamente a los padres, despu\u00e9s de la crisis adolescente, y los padres aceptan al hijo tal como es y quiere ser.<\/p>\n<h4><a href=\"http:\/\/reguilon.es\/team\/jose-antonio-reguilon-martin\/\" target=\"_blank\" rel=\"noopener\"><strong>Jos\u00e9 Antonio Reguil\u00f3n<\/strong><\/a><\/h4>\n<p>__________________________<\/p>\n<p>*<em><strong>Etapa de latencia<\/strong><\/em>\u00a0&#8211; Para el psicoan\u00e1lisis, etapa del desarrollo psicosexual situada entre los seis o siete a\u00f1os y la pubertad.(Nota del editor)<\/p>\n<p>Del libro:\u00a0\u201c<strong>El Reto de ser padres. gu\u00eda pr\u00e1ctica de postadopci\u00f3n\u201d<\/strong> Direcci\u00f3n: <strong>Juan Jos\u00e9 Garc\u00eda Ferrer.<\/strong> Coordinaci\u00f3n:<a href=\"http:\/\/adopcionpuntodeencuentro.com\/web\/?s=Juan+Alonso+Casalilla+Gal%C3%A1n\" target=\"_blank\" rel=\"noopener\"><strong> Juan Alonso Casalilla Gal\u00e1n<\/strong><\/a>.Editorial Salvat-Bru\u00f1o. (<em>Fuera de Cat\u00e1logo)<\/em><\/p>\n<p>Libro eminentemente pr\u00e1ctico, muy visual y divulgativo. Trata todos aquellos aspectos que los padres adoptivos necesitan conocer para realizar con \u00e9xito el apasionante proyecto de criar y educar a un hijo. Cada cap\u00edtulo desarrolla los temas desde la visi\u00f3n cient\u00edfica que aportan la psicolog\u00eda, la pedagog\u00eda y la sociolog\u00eda, los humaniza con experiencias y testimonios vivos de padres y los convierte en una herramienta \u00fatil por medio de pautas o consejos muy claros. El equipo de autores, dirigidos por <strong>Juan Jos\u00e9 Garc\u00eda Ferrer<\/strong> constituye un conjunto de expertos de primera l\u00ednea que viene avalado por su gran experiencia en el campo de la adopci\u00f3n.<\/p>\n<p><img loading=\"lazy\" decoding=\"async\" class=\"alignleft wp-image-9099\" src=\"http:\/\/adopcionpuntodeencuentro.com\/web\/wp-content\/uploads\/GUIA-RETO.jpg\" alt=\"\" width=\"257\" height=\"337\" srcset=\"https:\/\/adopcionpuntodeencuentro.com\/web\/wp-content\/uploads\/GUIA-RETO.jpg 596w, https:\/\/adopcionpuntodeencuentro.com\/web\/wp-content\/uploads\/GUIA-RETO-114x150.jpg 114w, https:\/\/adopcionpuntodeencuentro.com\/web\/wp-content\/uploads\/GUIA-RETO-343x450.jpg 343w, https:\/\/adopcionpuntodeencuentro.com\/web\/wp-content\/uploads\/GUIA-RETO-586x768.jpg 586w\" sizes=\"(max-width: 257px) 100vw, 257px\" \/><\/p>\n<p><b>Tapa dura:<\/b>\u00a0296 p\u00e1ginas<\/p>\n<p><b>Editor:<\/b>\u00a0Bru\u00f1o; Edici\u00f3n: edici\u00f3n (6 de mayo de 2008)<\/p>\n<p><b>Colecci\u00f3n:<\/b>\u00a0Castellano &#8211; Salvat &#8211; Maternidad \/ Psicolog\u00eda<\/p>\n<p><b>Idioma:<\/b>\u00a0Espa\u00f1ol<\/p>\n<p><b>ISBN-10:<\/b>\u00a08421680285<\/p>\n<p><b>ISBN-13:<\/b>\u00a0978-8421680285<\/p>\n<div class='divider' > <\/div>\n<h2><a href=\"http:\/\/adopcionpuntodeencuentro.com\/web\/wp-content\/uploads\/reguil\u00f3n.png\"><img loading=\"lazy\" decoding=\"async\" class=\"aligncenter size-full wp-image-9100\" src=\"http:\/\/adopcionpuntodeencuentro.com\/web\/wp-content\/uploads\/reguil\u00f3n.png\" alt=\"\" width=\"1901\" height=\"851\" srcset=\"https:\/\/adopcionpuntodeencuentro.com\/web\/wp-content\/uploads\/reguil\u00f3n.png 1901w, https:\/\/adopcionpuntodeencuentro.com\/web\/wp-content\/uploads\/reguil\u00f3n-150x67.png 150w, https:\/\/adopcionpuntodeencuentro.com\/web\/wp-content\/uploads\/reguil\u00f3n-450x201.png 450w, https:\/\/adopcionpuntodeencuentro.com\/web\/wp-content\/uploads\/reguil\u00f3n-768x344.png 768w, https:\/\/adopcionpuntodeencuentro.com\/web\/wp-content\/uploads\/reguil\u00f3n-1024x458.png 1024w\" sizes=\"(max-width: 1901px) 100vw, 1901px\" \/><\/a><\/h2>\n<div class='divider' > <\/div>\n<p><iframe loading=\"lazy\" style=\"width: 120px; height: 240px;\" src=\"https:\/\/rcm-eu.amazon-adsystem.com\/e\/cm?ref=qf_sp_asin_til&amp;t=adopcionpu095-21&amp;m=amazon&amp;o=30&amp;p=8&amp;l=as1&amp;IS1=1&amp;asins=8484600904&amp;linkId=5b4499c8e50686e9c52327fbf8f2b278&amp;bc1=FFFFFF&amp;lt1=_top&amp;fc1=333333&amp;lc1=0066C0&amp;bg1=FFFFFF&amp;f=ifr\" width=\"300\" height=\"150\" frameborder=\"0\" marginwidth=\"0\" marginheight=\"0\" scrolling=\"no\"><br \/>\n<\/iframe><\/p>\n","protected":false},"excerpt":{"rendered":"<p>La vivencia para un ni\u00f1o adoptado tras la ruptura de los padres, es de desprotecci\u00f3n.El ni\u00f1o tiene que defenderse de esta vivencia de desprotecci\u00f3n y por eso es frecuente que se refugie en una coraza protectora. Coraza que puede adoptar varias actitudes: desde la negaci\u00f3n del problema y la huida de la realidad, hasta la indiferencia m\u00e1s absoluta.<br \/>\nDe cualquier modo, la ansiedad, la tristeza y los miedos pueden aparecer como derivados de la situaci\u00f3n del divorcio de los padres.<\/p>\n","protected":false},"author":1,"featured_media":9111,"comment_status":"open","ping_status":"open","sticky":false,"template":"","format":"standard","meta":{"footnotes":""},"categories":[75,74,5,280,31,269,264,4,1],"tags":[27,45,230,55,13,32,79,70],"_links":{"self":[{"href":"https:\/\/adopcionpuntodeencuentro.com\/web\/wp-json\/wp\/v2\/posts\/9098"}],"collection":[{"href":"https:\/\/adopcionpuntodeencuentro.com\/web\/wp-json\/wp\/v2\/posts"}],"about":[{"href":"https:\/\/adopcionpuntodeencuentro.com\/web\/wp-json\/wp\/v2\/types\/post"}],"author":[{"embeddable":true,"href":"https:\/\/adopcionpuntodeencuentro.com\/web\/wp-json\/wp\/v2\/users\/1"}],"replies":[{"embeddable":true,"href":"https:\/\/adopcionpuntodeencuentro.com\/web\/wp-json\/wp\/v2\/comments?post=9098"}],"version-history":[{"count":18,"href":"https:\/\/adopcionpuntodeencuentro.com\/web\/wp-json\/wp\/v2\/posts\/9098\/revisions"}],"predecessor-version":[{"id":9149,"href":"https:\/\/adopcionpuntodeencuentro.com\/web\/wp-json\/wp\/v2\/posts\/9098\/revisions\/9149"}],"wp:featuredmedia":[{"embeddable":true,"href":"https:\/\/adopcionpuntodeencuentro.com\/web\/wp-json\/wp\/v2\/media\/9111"}],"wp:attachment":[{"href":"https:\/\/adopcionpuntodeencuentro.com\/web\/wp-json\/wp\/v2\/media?parent=9098"}],"wp:term":[{"taxonomy":"category","embeddable":true,"href":"https:\/\/adopcionpuntodeencuentro.com\/web\/wp-json\/wp\/v2\/categories?post=9098"},{"taxonomy":"post_tag","embeddable":true,"href":"https:\/\/adopcionpuntodeencuentro.com\/web\/wp-json\/wp\/v2\/tags?post=9098"}],"curies":[{"name":"wp","href":"https:\/\/api.w.org\/{rel}","templated":true}]}}