{"id":9136,"date":"2018-04-22T21:47:58","date_gmt":"2018-04-22T19:47:58","guid":{"rendered":"http:\/\/adopcionpuntodeencuentro.com\/web\/?p=9136"},"modified":"2018-04-22T21:47:58","modified_gmt":"2018-04-22T19:47:58","slug":"no-estamos-solosmariposas-en-el-corazon-la-adopcion-desde-dentro","status":"publish","type":"post","link":"https:\/\/adopcionpuntodeencuentro.com\/web\/no-estamos-solosmariposas-en-el-corazon-la-adopcion-desde-dentro\/","title":{"rendered":"No estamos solos\u2026Mariposas en el coraz\u00f3n.La adopci\u00f3n desde dentro."},"content":{"rendered":"<p><img loading=\"lazy\" decoding=\"async\" class=\"alignleft wp-image-9137\" src=\"http:\/\/adopcionpuntodeencuentro.com\/web\/wp-content\/uploads\/mariposas-23-001.jpg\" alt=\"\" width=\"586\" height=\"711\" srcset=\"https:\/\/adopcionpuntodeencuentro.com\/web\/wp-content\/uploads\/mariposas-23-001.jpg 733w, https:\/\/adopcionpuntodeencuentro.com\/web\/wp-content\/uploads\/mariposas-23-001-124x150.jpg 124w, https:\/\/adopcionpuntodeencuentro.com\/web\/wp-content\/uploads\/mariposas-23-001-371x450.jpg 371w, https:\/\/adopcionpuntodeencuentro.com\/web\/wp-content\/uploads\/mariposas-23-001-633x768.jpg 633w\" sizes=\"(max-width: 586px) 100vw, 586px\" \/>Cuando <a href=\"http:\/\/mariamartintitos.com\/\" target=\"_blank\" rel=\"noopener\">Mar\u00eda Mart\u00edn Titos<\/a> me fich\u00f3 como una de <a href=\"https:\/\/mariposasenelcorazonlibro.com\/autoras\/\" target=\"_blank\" rel=\"noopener\">las cinco escritoras<\/a> de Mariposas en el coraz\u00f3n\u2026 el libro no ten\u00eda nombre aunque si un prop\u00f3sito claro: ten\u00edamos que contar nuestra historia de manera honesta, explicar a quien quisiera saberlo, nuestra verdad sobre adopci\u00f3n, y ten\u00edamos que hacerlo siendo capaces de trasmitir el mensaje de que pese a lo dif\u00edcil y duro que puede llegar a ser, en ocasiones, adoptar merece la pena. Mucho.<br \/>\nNuestras diez adopciones, las que sumamos entre nosotras cinco son una clara muestra de ello. Experiencias de procesos de m\u00e1s de diez a\u00f1os, experiencias como madres con ni\u00f1os de todas las edades, venidos de todas partes, y a todas las edades, adopciones desde beb\u00e9s hasta una ni\u00f1a de diez a\u00f1os, de nacionalidades diferentes, China, Europa del este, Europa oriental y Espa\u00f1a forman el panorama de las experiencias que quisimos compartir. Nuestras experiencias. Pero la esencia de este libro va m\u00e1s all\u00e1 de nuestras historias, es el compromiso de contar desde nuestro coraz\u00f3n y de verdad la adopci\u00f3n desde dentro. Las preocupaciones, las angustias lo solas e incluso lo \u201cmalas madres\u201d que a veces nos sent\u00edamos.<br \/>\nParec\u00eda que una vez llegados los hijos a nuestra familia se nos hab\u00edan acabado los problemas a las madres y padres adoptivos.<br \/>\nNadie nos dijo por ejemplo, que el v\u00ednculo, eso que en biolog\u00eda parece venir de serie, podr\u00eda tardar tanto en manifestar sus primeros s\u00edntomas de que se estaba consolidando. Nos dec\u00edan que una adopci\u00f3n se consolidaba cuando el ni\u00f1o adoptaba a sus padres\u2026 pero nadie nos dijo en qu\u00e9 consist\u00eda eso\u2026<br \/>\nUno de los valores de \u00ab<a href=\"https:\/\/mariposasenelcorazonlibro.com\/\" target=\"_blank\" rel=\"noopener\">Mariposas del Coraz\u00f3n. La adopci\u00f3n desde dentro<\/a>\u00bb es haber contribuido a romper con el hermetismo que resid\u00eda en las familias adoptivas, muchas veces motivado por la ignorancia que ten\u00edamos sobre lo que de verdad consist\u00eda el crear esos v\u00ednculos, construir esa familia, la gran mayor\u00eda de las madres lo que sab\u00edamos de eso proven\u00eda de los libros que otras madres hab\u00edan escrito sobre sus procesos, unas historias narradas por supuesto en clave de amor, pero mostrando s\u00f3lo la parte m\u00e1s amable y te\u00f1ida de un color rosa chicle que todas las que est\u00e1bamos en proceso de adopci\u00f3n masc\u00e1bamos y sabore\u00e1bamos con fruici\u00f3n pero que cuando nos encontramos con la realidad que nos toc\u00f3 vivir, en nada se parec\u00eda a lo que hab\u00edamos le\u00eddo (como solemos decir \u201cno hab\u00eda violines, ni nos envolvi\u00f3 una tenue gasa que lo tamizaba todo\u2026\u201d).<br \/>\nLa llegada a casa tras cuatro a\u00f1os de proceso, de tira y afloja con las administraciones, la burocracia de los pa\u00edses implicados, miles de kil\u00f3metros en aviones, tras un mes en un pa\u00eds extranjero, otro mes de tensa espera hasta que te confirman la sentencia de paternidad\/maternidad firme, otros muchos miles de kil\u00f3metros m\u00e1s burocracia y obst\u00e1culos inesperados\u2026esa tan esperada y tan so\u00f1ada llegada a casa se te antoja como si convertida en alpinista hubieras decidido escalar la cara sur del Anna Purna en el Himalaya y tras a\u00f1os de preparaci\u00f3n y una ascensi\u00f3n \u00e9pica hasta culminar los m\u00e1s de ocho mil metros que supone llegar hasta tu objetivo, logras al fin culminar la ascensi\u00f3n.<br \/>\nSiguiendo con el s\u00edmil, a nadie le sonara raro que quien culminara tan \u00e9pica acci\u00f3n llegara agotado, feliz seguro, pero absolutamente al l\u00edmite de sus fuerzas\u2026 \u00a1y ahora toca bajar!<br \/>\nImaginaos que esos alpinistas cuando se quejasen de que estaban agotados, de que estaban al borde de la fatiga extrema, con los nervios desechos por la tensi\u00f3n, la falta de sue\u00f1o, los fen\u00f3menos meteorol\u00f3gicos (nosotros en Kazajist\u00e1n llegamos a estar a -37 grados) y todo lo que te puedas imaginar, cuando al llegar cansados y sin fuerzas alguien les dijera \u00bf\u00bf\u00a1\u00a1Pero qu\u00e9 os cre\u00edas que era escalar!!?? O c\u00f3mo hemos tenido que escuchar algunas de nosotras\u2026 \u00bfPero qu\u00e9 te cre\u00edas que era ser madre? \u2026Desde afuera se ve muy bonito \u00bfverdad\u2026?<br \/>\n<img loading=\"lazy\" decoding=\"async\" class=\"alignleft wp-image-9139\" src=\"http:\/\/adopcionpuntodeencuentro.com\/web\/wp-content\/uploads\/AlexCamara.jpg\" alt=\"\" width=\"544\" height=\"363\" srcset=\"https:\/\/adopcionpuntodeencuentro.com\/web\/wp-content\/uploads\/AlexCamara.jpg 1024w, https:\/\/adopcionpuntodeencuentro.com\/web\/wp-content\/uploads\/AlexCamara-150x100.jpg 150w, https:\/\/adopcionpuntodeencuentro.com\/web\/wp-content\/uploads\/AlexCamara-450x300.jpg 450w, https:\/\/adopcionpuntodeencuentro.com\/web\/wp-content\/uploads\/AlexCamara-768x512.jpg 768w\" sizes=\"(max-width: 544px) 100vw, 544px\" \/>He puesto la similitud con el alpinismo, porque me parece muy descriptiva, porque las madres y padres adoptivos cuando al fin culminan su proceso de adopci\u00f3n se sienten igualmente agotados. Porque el proceso de adopci\u00f3n es agotador. Emocional y f\u00edsicamente. Ilusionante claro que s\u00ed, pero demoledor. Y no se puede comparar con el nacimiento de un hijo, porque no es lo mismo, ni socialmente es apreciado del mismo modo ni tiene el mismo respaldo ni percepci\u00f3n.<br \/>\nEsa es una de las cosas que habr\u00eda que modificar en los procesos adoptivos, habr\u00eda que procurar como en otros pa\u00edses europeos un acompa\u00f1amiento, un seguimiento de verdad y sin \u00e1nimo de lucro, un apoyo y una ayuda para que la transici\u00f3n de esos ni\u00f1os y esos padres de absolutos desconocidos a familiares incondicionales fuera m\u00e1s sencillo, mejor comprendido por todos.<br \/>\nLos padres aprendiendo a no esperar reacciones de los ni\u00f1os que en principio no se dan, ayudarles a que entiendan que por m\u00e1s que se empe\u00f1en y se vuelquen en ellos, los ni\u00f1os han de aprender a su ritmo y muchos lo hacen, muy lentamente, a llenar de significados, de nuevos significados ese \u201cpap\u00e1\u201d y \u201cmam\u00e1\u201d que parecen salirles tan naturales\u2026<br \/>\nDepende de las edades de los ni\u00f1os a veces no conocen el significado de la palabra madre o lo que conocen como contenido de esas entra\u00f1ables palabras, para ellos no lo son, al contrario, a veces esa palabra mam\u00e1 est\u00e1 llena de connotaciones negativas que luego con el paso de los a\u00f1os y la magia de los nuevos cuidados y los enigmas de la adolescencia pueden llegar a olvidarse e incluso tornarse en significados muy diferentes embellecidos por fantas\u00edas.<br \/>\nLos ni\u00f1os han de aprender a su vez, entre un mill\u00f3n de cosas, que esta nueva familia no es mudable ni provisional, que son para siempre y que por muy a prueba que se empe\u00f1en en ponerles, esas personas est\u00e1n empe\u00f1adas en quererles y ayudarles velando por su bien.<br \/>\n<a href=\"https:\/\/mariposasenelcorazonlibro.com\/\" target=\"_blank\" rel=\"noopener\">\u201cMariposas en el coraz\u00f3n. La adopci\u00f3n desde dentro<\/a>\u201d habla de procesos adoptivos pero desde el otro lado, que cuenta c\u00f3mo cada una de las que escribimos este libro, vive su experiencia con cada ni\u00f1o, diez ni\u00f1os, diez experiencias, experiencias personales que tras su lectura muchas madres se han encontrado diciendo \u201cesto lo he vivido yo\u201d,\u201cesto me ha pasado a m\u00ed\u201d.<br \/>\nCreo que es un libro para acompa\u00f1ar. Un libro situado en el umbral que se abre paso entre la pre-adopci\u00f3n a la post- adopci\u00f3n, un antes y un despu\u00e9s de esa puerta herm\u00e9tica, tras las que se guardaban emociones y sentimientos que parec\u00eda no se pod\u00edan compartir.<\/p>\n<p><a href=\"https:\/\/mercedesmoya.com\/\" target=\"_blank\" rel=\"noopener\">Mercedes Moya<\/a><\/p>\n<p><a href=\"http:\/\/adopcionpuntodeencuentro.com\/web\/wp-content\/uploads\/biografia-Mercedes-2017.png\"><img loading=\"lazy\" decoding=\"async\" class=\"alignleft size-full wp-image-8334\" src=\"http:\/\/adopcionpuntodeencuentro.com\/web\/wp-content\/uploads\/biografia-Mercedes-2017.png\" alt=\"\" width=\"1261\" height=\"503\" srcset=\"https:\/\/adopcionpuntodeencuentro.com\/web\/wp-content\/uploads\/biografia-Mercedes-2017.png 1261w, https:\/\/adopcionpuntodeencuentro.com\/web\/wp-content\/uploads\/biografia-Mercedes-2017-150x60.png 150w, https:\/\/adopcionpuntodeencuentro.com\/web\/wp-content\/uploads\/biografia-Mercedes-2017-450x180.png 450w, https:\/\/adopcionpuntodeencuentro.com\/web\/wp-content\/uploads\/biografia-Mercedes-2017-768x306.png 768w, https:\/\/adopcionpuntodeencuentro.com\/web\/wp-content\/uploads\/biografia-Mercedes-2017-1024x408.png 1024w\" sizes=\"(max-width: 1261px) 100vw, 1261px\" \/><\/a><\/p>\n<div class='divider' > <\/div>\n<p><a href=\"https:\/\/mariposasenelcorazonlibro.com\/contacto\/\"><img loading=\"lazy\" decoding=\"async\" class=\"alignleft wp-image-4863 \" src=\"http:\/\/adopcionpuntodeencuentro.com\/web\/wp-content\/uploads\/boton-compra-mariposas.png\" alt=\"\" width=\"138\" height=\"237\" srcset=\"https:\/\/adopcionpuntodeencuentro.com\/web\/wp-content\/uploads\/boton-compra-mariposas.png 161w, https:\/\/adopcionpuntodeencuentro.com\/web\/wp-content\/uploads\/boton-compra-mariposas-87x150.png 87w\" sizes=\"(max-width: 138px) 100vw, 138px\" \/><\/a><\/p>\n","protected":false},"excerpt":{"rendered":"<p>Un libro que habla de procesos adoptivos pero desde el otro lado, que cuenta c\u00f3mo cada una de las que escribimos este libro, vive su experiencia con cada ni\u00f1o, diez ni\u00f1os, diez experiencias, experiencias personales que tras su lectura muchas madres se han encontrado diciendo \u201cesto lo he vivido yo\u201d,\u201cesto me ha pasado a m\u00ed\u201d.<\/p>\n","protected":false},"author":1,"featured_media":0,"comment_status":"open","ping_status":"open","sticky":false,"template":"","format":"standard","meta":{"footnotes":""},"categories":[145,267,75,31,269,228,255],"tags":[27,69,49,230,55,32],"_links":{"self":[{"href":"https:\/\/adopcionpuntodeencuentro.com\/web\/wp-json\/wp\/v2\/posts\/9136"}],"collection":[{"href":"https:\/\/adopcionpuntodeencuentro.com\/web\/wp-json\/wp\/v2\/posts"}],"about":[{"href":"https:\/\/adopcionpuntodeencuentro.com\/web\/wp-json\/wp\/v2\/types\/post"}],"author":[{"embeddable":true,"href":"https:\/\/adopcionpuntodeencuentro.com\/web\/wp-json\/wp\/v2\/users\/1"}],"replies":[{"embeddable":true,"href":"https:\/\/adopcionpuntodeencuentro.com\/web\/wp-json\/wp\/v2\/comments?post=9136"}],"version-history":[{"count":3,"href":"https:\/\/adopcionpuntodeencuentro.com\/web\/wp-json\/wp\/v2\/posts\/9136\/revisions"}],"predecessor-version":[{"id":9141,"href":"https:\/\/adopcionpuntodeencuentro.com\/web\/wp-json\/wp\/v2\/posts\/9136\/revisions\/9141"}],"wp:attachment":[{"href":"https:\/\/adopcionpuntodeencuentro.com\/web\/wp-json\/wp\/v2\/media?parent=9136"}],"wp:term":[{"taxonomy":"category","embeddable":true,"href":"https:\/\/adopcionpuntodeencuentro.com\/web\/wp-json\/wp\/v2\/categories?post=9136"},{"taxonomy":"post_tag","embeddable":true,"href":"https:\/\/adopcionpuntodeencuentro.com\/web\/wp-json\/wp\/v2\/tags?post=9136"}],"curies":[{"name":"wp","href":"https:\/\/api.w.org\/{rel}","templated":true}]}}