{"id":9262,"date":"2018-05-11T09:33:50","date_gmt":"2018-05-11T07:33:50","guid":{"rendered":"http:\/\/adopcionpuntodeencuentro.com\/web\/?p=9262"},"modified":"2018-05-11T10:02:03","modified_gmt":"2018-05-11T08:02:03","slug":"adopcine-con-jose-ignacio-diaz-carvajal-un-cuento-para-olivia","status":"publish","type":"post","link":"https:\/\/adopcionpuntodeencuentro.com\/web\/adopcine-con-jose-ignacio-diaz-carvajal-un-cuento-para-olivia\/","title":{"rendered":"ADOPCINE con Jos\u00e9 Ignacio D\u00edaz Carvajal. Un cuento para Olivia"},"content":{"rendered":"<p>Un cuento para Olivia, es una pel\u00edcula espa\u00f1ola, dirigida por Manane Rodr\u00edguez, en 2008. Cuenta la adopci\u00f3n de una ni\u00f1a de 6 a\u00f1os, sudamericana, por parte de una familia espa\u00f1ola. Pero con un tono m\u00e1s de cuento, y con la magia del pensamiento infantil. Expresa los problemas que pueden encontrarse\u00a0 nuestros ni\u00f1os y ni\u00f1as cuando llegan a los colegios sin que les preparen o les integren adecuadamente. Y que no tengan en cuenta sus diferencias culturales y personales.<\/p>\n<p>Por otro lado esta ni\u00f1a no tiene afianzado el v\u00ednculo con esta pareja y siente que puede ser devuelta en cualquier momento y se comporta en funci\u00f3n de este temor.<\/p>\n<p>Una Pel\u00edcula con cierto encanto, que merece la pena ver.<\/p>\n<p><img loading=\"lazy\" decoding=\"async\" class=\"alignleft\" src=\"http:\/\/adopcionpuntodeencuentro.com\/web\/wp-content\/uploads\/ADOPCINE-1.png\" width=\"395\" height=\"184\" \/><\/p>\n<p>&nbsp;<\/p>\n<p><strong><a title=\"JIgnacio biograf\u00eda\" href=\"http:\/\/wp.me\/p56Gk1-p9\" target=\"_blank\" rel=\"noopener noreferrer\">Jos\u00e9 Ignacio D\u00edaz Carvajal,<\/a>\u00a0 Gran cin\u00e9filo y colaborador y<a href=\"http:\/\/adopcionpuntodeencuentro.com\/web\/presentacion\/\" target=\"_blank\" rel=\"noopener noreferrer\">\u00a0de AAPE\u00a0<\/a>dirige esta secci\u00f3n y \u00a0cada semana aprendemos mucho a trav\u00e9s de las historias \u00a0con tem\u00e1tica adoptiva que \u00e9l nos sugiere.<br \/>\nAdopcine es el cine desde la mirada adoptiva.\u00a0Pel\u00edculas, documentales y v\u00eddeos que tratan la tem\u00e1tica de adopci\u00f3n y de acogimiento.<\/strong><\/p>\n<p>&nbsp;<\/p>\n<h1><span style=\"color: #f2133c;\">Un cuento para Olivia (2008)\u00a0<\/span><\/h1>\n<p><img loading=\"lazy\" decoding=\"async\" class=\"alignleft size-full wp-image-9263\" src=\"http:\/\/adopcionpuntodeencuentro.com\/web\/wp-content\/uploads\/olivia001.jpg\" alt=\"\" width=\"500\" height=\"750\" srcset=\"https:\/\/adopcionpuntodeencuentro.com\/web\/wp-content\/uploads\/olivia001.jpg 500w, https:\/\/adopcionpuntodeencuentro.com\/web\/wp-content\/uploads\/olivia001-100x150.jpg 100w, https:\/\/adopcionpuntodeencuentro.com\/web\/wp-content\/uploads\/olivia001-300x450.jpg 300w\" sizes=\"(max-width: 500px) 100vw, 500px\" \/>Director: Manane Rodr\u00edguez<br \/>\nEspa\u00f1a<br \/>\n2008<br \/>\n90 min<br \/>\nDrama<\/p>\n<p>Sinopsis: Olivia, una ni\u00f1a sudamericana de 6 a\u00f1os, es adoptada por una pareja espa\u00f1ola. La nueva vida en la que se embarcan va a deparar a Olivia y a sus padres distintos e inesperados retos que superar. (FILMAFFINITY)<\/p>\n<p>Valoraci\u00f3n cin\u00e9fila 5\/10<br \/>\nValoraci\u00f3n adopci\u00f3n 8\/10<\/p>\n<p>Esta pel\u00edcula es un verdadero cuento sobre una ni\u00f1a que es adoptada. Pero a la que le pasan cosas de las que realmente le ocurren a muchos ni\u00f1os y ni\u00f1as adoptados: Que no se sientan seguros con la nueva familia. Que quieran volverse, por miedo a que los echen. Que sientan que est\u00e9n a prueba. Que tengan comportamientos extra\u00f1os con los juguetes y con los compa\u00f1eros. O que tengan mucha fantas\u00eda y mucho contacto con la magia de las cosas.<\/p>\n<p>Olivia, que es muy desconfiada y terca, es adoptada por una familia que quer\u00eda un beb\u00e9 ni\u00f1a. Cuando llega a Espa\u00f1a la abruman con regalos, con visitas de familiares (que no siempre la aceptan, como sus primitos) La meten en la escuela sin preparaci\u00f3n&#8230;de hecho no sabe escribir, ni leer y all\u00ed est\u00e1 ella como una m\u00e1s, haciendo que no le importa. (Est\u00e1 claro que falta la realidad de la adopci\u00f3n: la formaci\u00f3n de los padres, el cuidado que se pide para no abrumar a los ni\u00f1os al principio, el no saturarles con juguetes, con regalos, con personas&#8230;etc)<br \/>\nLos chicos le hacen bullying&#8230;por \u00abindia\u00bb y ella lo sufre en silencio, queriendo volverse a casa y pag\u00e1ndolo con la familia, diciendoles que no son sus padres y dudando mucho de ellos.<\/p>\n<p>En la escuela se dan cosas t\u00edpicas, como la negaci\u00f3n de la diferencia por parte del profesorado y el empe\u00f1o en tratarla como a los dem\u00e1s&#8230;cuando viene de otra cultura, con otros niveles educativos y con mucho miedo a todo.<\/p>\n<p>Al final estos padres pueden entenderla, aunque se les escapa de casa y est\u00e1 obsesionada con que la van a devolver.<br \/>\nLo que podr\u00eda haber sido un fracaso en la adopci\u00f3n acaba siendo todo un \u00e9xito.<br \/>\nUn cuento de final feliz&#8230;aunque con alguna sorpresa final.<\/p>\n<p>&nbsp;<\/p>\n<p><iframe loading=\"lazy\" src=\"https:\/\/www.youtube.com\/embed\/iUau37OAaq8?rel=0&amp;controls=0\" width=\"560\" height=\"315\" frameborder=\"0\" allowfullscreen=\"allowfullscreen\"><\/iframe><br \/>\n<div class='divider' > <\/div>\n<p><a href=\"http:\/\/peliculasyadopcion.blogspot.com.es\/\" target=\"_blank\" rel=\"noopener noreferrer\"><img loading=\"lazy\" decoding=\"async\" class=\"aligncenter wp-image-6538 size-full\" src=\"http:\/\/adopcionpuntodeencuentro.com\/web\/wp-content\/uploads\/JOSEIGNACIOBIOGRAF\u00cda-con-possit.jpg\" alt=\"\" width=\"889\" height=\"438\" srcset=\"https:\/\/adopcionpuntodeencuentro.com\/web\/wp-content\/uploads\/JOSEIGNACIOBIOGRAF\u00cda-con-possit.jpg 889w, https:\/\/adopcionpuntodeencuentro.com\/web\/wp-content\/uploads\/JOSEIGNACIOBIOGRAF\u00cda-con-possit-150x74.jpg 150w, https:\/\/adopcionpuntodeencuentro.com\/web\/wp-content\/uploads\/JOSEIGNACIOBIOGRAF\u00cda-con-possit-400x197.jpg 400w, https:\/\/adopcionpuntodeencuentro.com\/web\/wp-content\/uploads\/JOSEIGNACIOBIOGRAF\u00cda-con-possit-768x378.jpg 768w, https:\/\/adopcionpuntodeencuentro.com\/web\/wp-content\/uploads\/JOSEIGNACIOBIOGRAF\u00cda-con-possit-600x296.jpg 600w\" sizes=\"(max-width: 889px) 100vw, 889px\" \/><\/a><\/p>\n<h3><strong>Para saber m\u00e1s sobre Jos\u00e9 Ignacio D\u00edaz Carvajal pincha en la imagen.<br \/>\n<\/strong><\/h3>\n","protected":false},"excerpt":{"rendered":"<p>Pel\u00edcula espa\u00f1ola que cuenta la adopci\u00f3n de una ni\u00f1a de 6 a\u00f1os, sudamericana, por parte de una familia espa\u00f1ola. Pero con un tono m\u00e1s de cuento, y con la magia del pensamiento infantil. Expresa los problemas que pueden encontrarse\u00a0 nuestros ni\u00f1os y ni\u00f1as cuando llegan a los colegios sin que les preparen o les integren adecuadamente. Y no se tienen en cuenta sus diferencias culturales y personales<\/p>\n","protected":false},"author":1,"featured_media":9263,"comment_status":"open","ping_status":"open","sticky":false,"template":"","format":"standard","meta":{"footnotes":""},"categories":[86,113,74,4,11],"tags":[],"_links":{"self":[{"href":"https:\/\/adopcionpuntodeencuentro.com\/web\/wp-json\/wp\/v2\/posts\/9262"}],"collection":[{"href":"https:\/\/adopcionpuntodeencuentro.com\/web\/wp-json\/wp\/v2\/posts"}],"about":[{"href":"https:\/\/adopcionpuntodeencuentro.com\/web\/wp-json\/wp\/v2\/types\/post"}],"author":[{"embeddable":true,"href":"https:\/\/adopcionpuntodeencuentro.com\/web\/wp-json\/wp\/v2\/users\/1"}],"replies":[{"embeddable":true,"href":"https:\/\/adopcionpuntodeencuentro.com\/web\/wp-json\/wp\/v2\/comments?post=9262"}],"version-history":[{"count":5,"href":"https:\/\/adopcionpuntodeencuentro.com\/web\/wp-json\/wp\/v2\/posts\/9262\/revisions"}],"predecessor-version":[{"id":9290,"href":"https:\/\/adopcionpuntodeencuentro.com\/web\/wp-json\/wp\/v2\/posts\/9262\/revisions\/9290"}],"wp:featuredmedia":[{"embeddable":true,"href":"https:\/\/adopcionpuntodeencuentro.com\/web\/wp-json\/wp\/v2\/media\/9263"}],"wp:attachment":[{"href":"https:\/\/adopcionpuntodeencuentro.com\/web\/wp-json\/wp\/v2\/media?parent=9262"}],"wp:term":[{"taxonomy":"category","embeddable":true,"href":"https:\/\/adopcionpuntodeencuentro.com\/web\/wp-json\/wp\/v2\/categories?post=9262"},{"taxonomy":"post_tag","embeddable":true,"href":"https:\/\/adopcionpuntodeencuentro.com\/web\/wp-json\/wp\/v2\/tags?post=9262"}],"curies":[{"name":"wp","href":"https:\/\/api.w.org\/{rel}","templated":true}]}}