{"id":9633,"date":"2018-02-13T09:55:37","date_gmt":"2018-02-13T08:55:37","guid":{"rendered":"http:\/\/adopcionpuntodeencuentro.com\/web\/?p=9633"},"modified":"2018-08-14T19:34:00","modified_gmt":"2018-08-14T17:34:00","slug":"adopcine-con-jose-ignacio-diaz-carvajal-el-joven-papa","status":"publish","type":"post","link":"https:\/\/adopcionpuntodeencuentro.com\/web\/adopcine-con-jose-ignacio-diaz-carvajal-el-joven-papa\/","title":{"rendered":"ADOPCINE con Jos\u00e9 Ignacio D\u00edaz Carvajal. El Joven Papa."},"content":{"rendered":"<p>The Young Pope es una magn\u00edfica serie de televisi\u00f3n, de 2016, con Jude Law y Diane Keaton , como los protagonistas principales, que nos habla de los estragos y consecuencias del abandono y el acogimiento institucional, en un ni\u00f1o que ahora adulto resulta que es el Papa.<\/p>\n<p>Un Papa que sigue buscando a sus padres, que no sabe ejercer como un buen padre de la cristiandad. Que retiene a su monja cuidadora, en la infancia, como a una figura de la que depende emocionalmente. Que tiene signos en su comportamiento extra\u00f1o, de que el abandono le ha marcado enormemente. Pudiendo sacarse lecturas interesant\u00edsimas a sus relaciones con otros sacerdotes, con mujeres del entorno, madres, familias, y lo que para \u00e9l signifiquen sus hijos&#8230;los cristianos. Un Santo Padre, que es un padre abandonador y arbitrario, que crea enigmas y vac\u00edos en la vida de sus seguidores. Y al que le falta el amor. Y se refugia en el poder.<\/p>\n<p>Una serie inteligente, divertida y algo irreverente.<\/p>\n<p>Puede encontrarse en la plataforma HBO.<\/p>\n<p><img loading=\"lazy\" decoding=\"async\" class=\"alignleft\" src=\"http:\/\/adopcionpuntodeencuentro.com\/web\/wp-content\/uploads\/ADOPCINE-1.png\" width=\"395\" height=\"184\" \/><\/p>\n<p>&nbsp;<\/p>\n<p><strong><a title=\"JIgnacio biograf\u00eda\" href=\"http:\/\/wp.me\/p56Gk1-p9\" target=\"_blank\" rel=\"noopener noreferrer\">J.Ignacio D\u00edaz Carvajal,<\/a>\u00a0 Gran colaborador y<a href=\"http:\/\/adopcionpuntodeencuentro.com\/web\/presentacion\/\" target=\"_blank\" rel=\"noopener noreferrer\">\u00a0socio de AAPE\u00a0<\/a>dirige esta secci\u00f3n y \u00a0cada semana aprendemos mucho a trav\u00e9s de las historias \u00a0con tem\u00e1tica adoptiva que \u00e9l nos sugiere.<br \/>\nAdopcine es el cine desde la mirada adoptiva.\u00a0Pel\u00edculas, documentales y v\u00eddeos que tratan la tem\u00e1tica de adopci\u00f3n y de acogimiento.<\/strong><\/p>\n<h1><\/h1>\n<h1><span style=\"color: #f5075e;\">The Young Pope (Il giovane papa) (TV Series) (2016)<\/span><\/h1>\n<p><img loading=\"lazy\" decoding=\"async\" class=\" wp-image-9635 alignleft\" src=\"http:\/\/adopcionpuntodeencuentro.com\/web\/wp-content\/uploads\/10-seriale-la-care-te-poti-uita-in-vacanta-de-1-ma-3-870x1289-518x768.jpg\" alt=\"\" width=\"495\" height=\"734\" srcset=\"https:\/\/adopcionpuntodeencuentro.com\/web\/wp-content\/uploads\/10-seriale-la-care-te-poti-uita-in-vacanta-de-1-ma-3-870x1289-518x768.jpg 518w, https:\/\/adopcionpuntodeencuentro.com\/web\/wp-content\/uploads\/10-seriale-la-care-te-poti-uita-in-vacanta-de-1-ma-3-870x1289-101x150.jpg 101w, https:\/\/adopcionpuntodeencuentro.com\/web\/wp-content\/uploads\/10-seriale-la-care-te-poti-uita-in-vacanta-de-1-ma-3-870x1289-304x450.jpg 304w, https:\/\/adopcionpuntodeencuentro.com\/web\/wp-content\/uploads\/10-seriale-la-care-te-poti-uita-in-vacanta-de-1-ma-3-870x1289-768x1138.jpg 768w, https:\/\/adopcionpuntodeencuentro.com\/web\/wp-content\/uploads\/10-seriale-la-care-te-poti-uita-in-vacanta-de-1-ma-3-870x1289.jpg 870w\" sizes=\"(max-width: 495px) 100vw, 495px\" \/>Director: Paolo Sorrentino<br \/>\nItalia<br \/>\n600 min<br \/>\nSerie de TV<br \/>\nComedia dram\u00e1tica.<br \/>\nJude Law, Diane Keaton, Silvio Orlando, Javier C\u00e1mara&#8230;<\/p>\n<p>Sinopsis: un nuevo Papa es elegido de forma inesperada para todos, y realmente nadie sabe c\u00f3mo piensa ni la pol\u00edtica que va a realizar.<br \/>\nComienza a plantear cambios ultraconservadores que chocan con todos y se aleja del gran p\u00fablico, dejando de \u00abexhibirse\u00bb. Consiguiendo mediante una estrategia de ocultaci\u00f3n, crear m\u00e1s anhelo sobre el misterio que representa.<br \/>\nChoca con todo el mundo, pero est\u00e1 convencido que tiene una misi\u00f3n, y desde fuera hay muchos que le consideran un santo.<\/p>\n<p>Valoraci\u00f3n cin\u00e9fila 8\/10<br \/>\nValoraci\u00f3n adopci\u00f3n 9\/10<\/p>\n<p>Esta serie de Paolo Sorrentino, que podemos ver en la plataforma de HBO, es una magn\u00edfica oportunidad de ver los entresijos de la curia vaticana, las posibles intrigas pol\u00edticas, las miserias de los representantes eclesiales, su humanidad al fin y al cabo. Y c\u00f3mo no est\u00e1n libres de dudas, faltas de fe, deseo, sexo, ansias de poder, rarezas, adicciones&#8230;<br \/>\nBien, pues en este contexto se nos plantea una situaci\u00f3n importante de la trama. El protagonista y algunos de los que le rodean, es hu\u00e9rfano y fue abandonado en un orfanato regentado por una monja que har\u00e1 de madre acogedora, tanto de \u00e9l , como de otro chico que tambi\u00e9n llegar\u00e1 a cardenal.<br \/>\nEste Papa estar\u00e1 condicionado en sus actuaciones y en su car\u00e1cter, por este abandono y por la necesidad de buscar a esos padres que le abandonaron (con los que sue\u00f1a constantemente, y a los que imagina en muchos lugares y anhela verlos de nuevo)<\/p>\n<p>No hay una explicaci\u00f3n al abandono, pero menos a que siendo ahora una de las personas m\u00e1s famosas del mundo, sigan estos padres sin inter\u00e9s de ponerse en contacto con este hijo. S\u00f3lo se nos dice que eran dos hippies, que quisieron vivir su vida, pero lo abandonan con ocho a\u00f1os.<br \/>\nPodr\u00edamos interpretar que los rasgos de su car\u00e1cter como su egocentrismo, su soledad radical, su falta de empat\u00eda, su alejamiento de lo afectivo y de confiar emocionalmente en nadie&#8230;est\u00e1n condicionados por su abandono traum\u00e1tico.<br \/>\nDe hecho \u00e9l abandona, siendo el Santo \u00abPadre\u00bb a todos su hijos, a los que no se les muestra nunca y que su vez le vuelven la espalda. Tiene comportamientos muy excentricos, que no tienen en cuenta a los dem\u00e1s, casi nunca y se olvida de la compasi\u00f3n, de la piedad, de valores humanos y cristianos, que chocan mucho. Claro que estamos en una obra ir\u00f3nica, c\u00f3mica a veces, cr\u00edtica&#8230;pero que con continuos falshbacks deja claro que estos lodos vienen de aquellos polvos, y que este personaje est\u00e1 comport\u00e1ndose como le permite aquella situaci\u00f3n traum\u00e1tica de abandono parental.<br \/>\nQuiz\u00e1s el autor justifique estas arbitrariedades, este despotismo, este exceso de poder, y su juego con las personas y no considerarlas casi nunca sino como elementos a manipular o usar, basando al personaje en alguien que no pudo tener un verdadero hogar, que vivi\u00f3 teniendo que auto-sostenerse a s\u00ed mismo y teniendo que hacer una b\u00fasqueda de s\u00ed mismo y de sus padres, sin un verdadero sost\u00e9n.<br \/>\nNo pudo apoyarse m\u00e1s que en un padre espiritual, y en una madre monja, que le condicionan la vocaci\u00f3n de alguna manera. Pero no le dan un verdadero entorno afectivo y un apego seguro.<br \/>\nHasta cierto punto, podr\u00edamos considerar que tenemos un ejemplo de apego evitativo, que elige no vincularse, no mostrarse, para no sufrir m\u00e1s.<br \/>\nRecomiendo verla, por su originalidad, su inteligencia, aunque a veces sea algo vac\u00eda o flaquee en algunos personajes o tramas. Pero en general atrapa, con buenas actuaciones, buena m\u00fasica, buen vestuario y escenograf\u00eda&#8230;Y tiene este leit motiv de la b\u00fasqueda de sus padres por un ni\u00f1o abandonado que resulta que es Papa.<\/p>\n<p><iframe loading=\"lazy\" src=\"https:\/\/www.youtube.com\/embed\/5jg77i_nqbY?rel=0&amp;controls=0&amp;showinfo=0\" width=\"560\" height=\"315\" frameborder=\"0\" allowfullscreen=\"allowfullscreen\"><\/iframe> <iframe loading=\"lazy\" src=\"https:\/\/www.youtube.com\/embed\/a7ITbD9Tj-U?rel=0&amp;controls=0\" width=\"560\" height=\"315\" frameborder=\"0\" allowfullscreen=\"allowfullscreen\"><\/iframe><\/p>\n<div class='divider' > <\/div>\n<p><a href=\"http:\/\/peliculasyadopcion.blogspot.com.es\/\" target=\"_blank\" rel=\"noopener noreferrer\"><img loading=\"lazy\" decoding=\"async\" class=\"aligncenter wp-image-6538 size-full\" src=\"http:\/\/adopcionpuntodeencuentro.com\/web\/wp-content\/uploads\/JOSEIGNACIOBIOGRAF\u00cda-con-possit.jpg\" alt=\"\" width=\"889\" height=\"438\" srcset=\"https:\/\/adopcionpuntodeencuentro.com\/web\/wp-content\/uploads\/JOSEIGNACIOBIOGRAF\u00cda-con-possit.jpg 889w, https:\/\/adopcionpuntodeencuentro.com\/web\/wp-content\/uploads\/JOSEIGNACIOBIOGRAF\u00cda-con-possit-150x74.jpg 150w, https:\/\/adopcionpuntodeencuentro.com\/web\/wp-content\/uploads\/JOSEIGNACIOBIOGRAF\u00cda-con-possit-400x197.jpg 400w, https:\/\/adopcionpuntodeencuentro.com\/web\/wp-content\/uploads\/JOSEIGNACIOBIOGRAF\u00cda-con-possit-768x378.jpg 768w, https:\/\/adopcionpuntodeencuentro.com\/web\/wp-content\/uploads\/JOSEIGNACIOBIOGRAF\u00cda-con-possit-600x296.jpg 600w\" sizes=\"(max-width: 889px) 100vw, 889px\" \/><\/a><\/p>\n<h3><strong>Para saber m\u00e1s sobre Jos\u00e9 Ignacio D\u00edaz Carvajal pincha en la imagen.<br \/>\n<\/strong><\/h3>\n<p>&nbsp;<\/p>\n","protected":false},"excerpt":{"rendered":"<p>Serie de televisi\u00f3n, de  2016, una serie inteligente, divertida y algo irreverente con Jude Law y Diane Keaton , como los protagonistas principales, que nos habla de los estragos y consecuencias del abandono y el acogimiento institucional, en un ni\u00f1o que ahora adulto resulta que es el Papa. <\/p>\n","protected":false},"author":1,"featured_media":9635,"comment_status":"open","ping_status":"open","sticky":false,"template":"","format":"standard","meta":{"footnotes":""},"categories":[86,113,1],"tags":[],"_links":{"self":[{"href":"https:\/\/adopcionpuntodeencuentro.com\/web\/wp-json\/wp\/v2\/posts\/9633"}],"collection":[{"href":"https:\/\/adopcionpuntodeencuentro.com\/web\/wp-json\/wp\/v2\/posts"}],"about":[{"href":"https:\/\/adopcionpuntodeencuentro.com\/web\/wp-json\/wp\/v2\/types\/post"}],"author":[{"embeddable":true,"href":"https:\/\/adopcionpuntodeencuentro.com\/web\/wp-json\/wp\/v2\/users\/1"}],"replies":[{"embeddable":true,"href":"https:\/\/adopcionpuntodeencuentro.com\/web\/wp-json\/wp\/v2\/comments?post=9633"}],"version-history":[{"count":3,"href":"https:\/\/adopcionpuntodeencuentro.com\/web\/wp-json\/wp\/v2\/posts\/9633\/revisions"}],"predecessor-version":[{"id":9637,"href":"https:\/\/adopcionpuntodeencuentro.com\/web\/wp-json\/wp\/v2\/posts\/9633\/revisions\/9637"}],"wp:featuredmedia":[{"embeddable":true,"href":"https:\/\/adopcionpuntodeencuentro.com\/web\/wp-json\/wp\/v2\/media\/9635"}],"wp:attachment":[{"href":"https:\/\/adopcionpuntodeencuentro.com\/web\/wp-json\/wp\/v2\/media?parent=9633"}],"wp:term":[{"taxonomy":"category","embeddable":true,"href":"https:\/\/adopcionpuntodeencuentro.com\/web\/wp-json\/wp\/v2\/categories?post=9633"},{"taxonomy":"post_tag","embeddable":true,"href":"https:\/\/adopcionpuntodeencuentro.com\/web\/wp-json\/wp\/v2\/tags?post=9633"}],"curies":[{"name":"wp","href":"https:\/\/api.w.org\/{rel}","templated":true}]}}